{"id":265666,"date":"2026-08-31T14:38:35","date_gmt":"2026-08-31T14:38:35","guid":{"rendered":"https:\/\/www.europesays.com\/lt\/265666\/"},"modified":"2026-08-31T14:38:35","modified_gmt":"2026-08-31T14:38:35","slug":"naujas-darbdavys-vilniuje-pradejo-veikla-planuoja-idarbinti-net-12-tukst-zmoniu","status":"publish","type":"post","link":"https:\/\/www.europesays.com\/lt\/265666\/","title":{"rendered":"Naujas darbdavys Vilniuje prad\u0117jo veikl\u0105: planuoja \u012fdarbinti net 1,2 t\u016bkst. \u017emoni\u0173"},"content":{"rendered":"<p class=\"wp-block-paragraph\">\u0160vedijos kapitalo bendrov\u0117 \u201eEvolution\u201c, kurianti pa\u017eangius skaitmeninius pramoginius produktus ir IT sprendimus, prad\u0117jo veikl\u0105 Vilniuje: atidar\u0117 biur\u0105 ir tiesiogini\u0173 transliacij\u0173 studijas. Vilniaus padalinyje darb\u0105 prad\u0117jo jau beveik 100 darbuotoj\u0173, ta\u010diau bendrov\u0117 numato aktyviai pl\u0117stis ir turi siek\u012f komand\u0105 i\u0161pl\u0117sti iki 1,2 t\u016bkst. \u017emoni\u0173.\u00a0<\/p>\n<p class=\"wp-block-paragraph\">Naujasis \u201eEvolution\u201c centras \u012fsik\u016br\u0117 verslo centre S28, Savanori\u0173 prospekte. \u010cia \u012frengtos modernios tiesiogini\u0173 transliacij\u0173 studijos, administracijos ir operacij\u0173 padaliniai. Bendrov\u0117 Vilniuje u\u017eima keturis pastato auk\u0161tus, kuriuose \u012frengta apie 100 transliacijoms skirt\u0173 stal\u0173.\u00a0<\/p>\n<p class=\"wp-block-paragraph\">\u201eVos prad\u0117j\u0119 darbuotoj\u0173 atrank\u0105 sulauk\u0117me didelio susidom\u0117jimo, o pirmosios komandos jau prad\u0117jo darb\u0105 naujajame biure. Tai patvirtina, kad Vilnius turi stipri\u0105 talent\u0173 baz\u0119 ir yra tinkama vieta tolesnei m\u016bs\u0173 veiklos pl\u0117trai. Toliau aktyviai ie\u0161kosime nauj\u0173 koleg\u0173 ir nuosekliai auginsime komand\u0105, kuri i\u0161 Lietuvos kurs paslaugas m\u016bs\u0173 verslo klientams \u012fvairiose pasaulio rinkose\u201c, \u2013 sako Aleksandras Mironenko, \u201eEvolution Lithuania\u201c vadovas.\u00a0<\/p>\n<p>Skaitykite taip pat<a class=\"miv-ax-rel-link\" href=\"https:\/\/madeinvilnius.lt\/verslas\/vilniaus-rinka\/lietuvoje-duris-atvers-naujas-prekybos-tinklas-atidarys-40-nauju-parduotuviu\/\" rel=\"nofollow noopener\" target=\"_blank\">Lietuvoje duris atvers naujas prekybos tinklas: atidarys 40 nauj\u0173 parduotuvi\u0173<\/a><a class=\"miv-ax-rel-link\" href=\"https:\/\/madeinvilnius.lt\/naujienos\/miestas\/vilniuje-prie-dronu-gamintojos-gresmingas-radinys-policija-sulaike-itariamaji\/\" rel=\"nofollow noopener\" target=\"_blank\">Vilniuje prie dron\u0173 gamintojos \u2013 gr\u0117smingas radinys: policija sulaik\u0117 \u012ftariam\u0105j\u012f<\/a><\/p>\n<p class=\"wp-block-paragraph\">Did\u017eioji dalis bendrov\u0117s si\u016blom\u0173 pozicij\u0173 orientuota \u012f jaunus \u017emones, sudarant jiems galimyb\u0119 dirbti lanks\u010diu darbo grafiku, derinti darb\u0105 su studijomis ar kitomis veiklomis. Daugiausia \u012fmon\u0117 ie\u0161ko tiesiogini\u0173 transliacij\u0173 studij\u0173 darbuotoj\u0173, taip pat administracijos, klient\u0173 aptarnavimo, technin\u0117s prie\u017ei\u016bros, IT ir kit\u0173 sri\u010di\u0173 specialist\u0173.\u00a0<\/p>\n<p class=\"wp-block-paragraph\">\u201eArtimiausiais m\u0117nesiais toliau auk\u0161tu tempu pl\u0117sime komand\u0105. Tai rei\u0161kia ne tik daug nauj\u0173 atvir\u0173 darbo viet\u0173, bet ir pla\u010dias ir greitas karjeros galimybes prisijungiantiems talentams. Jau \u0161iandien turime darbuotoj\u0173, kuriems, nors buvo samdomi pradedan\u010diosioms pozicijoms u\u017eimti, d\u0117l savo pademonstruot\u0173 geb\u0117jim\u0173 ir asmenini\u0173 savybi\u0173 buvo pasi\u016blytos auk\u0161tesn\u0117s administracin\u0117s pozicijos\u201c, \u2013 sako bendrov\u0117s vadovas.\u00a0<\/p>\n<p class=\"wp-block-paragraph\">Vilnius tapo antruoju Lietuvos miestu, kuriame \u201eEvolution\u201c atidar\u0117 biur\u0105. 2020 m. \u012f Lietuv\u0105 \u017eengusi \u0160vedijos kapitalo bendrov\u0117 pirm\u0105j\u012f savo padalin\u012f atidar\u0117 <a style=\"font-weight:bold;\" href=\"https:\/\/madeinvilnius.lt\/tema\/kaunas\/\" target=\"_blank\" rel=\"nofollow noopener\">Kaune<\/a>. \u0160iuo metu Kaune dirba beveik 1 t\u016bkst. darbuotoj\u0173, o pl\u0117tra \u012f Vilni\u0173 leis \u012fmonei i\u0161auginti bendr\u0105 darbuotoj\u0173 skai\u010di\u0173 iki daugiau nei 2 t\u016bkstan\u010di\u0173.<\/p>\n<p class=\"wp-block-paragraph\">Visame pasaulyje \u201eEvolution\u201c turi per 24 t\u016bkst. darbuotoj\u0173, o \u012fmon\u0117s padaliniai veikia daugiau nei 20-yje pasaulio \u0161ali\u0173 \u2013 Ispanijoje, <a style=\"font-weight:bold;\" href=\"https:\/\/madeinvilnius.lt\/tema\/jav\/\" target=\"_blank\" rel=\"nofollow noopener\">JAV<\/a>, Kanadoje, Brazilijoje, Argentinoje bei kitose \u0161alyse. Be Lietuvos, artimiausi \u201eEvolution\u201c biurai yra Rygoje, Taline ir Var\u0161uvoje.\u00a0<\/p>\n<p class=\"wp-block-paragraph\">\u201eEvolution\u201c (EVO) yra listinguojama \u201eNasdaq Stockholm\u201c vertybini\u0173 popieri\u0173 bir\u017eoje. 2025 metais bendrov\u0117s pajamos siek\u0117 2,066 mlrd. eur\u0173.\u00a0<\/p>\n","protected":false},"excerpt":{"rendered":"\u0160vedijos kapitalo bendrov\u0117 \u201eEvolution\u201c, kurianti pa\u017eangius skaitmeninius pramoginius produktus ir IT sprendimus, prad\u0117jo veikl\u0105 Vilniuje: atidar\u0117 biur\u0105 ir&hellip;\n","protected":false},"author":2,"featured_media":265667,"comment_status":"","ping_status":"","sticky":false,"template":"","format":"standard","meta":{"footnotes":"","_share_on_mastodon":"0"},"categories":[17],"tags":[81,559,37,39,36,38,40,65,46],"class_list":["post-265666","post","type-post","status-publish","format-standard","has-post-thumbnail","category-verslas","tag-business","tag-it","tag-lietuva","tag-lietuviu","tag-lithuania","tag-lithuanian","tag-lt","tag-naujiena","tag-verslas"],"share_on_mastodon":{"url":"https:\/\/pubeurope.com\/@lt\/117190636913538141","error":""},"_links":{"self":[{"href":"https:\/\/www.europesays.com\/lt\/wp-json\/wp\/v2\/posts\/265666","targetHints":{"allow":["GET"]}}],"collection":[{"href":"https:\/\/www.europesays.com\/lt\/wp-json\/wp\/v2\/posts"}],"about":[{"href":"https:\/\/www.europesays.com\/lt\/wp-json\/wp\/v2\/types\/post"}],"author":[{"embeddable":true,"href":"https:\/\/www.europesays.com\/lt\/wp-json\/wp\/v2\/users\/2"}],"replies":[{"embeddable":true,"href":"https:\/\/www.europesays.com\/lt\/wp-json\/wp\/v2\/comments?post=265666"}],"version-history":[{"count":0,"href":"https:\/\/www.europesays.com\/lt\/wp-json\/wp\/v2\/posts\/265666\/revisions"}],"wp:featuredmedia":[{"embeddable":true,"href":"https:\/\/www.europesays.com\/lt\/wp-json\/wp\/v2\/media\/265667"}],"wp:attachment":[{"href":"https:\/\/www.europesays.com\/lt\/wp-json\/wp\/v2\/media?parent=265666"}],"wp:term":[{"taxonomy":"category","embeddable":true,"href":"https:\/\/www.europesays.com\/lt\/wp-json\/wp\/v2\/categories?post=265666"},{"taxonomy":"post_tag","embeddable":true,"href":"https:\/\/www.europesays.com\/lt\/wp-json\/wp\/v2\/tags?post=265666"}],"curies":[{"name":"wp","href":"https:\/\/api.w.org\/{rel}","templated":true}]}}