{"id":265672,"date":"2026-08-31T14:41:59","date_gmt":"2026-08-31T14:41:59","guid":{"rendered":"https:\/\/www.europesays.com\/lt\/265672\/"},"modified":"2026-08-31T14:41:59","modified_gmt":"2026-08-31T14:41:59","slug":"ziniasklaida-muskas-sutinka-su-ukrainos-prasymu","status":"publish","type":"post","link":"https:\/\/www.europesays.com\/lt\/265672\/","title":{"rendered":"\u017diniasklaida: Muskas sutinka su Ukrainos pra\u0161ymu"},"content":{"rendered":"\n<p>Ukraina t\u0119sia derybas su JAV d\u0117l galimyb\u0117s naudoti palydovinio ry\u0161io sistem\u0105 \u201eStarlink\u201c Ukrainos gynybos reikm\u0117ms vir\u0161 Rusijos teritorijos.<\/p>\n<p>\u201eSu \u0161iuo klausimu susipa\u017ein\u0119 \u0161altiniai teig\u0117, kad Muskas anks\u010diau buvo sak\u0119s Fedorovui, jog b\u016bt\u0173 link\u0119s leisti Ukrainai naudoti \u201eStarlink\u201c \u012frang\u0105 turin\u010dius dronus u\u017e savo sien\u0173, siekiant smogti Rusijos taikiniams. Ta\u010diau, pasak \u0161i\u0173 \u0161altini\u0173, Muskas Ukrainai buvo nurod\u0119s, kad tai yra politinis sprendimas, kur\u012f turi priimti Baltieji r\u016bmai\u201c, \u2013 ra\u0161oma savaitgal\u012f paskelbtame \u201eFinancial Times\u201c tekste.<\/p>\n<p>Mychaila Fedorovas atsisak\u0117 komentuoti savo pokalbius su E. Musku. E. Muskas ir \u201eSpaceX\u201c taip pat neatsak\u0117 \u012f leidinio pra\u0161ymus pateikti komentarus.<\/p>\n<p>      Ukrainos ir Musko kontaktai d\u0117l \u201eScanpix\u201c  <\/p>\n<p>Ukrainos prezidentas <a href=\"https:\/\/www.tv3.lt\/gaires\/volodymyras-zelenskis\" target=\"_blank\" class=\"phrase\" rel=\"nofollow noopener\">Volodymyras Zelenskis<\/a> anks\u010diau rugpj\u016bt\u012f <a href=\"https:\/\/www.tv3.lt\/naujiena\/uzsienis\/muskui-zinia-is-ukrainos-zelenskis-skyre-ypatinga-apdovanojima-n1546581\" rel=\"nofollow noopener\" target=\"_blank\">apdovanojo E. Musk\u0105 Laisv\u0117s ordinu<\/a>.<\/p>\n<p>\u201eU\u017e i\u0161skirtinius asmeninius nuopelnus saugant \u017emogaus gyvyb\u0119 ir laisv\u0119 bei stiprinant Ukrainos ir Jungtini\u0173 Amerikos Valstij\u0173 taut\u0173 santykius Laisv\u0117s ordinu apdovanoju Jungtini\u0173 Amerikos Valstij\u0173 verslinink\u0105, in\u017einieri\u0173, bendrovi\u0173 \u201eSpaceX\u201c ir \u201e<a href=\"https:\/\/www.autobilis.lt\/skelbimai\/naudoti-automobiliai\/tesla\" target=\"_blank\" class=\"phrase\" rel=\"nofollow noopener\">Tesla\u201c<\/a> vadov\u0105 Elon\u0105 Musk\u0105\u201c, \u2013 teigiama dokumente.<\/p>\n<p>\u201eFinancial Times\u201c anks\u010diau yra skelb\u0119, kad \u201eStarlink\u201c palydovin\u012f internet\u0105 naudojantys dronai i\u0161laiko patikimesn\u012f ry\u0161\u012f su operatoriais didesniu atstumu nei \u012fprasti bepilo\u010diai orlaiviai. \u0160ie dronai taip pat yra ma\u017eiau jautr\u016bs trukd\u017eiams, tod\u0117l manoma, kad jie b\u016bt\u0173 labai naudingi \u201emed\u017eiojant\u201c balistini\u0173 raket\u0173 paleidimo sistemas.\u00a0<\/p>\n<p>Ukrainos prezidentas Volodymyras Zelenskis liepos m\u0117nes\u012f lankydamasis Va\u0161ingtone papra\u0161\u0117 JAV prezidento <a href=\"https:\/\/www.tv3.lt\/gaires\/donaldas-trumpas\" target=\"_blank\" class=\"phrase\" rel=\"nofollow noopener\">Donaldo Trumpo<\/a> pasikalb\u0117ti su E. Musku d\u0117l tokio leidimo naudoti \u201eStarlink\u201c. Tai leidiniui patvirtino susitikime dalyvav\u0119 \u0161altiniai.<\/p>\n<p>Ta\u010diau, \u0161altini\u0173 teigimu, D. Trumpas ai\u0161kaus atsakymo nedav\u0117. Jie mano, kad JAV prezidentas tokiam planui nepritar\u0117.<\/p>\n<p>\n                                        \u0160altinis:<br \/>\n                                                                                    ELTA ir tv3.lt\n                                                                                <\/p>\n<p>Kvie\u010diame atrasti nauj\u0105 tv3.lt turin\u012f! Nuo \u0161iol portale j\u016bs\u0173 laukia ne tik <a href=\"https:\/\/www.tv3.lt\/testai\" rel=\"nofollow noopener\" target=\"_blank\">kasdien nauji testai<\/a>, bet ir <a href=\"https:\/\/www.tv3.lt\/kryziazodziai\" rel=\"nofollow noopener\" target=\"_blank\">kry\u017eia\u017eod\u017eiai <\/a>\u2013 i\u0161bandykite savo \u017einias, spr\u0119skite ir smagiai praleiskite laik\u0105. <\/p>\n","protected":false},"excerpt":{"rendered":"Ukraina t\u0119sia derybas su JAV d\u0117l galimyb\u0117s naudoti palydovinio ry\u0161io sistem\u0105 \u201eStarlink\u201c Ukrainos gynybos reikm\u0117ms vir\u0161 Rusijos teritorijos.&hellip;\n","protected":false},"author":2,"featured_media":265673,"comment_status":"","ping_status":"","sticky":false,"template":"","format":"standard","meta":{"footnotes":"","_share_on_mastodon":"0"},"categories":[6],"tags":[38549,25,30,31,57,43,34,35,55,48,24,54,51,49,50,32,33,37,39,36,38,40,45,23,22,44,28,29,53,42,56,47,26,27,41,46,58,52],"class_list":["post-265672","post","type-post","status-publish","format-standard","has-post-thumbnail","category-antrastes","tag-2026-08-31-105857","tag-antrastes","tag-breaking-news","tag-breakingnews","tag-daiktai","tag-dienos-kronika","tag-featured-news","tag-featurednews","tag-gatves-tekstai","tag-gyvenimas","tag-headlines","tag-interneto-pievos","tag-keliones","tag-kultura","tag-laisvalaikis","tag-latest-news","tag-latestnews","tag-lietuva","tag-lietuviu","tag-lithuania","tag-lithuanian","tag-lt","tag-mokslas-ir-it","tag-naujienos","tag-news","tag-pasaulis","tag-populiariausios-naujienos","tag-populiariausiosnaujienos","tag-projektai","tag-rinktiniai-tekstai","tag-simtmecio-portalas","tag-sportas","tag-top-stories","tag-topstories","tag-tv3-lt","tag-verslas","tag-video","tag-zaidimai"],"share_on_mastodon":{"url":"","error":"Validation failed: Text character limit of 500 exceeded"},"_links":{"self":[{"href":"https:\/\/www.europesays.com\/lt\/wp-json\/wp\/v2\/posts\/265672","targetHints":{"allow":["GET"]}}],"collection":[{"href":"https:\/\/www.europesays.com\/lt\/wp-json\/wp\/v2\/posts"}],"about":[{"href":"https:\/\/www.europesays.com\/lt\/wp-json\/wp\/v2\/types\/post"}],"author":[{"embeddable":true,"href":"https:\/\/www.europesays.com\/lt\/wp-json\/wp\/v2\/users\/2"}],"replies":[{"embeddable":true,"href":"https:\/\/www.europesays.com\/lt\/wp-json\/wp\/v2\/comments?post=265672"}],"version-history":[{"count":0,"href":"https:\/\/www.europesays.com\/lt\/wp-json\/wp\/v2\/posts\/265672\/revisions"}],"wp:featuredmedia":[{"embeddable":true,"href":"https:\/\/www.europesays.com\/lt\/wp-json\/wp\/v2\/media\/265673"}],"wp:attachment":[{"href":"https:\/\/www.europesays.com\/lt\/wp-json\/wp\/v2\/media?parent=265672"}],"wp:term":[{"taxonomy":"category","embeddable":true,"href":"https:\/\/www.europesays.com\/lt\/wp-json\/wp\/v2\/categories?post=265672"},{"taxonomy":"post_tag","embeddable":true,"href":"https:\/\/www.europesays.com\/lt\/wp-json\/wp\/v2\/tags?post=265672"}],"curies":[{"name":"wp","href":"https:\/\/api.w.org\/{rel}","templated":true}]}}