{"id":265696,"date":"2026-08-31T15:14:27","date_gmt":"2026-08-31T15:14:27","guid":{"rendered":"https:\/\/www.europesays.com\/lt\/265696\/"},"modified":"2026-08-31T15:14:27","modified_gmt":"2026-08-31T15:14:27","slug":"jie-uz-tai-sumokes-merzas-ruosia-atsaka-ka-slepia-berlynas-karyba-www-technologijos-lt","status":"publish","type":"post","link":"https:\/\/www.europesays.com\/lt\/265696\/","title":{"rendered":"\u201eJie u\u017e tai sumok\u0117s\u201c: Merzas ruo\u0161ia atsak\u0105 \u2013 k\u0105 slepia Berlynas? :: Karyba :: www.technologijos.lt"},"content":{"rendered":"<p>Po nes\u0117kmingo i\u0161puolio Vokietijos Leipcigo oro uoste Berlynas rengia plataus masto sankcij\u0173 Rusijai paket\u0105.<\/p>\n<p>Vokietijos vyriausyb\u0117, vadovaujama Friedricho Merzo, tikriausiai rengiasi vie\u0161ai apkaltinti Rusij\u0105 d\u0117l nepavykusio i\u0161puolio Leipcigo oro uoste ir atsakyti grie\u017etu sankcij\u0173 paketu prie\u0161 Maskv\u0105.<\/p>\n<p>Apie tai <a href=\"https:\/\/www.welt.de\/politik\/ausland\/plus6a92a1bf518a586e1855c46f\/drohne-in-leipzig-zeitenwende-2-0-berlin-bereitet-umfassendes-massnahmenpaket-gegen-moskau-vor.html\" target=\"_blank\" rel=\"nofollow noopener\">prane\u0161a<\/a> \u201eWelt am Sonntag\u201c ir <a href=\"https:\/\/www.welt.de\/politik\/ausland\/plus6a92a1bf518a586e1855c46f\/drohne-in-leipzig-zeitenwende-2-0-berlin-bereitet-umfassendes-massnahmenpaket-gegen-moskau-vor.html\" target=\"_blank\" rel=\"nofollow noopener\">\u201ePolitico\u201c<\/a>, remdamiesi \u0161altiniais Vokietijos vyriausyb\u0117je.<\/p>\n<p>Straipsnyje teigiama, kad, atsi\u017evelgiant \u012f \u0161iuos l\u016bkes\u010dius, Vokietijos sostin\u0117je jau kalbama apie galim\u0105 \u201el\u016b\u017eio ta\u0161k\u0105\u201c.<\/p>\n<p>Vienas pagrindini\u0173 atsako element\u0173 tur\u0117t\u0173 b\u016bti naujas sankcij\u0173 Rusijai paketas. Tikimasi, kad apribojimai bus taikomi tiek Vokietijos, tiek Europos S\u0105jungos lygmeniu. Be to, gali b\u016bti padidintas ginkl\u0173 tiekimas Ukrainai.<\/p>\n<p>Oficialus prane\u0161imas apie priemones, kuri\u0173 bus imtasi, tur\u0117t\u0173 b\u016bti paskelbtas kitos savait\u0117s prad\u017eioje. Atskaitos ta\u0161ku laikomas ES u\u017esienio reikal\u0173 ministr\u0173 susitikimas, kuris antradien\u012f vyks Airijoje.<\/p>\n<p>Tuo pat metu galutinis sprendimas priklausys nuo Merzo. Atsi\u017evelgiant \u012f situacijos raid\u0105 ir vyriausyb\u0117s vadovo pozicij\u0105, atitinkamas parei\u0161kimas gali b\u016bti paskelbtas ir anks\u010diau.<\/p>\n<p>\u00a0<\/p>\n<p>Berlyne jau ruo\u0161iamasi grie\u017etai Maskvos reakcijai ir neatmetama galimyb\u0117, kad Rusijos pus\u0117 imsis atsakom\u0173j\u0173 veiksm\u0173.<\/p>\n<p>Iki \u0161iol Vokietijos pareig\u016bnai vie\u0161ai veng\u0117 tiesiogiai apkaltinti konkre\u010di\u0105 valstyb\u0119 d\u0117l incidento Leipcigo oro uoste. Vis\u0173 pirma Vokietijos vidaus reikal\u0173 ministras Aleksandras Dobrindtas kalb\u0117jo tik apie galim\u0105 \u201eu\u017esienio valstybi\u0173\u201c dalyvavim\u0105.<\/p>\n<p>Ta\u010diau Vokietijos vyriausyb\u0117s parei\u0161kim\u0173 tonas kei\u010diasi.<\/p>\n<p>Pavyzd\u017eiui, neseniai duodamas interviu RTL, Merzas parei\u0161k\u0117, kad federalin\u0117 vyriausyb\u0117 ketina artimiausiu metu \u012fvardyti asmenis, atsakingus u\u017e incident\u0105.<\/p>\n<p>\u201eFederalin\u0117 vyriausyb\u0117 nustato hibridini\u0173 atak\u0173 kain\u0105. Jie u\u017e tai sumok\u0117s\u201c, \u2013 pabr\u0117\u017e\u0117 vyriausyb\u0117s vadovas.<\/p>\n<p>\u00a0<\/p>\n","protected":false},"excerpt":{"rendered":"Po nes\u0117kmingo i\u0161puolio Vokietijos Leipcigo oro uoste Berlynas rengia plataus masto sankcij\u0173 Rusijai paket\u0105. Vokietijos vyriausyb\u0117, vadovaujama Friedricho&hellip;\n","protected":false},"author":2,"featured_media":265697,"comment_status":"","ping_status":"","sticky":false,"template":"","format":"standard","meta":{"footnotes":"","_share_on_mastodon":"0"},"categories":[6],"tags":[25,30,31,34,35,24,35674,121,16339,24721,32,33,37,39,36,38,40,23,22,24722,28,29,26,27],"class_list":["post-265696","post","type-post","status-publish","format-standard","has-post-thumbnail","category-antrastes","tag-antrastes","tag-breaking-news","tag-breakingnews","tag-featured-news","tag-featurednews","tag-headlines","tag-itampa-tarp-rusijos-ir-nato","tag-karas-ukrainoje","tag-karyba","tag-konfliktines-situacijos","tag-latest-news","tag-latestnews","tag-lietuva","tag-lietuviu","tag-lithuania","tag-lithuanian","tag-lt","tag-naujienos","tag-news","tag-nuolat-pildoma","tag-populiariausios-naujienos","tag-populiariausiosnaujienos","tag-top-stories","tag-topstories"],"share_on_mastodon":{"url":"https:\/\/pubeurope.com\/@lt\/117190778055091407","error":""},"_links":{"self":[{"href":"https:\/\/www.europesays.com\/lt\/wp-json\/wp\/v2\/posts\/265696","targetHints":{"allow":["GET"]}}],"collection":[{"href":"https:\/\/www.europesays.com\/lt\/wp-json\/wp\/v2\/posts"}],"about":[{"href":"https:\/\/www.europesays.com\/lt\/wp-json\/wp\/v2\/types\/post"}],"author":[{"embeddable":true,"href":"https:\/\/www.europesays.com\/lt\/wp-json\/wp\/v2\/users\/2"}],"replies":[{"embeddable":true,"href":"https:\/\/www.europesays.com\/lt\/wp-json\/wp\/v2\/comments?post=265696"}],"version-history":[{"count":0,"href":"https:\/\/www.europesays.com\/lt\/wp-json\/wp\/v2\/posts\/265696\/revisions"}],"wp:featuredmedia":[{"embeddable":true,"href":"https:\/\/www.europesays.com\/lt\/wp-json\/wp\/v2\/media\/265697"}],"wp:attachment":[{"href":"https:\/\/www.europesays.com\/lt\/wp-json\/wp\/v2\/media?parent=265696"}],"wp:term":[{"taxonomy":"category","embeddable":true,"href":"https:\/\/www.europesays.com\/lt\/wp-json\/wp\/v2\/categories?post=265696"},{"taxonomy":"post_tag","embeddable":true,"href":"https:\/\/www.europesays.com\/lt\/wp-json\/wp\/v2\/tags?post=265696"}],"curies":[{"name":"wp","href":"https:\/\/api.w.org\/{rel}","templated":true}]}}