{"id":265700,"date":"2026-08-31T15:24:22","date_gmt":"2026-08-31T15:24:22","guid":{"rendered":"https:\/\/www.europesays.com\/lt\/265700\/"},"modified":"2026-08-31T15:24:22","modified_gmt":"2026-08-31T15:24:22","slug":"kroatijos-atgimimas-pajegiausia-sudetis-ir-ranka-pasiekiamas-pc-naujienos","status":"publish","type":"post","link":"https:\/\/www.europesays.com\/lt\/265700\/","title":{"rendered":"Kroatijos atgimimas: paj\u0117giausia sud\u0117tis ir ranka pasiekiamas P\u010c \/ Naujienos"},"content":{"rendered":"<p>Kroatijos krep\u0161inyje \u2013 did\u017eiulis pakilimas. Tris paeiliui pagrindinius turnyrus praleidusi vyr\u0173 rinktin\u0117 dabar yra surinkusi galingiausi\u0105 sud\u0117t\u012f ir var\u017eydamasi d\u0117l vietos pasaulio \u010dempionate atsid\u016br\u0117 puikioje situacijoje.<\/p>\n<p>Sekmadienio vakar\u0105 <a href=\"https:\/\/www.basketnews.lt\/komandos\/306-croatia.html\" rel=\"nofollow noopener\" target=\"_blank\">Kroatija<\/a> Nyderlanduose po dviej\u0173 k\u0117lini\u0173 tur\u0117jo 14 ta\u0161k\u0173 deficit\u0105, bet atsities\u0117, o paskutin\u0117mis sekund\u0117mis du pramesti var\u017eov\u0173 trita\u0161kiai garantavo triumf\u0105 <a href=\"https:\/\/www.basketnews.lt\/rungtynes\/ziureti\/125520-nyderlandu-rinktine-kroatijos-rinktine.html\" rel=\"nofollow noopener\" target=\"_blank\">101:99<\/a>.<\/p>\n<p> Kroatijos rinktin\u0117s atgimimas <\/p>\n<p>\u0160i\u0105 pergal\u0119 apra\u0161\u0117 daug patirties turintis Kroatijos tinklalapio \u201eJutarnji.hr\u201c sporto \u017eurnalistas Tvrtko Pulji\u010dius.<\/p>\n<p>\u201ePaprastai, kai pasitaikydavo, jog \u012f rungtynes \u012f\u017eengiame netinkamai \u2013 nors kitoje aik\u0161t\u0117s pus\u0117je stov\u0117davo gerokai silpnesnis var\u017eovas \u2013, pabaigoje, lyg pati \u017eaidimo eiga dar neb\u016bt\u0173 pakankama bausm\u0117, ateidavo pa\u017eeminimas ir pralaim\u0117jimas. \u0160\u012f kart\u0105 taip nenutiko.\u00a0<\/p>\n<p>Gera \u017einia ta, kad Kroatija nesubyr\u0117jo, kad \u017eaid\u0117jai neprad\u0117jo kaltinti vieni kit\u0173, sk\u0117s\u010dioti rankomis ir reik\u0161ti priekai\u0161t\u0173, kaip da\u017enai b\u016bdavo tokiose rungtyn\u0117se. Ir jog suprato, kad visos problemos kyla tik i\u0161 j\u0173 pa\u010di\u0173.<\/p>\n<p><a href=\"https:\/\/www.basketnews.lt\/komandos\/1315-netherlands.html\" rel=\"nofollow noopener\" target=\"_blank\">Nyderlandai<\/a> patys savaime neprad\u0117jo \u017eaisti pras\u010diau, d\u0117l pergal\u0117s reik\u0117jo padirb\u0117ti. Nes tiesiog neegzistuoja \u2013 toks jau tikriausiai m\u016bs\u0173 mentalitetas \u2013 rungtyni\u0173, kurias b\u016bt\u0173 galima su\u017eaisti be \u012ftampos. Tiesiog taip, lengva ranka\u201c, \u2013 ra\u0161\u0117 Pulji\u010dius.<\/p>\n<p data-path-to-node=\"2\">Po \u0161ios pergal\u0117s <a href=\"https:\/\/www.basketnews.lt\/personalas\/1010-tomislav-mijatovi.html\" rel=\"nofollow noopener\" target=\"_blank\">Tomislavo Mijatovi\u010diaus<\/a> aukl\u0117tiniai\u00a0kontroliuoja situacij\u0105 grup\u0117je. Per likusius keturis turus kroatams u\u017etenka vienos pergal\u0117s, o dvikovoje su <a href=\"https:\/\/www.basketnews.lt\/komandos\/319-latvia.html\" rel=\"nofollow noopener\" target=\"_blank\">Latvija<\/a> jiems svarbu nepralaim\u0117ti daugiau nei 35 ta\u0161kais. \u0160i\u0173 dviej\u0173 s\u0105lyg\u0173 u\u017etekt\u0173, kad Kroatija oficialiai gaut\u0173 kelialap\u012f \u012f 2027 met\u0173 P\u010c Katare.<\/p>\n<p data-path-to-node=\"2\">Dar prie\u0161 metus tokie rezultatai Kroatijai atrod\u0117 kaip mira\u017eas. Jie nepateko \u012f 2025 met\u0173 Europos \u010dempionat\u0105, kuriame kaunasi 24 stipriausios \u017eemyno komandos, o vietoje to kartu su Norvegija ir Danija \u017eaid\u0117 kvalifikacijoje \u012f P\u010c atrank\u0105.<\/p>\n<p>Nuo to laiko kroatai demonstruoja de\u0161imtmet\u012f nematyt\u0105 pergaling\u0105 \u017eaidim\u0105. Kvalifikacijoje \u012f P\u010c atrank\u0105 jie i\u0161kovojo visas keturias pergales, o pagrindin\u0117je atrankoje per a\u0161tuonerias rungtynes patirtas tik vienas pralaim\u0117jimas.<\/p>\n<p>Ir ne bet kam, o Europos ir pasaulio \u010dempionei Vokietijai. Ir vos dviem ta\u0161kais.<\/p>\n<p>Taip per pastar\u0105sias 12 rungtyni\u0173 pasiekta 11 laim\u0117jim\u0173 ir beveik u\u017esitikrintas kelialapis \u012f pirm\u0105 turnyr\u0105 nuo 2022 met\u0173. Pasaulio \u010dempionate rinktin\u0117 ne\u017eaid\u017eia nuo 2014 met\u0173.<\/p>\n<p data-path-to-node=\"2\">Kroatijos rinktin\u0117s rezultatai nuo 2014 met\u0173:\u00a0<\/p>\n<tr class=\"title\" style=\"background-color: #f5821f;\">\n<td class=\"name\" style=\"padding: 2px 5px; width: 25%; height: 13px; text-align: center;\">Metai<\/td>\n<td class=\"name\" style=\"padding: 2px 5px; width: 25%; height: 13px; text-align: center;\">\u00a0Turnyras<\/td>\n<td class=\"schedule_time\" style=\"padding: 2px 5px; width: 25%; height: 13px; text-align: center;\" nowrap=\"nowrap\">\u00a0Kroatijos rezultatas<\/td>\n<\/tr>\n<tr class=\"row1\" style=\"height: 13px;\">\n<td style=\"text-align: center;\">2014<\/td>\n<td style=\"text-align: center;\">Pasaulio \u010dempionatas<\/td>\n<td style=\"text-align: center;\" nowrap=\"nowrap\">10 vieta<\/td>\n<\/tr>\n<tr class=\"row2\" style=\"background-color: #e6e6e6;\">\n<td style=\"text-align: center;\">2015<\/td>\n<td style=\"text-align: center;\">Europos \u010dempionatas<\/td>\n<td style=\"text-align: center;\" nowrap=\"nowrap\">9 vieta<\/td>\n<\/tr>\n<tr class=\"row1\" style=\"height: 13px;\">\n<td style=\"text-align: center;\">2016<\/td>\n<td style=\"text-align: center;\">Olimpin\u0117s \u017eaidyn\u0117s<\/td>\n<td style=\"text-align: center;\" nowrap=\"nowrap\">5 vieta<\/td>\n<\/tr>\n<tr class=\"row2\" style=\"background-color: #e6e6e6;\">\n<td style=\"text-align: center;\">2017<\/td>\n<td style=\"text-align: center;\">Europos \u010dempionatas<\/td>\n<td style=\"text-align: center;\" nowrap=\"nowrap\">10 vieta<\/td>\n<\/tr>\n<tr class=\"row1\" style=\"height: 13px;\">\n<td style=\"text-align: center;\">2019<\/td>\n<td style=\"text-align: center;\">Pasaulio \u010dempionatas<\/td>\n<td style=\"text-align: center;\" nowrap=\"nowrap\">Nepateko<\/td>\n<\/tr>\n<tr class=\"row2\" style=\"background-color: #e6e6e6;\">\n<td style=\"text-align: center;\">2021<\/td>\n<td style=\"text-align: center;\">Olimpin\u0117s \u017eaidyn\u0117s<\/td>\n<td style=\"text-align: center;\" nowrap=\"nowrap\">Nepateko<\/td>\n<\/tr>\n<tr class=\"row1\" style=\"height: 13px;\">\n<td style=\"text-align: center;\">2022<\/td>\n<td style=\"text-align: center;\">Europos \u010dempionatas<\/td>\n<td style=\"text-align: center;\" nowrap=\"nowrap\">12 vieta<\/td>\n<\/tr>\n<tr class=\"row2\" style=\"background-color: #e6e6e6;\">\n<td style=\"text-align: center;\">2023<\/td>\n<td style=\"text-align: center;\">Pasaulio \u010dempionatas<\/td>\n<td style=\"text-align: center;\" nowrap=\"nowrap\">Nepateko<\/td>\n<\/tr>\n<tr class=\"row1\" style=\"height: 13px;\">\n<td style=\"text-align: center;\">2024<\/td>\n<td style=\"text-align: center;\">Olimpin\u0117s \u017eaidyn\u0117s<\/td>\n<td style=\"text-align: center;\" nowrap=\"nowrap\">Nepateko<\/td>\n<\/tr>\n<tr class=\"row2\" style=\"background-color: #e6e6e6;\">\n<td style=\"text-align: center;\">2025<\/td>\n<td style=\"text-align: center;\">Europos \u010dempionatas<\/td>\n<td style=\"text-align: center;\" nowrap=\"nowrap\">Nepateko<\/td>\n<\/tr>\n<p>   Galingiausia sud\u0117tis su trimis NBA \u017eaid\u0117jais <\/p>\n<p data-path-to-node=\"2\">\u0160i\u0105 vasar\u0105 Kroatija P\u010c atrankoje surinko paj\u0117giausi\u0105 \u012fmanom\u0105 sud\u0117t\u012f, kurioje \u2013 trys NBA \u017eaid\u0117jai (<a href=\"https:\/\/www.basketnews.lt\/zaidejai\/9225-mario-hezonja.html\" rel=\"nofollow noopener\" target=\"_blank\">Mario Hezonja<\/a>, <a href=\"https:\/\/www.basketnews.lt\/zaidejai\/20101-ivica-zubac.html\" rel=\"nofollow noopener\" target=\"_blank\">Ivica Zubacas<\/a>, <a href=\"https:\/\/www.basketnews.lt\/zaidejai\/35946-karlo-matkovi.html\" rel=\"nofollow noopener\" target=\"_blank\">Karlo Matkovi\u010dius<\/a>), taip pat i\u0161 NBA \u012f Stambulo \u201eAnadolu Efes\u201c persik\u0117l\u0119s <a href=\"https:\/\/www.basketnews.lt\/zaidejai\/9233-dario-sari.html\" rel=\"nofollow noopener\" target=\"_blank\">Dario \u0160ari\u010dius<\/a> ir nat\u016bralizuotas amerikietis <a href=\"https:\/\/www.basketnews.lt\/zaidejai\/35071-jaleen-smith.html\" rel=\"nofollow noopener\" target=\"_blank\">Jaleenas Smithas<\/a>.<\/p>\n<p data-path-to-node=\"2\">D\u0117l \u012f NBA sugr\u012f\u017eusio Hezonjos \u012f Nyderlandus atvyko Klivlando \u201e<a href=\"https:\/\/www.basketnews.lt\/komandos\/128-cleveland-cavaliers.html\" rel=\"nofollow noopener\" target=\"_blank\">Cavaliers<\/a>\u201c treneris <a href=\"https:\/\/www.basketnews.lt\/personalas\/432-kenny-atkinson.html\" rel=\"nofollow noopener\" target=\"_blank\">Kenny Atkinsonas<\/a>.<\/p>\n<p> <img decoding=\"async\" src=\"https:\/\/www.europesays.com\/lt\/wp-content\/uploads\/2026\/08\/paveikslelis-476535-any780x600.jpg\" title=\"Mario Hezonja\" alt=\"Mario Hezonja\" border=\"0\"\/><\/p>\n<p>Mario Hezonja<\/p>\n<p>Nuotr. FIBA<\/p>\n<p>Mario Hezonja per a\u0161tuonerias rungtynes P\u010c atrankoje dominuoja: 20 ta\u0161k\u0173 ir 21,6 naudingumo balo vidurkiai. Centras Zubacas per keturis ma\u010dus pasiek\u0117 18 ta\u0161k\u0173, 10 atkovot\u0173 kamuoli\u0173 ir 24,8 naudingumo balo rodiklius.<\/p>\n<p>Dario \u0160ari\u010dius fiksuoja 16,3 ta\u0161ko ir 21,3 naudingumo balo.<\/p>\n<p data-path-to-node=\"7\">\u201ePirm\u0105 kart\u0105 \u017eaid\u0117me \u0161ios sud\u0117ties, su visu savo potencialu, ir per dvejas rungtynes m\u016bs\u0173 rinktin\u0117s \u017eaid\u0117jai sugeb\u0117jo parodyti gali\u0105, taip pat sugeb\u0117jo persverti rungtynes prie\u0161 Nyderlandus, \u2013 pa\u017eym\u0117jo \u017eurnalistas Pulji\u010dius. \u2013 Ir tai yra geros \u017einios, kurias visi kartu parsive\u0161 namo, o kai v\u0117l susirinks, visa tai vienaip ar kitaip bus j\u0173 galvose.<\/p>\n<p data-path-to-node=\"8\">Tokios sud\u0117ties ir stiprumo rinktin\u0117s netur\u0117sime iki kit\u0173 met\u0173 rugpj\u016b\u010dio prad\u017eios. Tomislavas Mijatovi\u010dius per pirm\u0105j\u0105 rungtyni\u0173 pus\u0119 Nyderlanduose gavo ideali\u0105 med\u017eiag\u0105, kuria ateityje, ypa\u010d kai \u017eaid\u017eiama su var\u017eovais, u\u017e kuriuos realiai esame prana\u0161esni, gal\u0117s remtis ir rodyti \u0161\u012f pavyzd\u012f kaip \u012fsp\u0117jim\u0105.<\/p>\n<p data-path-to-node=\"9\">Tod\u0117l galb\u016bt apskritai pa\u0117mus viskas ir nebuvo taip blogai. Neb\u016bt\u0173 buv\u0119 jokios dramos net jei b\u016bt\u0173 pralaim\u0117ta \u2013 vis tiek patektume \u012f pasaulio \u010dempionat\u0105, ta\u010diau geriau mokytis i\u0161 pergali\u0173. Taip daro geriausi.\u201c<\/p>\n<p> Daugiau nebegalim tyl\u0117ti d\u0117l rinktin\u0117s, o J\u016bs? | BasketNews.lt podkastas   <\/p>\n<p>                                                    <a href=\"https:\/\/www.basketnews.lt\/plius?utm_source=basketnews_lt&amp;utm_medium=bn_plus&amp;utm_id=&amp;utm_campaign=banners_free_content_for_not_members_bottom_8\" class=\"banners_paid_content_info_block_white banners-paid-content-info-block-white\" data-google-interstitial=\"false\" rel=\"nofollow noopener\" target=\"_blank\"><\/p>\n<p>                                                <img decoding=\"async\" class=\"bn-plus-img img-fluid\" src=\"https:\/\/www.europesays.com\/lt\/wp-content\/uploads\/2026\/08\/1788189862_475_bn-plus.png\" alt=\"\"\/><\/p>\n<p>                                            A\u010di\u016b, kad mus skaitote! Mes jums turime dar daugiau turinio.<\/p>\n<p>                                                            <\/a><\/p>\n","protected":false},"excerpt":{"rendered":"Kroatijos krep\u0161inyje \u2013 did\u017eiulis pakilimas. Tris paeiliui pagrindinius turnyrus praleidusi vyr\u0173 rinktin\u0117 dabar yra surinkusi galingiausi\u0105 sud\u0117t\u012f ir&hellip;\n","protected":false},"author":2,"featured_media":265701,"comment_status":"","ping_status":"","sticky":false,"template":"","format":"standard","meta":{"footnotes":"","_share_on_mastodon":"0"},"categories":[6],"tags":[25,30,31,34,35,24,32,33,37,39,36,38,40,23,22,28,29,26,27],"class_list":["post-265700","post","type-post","status-publish","format-standard","has-post-thumbnail","category-antrastes","tag-antrastes","tag-breaking-news","tag-breakingnews","tag-featured-news","tag-featurednews","tag-headlines","tag-latest-news","tag-latestnews","tag-lietuva","tag-lietuviu","tag-lithuania","tag-lithuanian","tag-lt","tag-naujienos","tag-news","tag-populiariausios-naujienos","tag-populiariausiosnaujienos","tag-top-stories","tag-topstories"],"share_on_mastodon":{"url":"https:\/\/pubeurope.com\/@lt\/117190818430566258","error":""},"_links":{"self":[{"href":"https:\/\/www.europesays.com\/lt\/wp-json\/wp\/v2\/posts\/265700","targetHints":{"allow":["GET"]}}],"collection":[{"href":"https:\/\/www.europesays.com\/lt\/wp-json\/wp\/v2\/posts"}],"about":[{"href":"https:\/\/www.europesays.com\/lt\/wp-json\/wp\/v2\/types\/post"}],"author":[{"embeddable":true,"href":"https:\/\/www.europesays.com\/lt\/wp-json\/wp\/v2\/users\/2"}],"replies":[{"embeddable":true,"href":"https:\/\/www.europesays.com\/lt\/wp-json\/wp\/v2\/comments?post=265700"}],"version-history":[{"count":0,"href":"https:\/\/www.europesays.com\/lt\/wp-json\/wp\/v2\/posts\/265700\/revisions"}],"wp:featuredmedia":[{"embeddable":true,"href":"https:\/\/www.europesays.com\/lt\/wp-json\/wp\/v2\/media\/265701"}],"wp:attachment":[{"href":"https:\/\/www.europesays.com\/lt\/wp-json\/wp\/v2\/media?parent=265700"}],"wp:term":[{"taxonomy":"category","embeddable":true,"href":"https:\/\/www.europesays.com\/lt\/wp-json\/wp\/v2\/categories?post=265700"},{"taxonomy":"post_tag","embeddable":true,"href":"https:\/\/www.europesays.com\/lt\/wp-json\/wp\/v2\/tags?post=265700"}],"curies":[{"name":"wp","href":"https:\/\/api.w.org\/{rel}","templated":true}]}}