{"id":265702,"date":"2026-08-31T15:25:30","date_gmt":"2026-08-31T15:25:30","guid":{"rendered":"https:\/\/www.europesays.com\/lt\/265702\/"},"modified":"2026-08-31T15:25:30","modified_gmt":"2026-08-31T15:25:30","slug":"paaiskejo-projekto-tautos-bukiausias-dalyviai-vienoje-klaseje-ir-maldeikiene-ir-pikul-vardai","status":"publish","type":"post","link":"https:\/\/www.europesays.com\/lt\/265702\/","title":{"rendered":"Paai\u0161k\u0117jo projekto \u201eTautos bukiausias\u201c dalyviai: vienoje klas\u0117je \u2013 ir Maldeikien\u0117, ir Pikul | Vardai"},"content":{"rendered":"<p>Tai \u2013 \u0161ou, kuriame labiausiai apdovanojami ne tie, kurie tempia ilgiausiai, o tie, kurie i\u0161krenta pirmiausi. Pergal\u0117 \u010dia \u2013 paskutinis dalykas, kurio b\u016bt\u0173 galima nor\u0117ti. Nes b\u016btent tai reik\u0161t\u0173, kad j\u016bs \u2013 \u201eTautos bukiausias\u201c!<\/p>\n<p>O kol iki \u0161ou starto skai\u010diuojame paskutines dienas, kvie\u010diame susipa\u017einti su garsiausia Lietuvos klase.<\/p>\n<p> <a href=\"https:\/\/s1.15min.lt\/images\/photos\/2026\/08\/31\/original\/mantas-katleris-ir-mantas-bartusevicius-6a95819948d4e.jpg\" rel=\"content-image nofollow noopener\" title=\"V.Juzel\u0117no nuotr.\/Ved\u0117jai Mantas Katleris ir Mantas Bartu\u0161evi\u010dius\" target=\"_blank\"><img decoding=\"async\" alt=\"V.Juzel\u0117no nuotr.\/Ved\u0117jai Mantas Katleris ir Mantas Bartu\u0161evi\u010dius\" rel=\"content-image\" src=\"https:\/\/www.europesays.com\/lt\/wp-content\/uploads\/2026\/08\/mantas-katleris-ir-mantas-bartusevicius-6a95819948d4e.jpg\" style=\"width: auto; height: auto;\"\/><\/a> <\/p>\n<p>V.Juzel\u0117no nuotr.\/Ved\u0117jai Mantas Katleris ir Mantas Bartu\u0161evi\u010dius<\/p>\n<p>  OKSANA PIKUL <\/p>\n<p>Oksana \u2013 gro\u017eio specialist\u0117, verslinink\u0117, daininink\u0117 bei viena labiausiai aptarin\u0117jam\u0173 moter\u0173 \u0161iandienos Lietuvos pramog\u0173 pasaulyje. Oksanos nepasteb\u0117ti ne\u012fmanoma \u2013 ji nuolat stebina ne tik savo dr\u0105siais pasisakymais ar meil\u0117s istorijomis, bet ir neapr\u0117piama dr\u0105sa. Jos taip lengvai nei\u0161g\u0105sdinsi \u2013 geriau kiti tegul saugosi Oksanos!<\/p>\n<p>Visgi i\u0161girdusi naujojo projekto pavadinim\u0105 \u2013 \u201eTautos bukiausias\u201c \u2013 net ir Oksana pripa\u017e\u012fsta \u017eagtel\u0117jusi. O dar labiau ji nor\u0117t\u0173 i\u0161kristi pati pirma!<\/p>\n<p>Ta\u010diau svarbiausia, kad \u0161is projektas, anot O.Pikul, jos gyvenime atsirado pa\u010diu laiku.<\/p>\n<p>\u201eA\u0161 visuomet kartoju \u2013 kad ir kok\u012f sunk\u0173 ar nemalon\u0173 etap\u0105 \u017emogus i\u0161gyvena, pradedant nuo asmenini\u0173 dalyk\u0173, baigiant darbiniais reikalais, gydytis ir reikia b\u016btent darbu. O \u010dia mes tikrai esame atsijung\u0119. Nors ir turime ry\u0161io priemones, jomis naudotis negalime \u2013 telefonus esame pad\u0117j\u0119 \u012f \u0161on\u0105\u201c, \u2013 sako ji.<\/p>\n<p> <a href=\"https:\/\/s1.15min.lt\/images\/photos\/2026\/08\/31\/original\/oksana-pikul-6a95819adf5a6.jpg\" rel=\"content-image nofollow noopener\" title=\"V.Juzel\u0117no nuotr.\/Oksana Pikul\" target=\"_blank\"><img decoding=\"async\" alt=\"V.Juzel\u0117no nuotr.\/Oksana Pikul\" rel=\"content-image\" src=\"https:\/\/www.europesays.com\/lt\/wp-content\/uploads\/2026\/08\/oksana-pikul-6a95819adf5a6.jpg\" style=\"width: auto; height: auto;\"\/><\/a> <\/p>\n<p>V.Juzel\u0117no nuotr.\/Oksana Pikul<\/p>\n<p>  AU\u0160RA MALDEIKIEN\u0116 <\/p>\n<p>Au\u0161ra \u2013 buvusi politik\u0117, ekonomist\u0117, socialini\u0173 moksl\u0173 daktar\u0117, d\u0117stytoja bei publicist\u0117. Ji \u2013 ne tik buvusi Seimo, bet ir Europos Parlamento nar\u0117. Ta\u010diau labiausiai A.Maldeikien\u0117 \u017einoma d\u0117l tiesaus ir a\u0161traus kalb\u0117jimo apie ekonomik\u0105, politik\u0105 bei visuomen\u0119.<\/p>\n<p>O pati stipriausia savo savybe ji laiko b\u016btent autoironij\u0105. Tod\u0117l net jei ir tapt\u0173 \u0161io projekto nugal\u0117toja, Au\u0161ra dr\u0105siai \u0161i\u0105 \u017eini\u0105 skleist\u0173 ir dar pla\u010diau!<\/p>\n<p>\u201eU\u017esid\u0117\u010diau ant \u201eFacebooko\u201c \u2013 \u201eTautos bukeusia\u201c, su raide \u201ee\u201c. Ir toliau pasisaky\u010diau tais klausimais, kuriuos i\u0161manau. Jeigu j\u016bs skaitote Maldeikien\u0117s tekst\u0105, para\u0161yt\u0105 apie ekonomik\u0105 arba politik\u0105, vadinasi, kad jis yra darytas ilgai ir labai atsakingai \u2013 a\u0161 galiu pagr\u012fsti kiekvien\u0105 sakin\u012f. O \u0161iame projekte a\u0161 u\u017e niek\u0105 neatsakinga. A\u0161 galiu b\u016bti bukiausia\u201c, \u2013 u\u017etikrintai sako ji.<\/p>\n<p>  <a href=\"https:\/\/s1.15min.lt\/images\/photos\/2026\/08\/31\/original\/ausra-maldeikiene-6a958190cf679.jpg\" rel=\"content-image nofollow noopener\" title=\"V.Juzel\u0117no nuotr.\/Au\u0161ra Maldeikien\u0117\" target=\"_blank\"><img decoding=\"async\" alt=\"V.Juzel\u0117no nuotr.\/Au\u0161ra Maldeikien\u0117\" rel=\"content-image\" src=\"https:\/\/www.europesays.com\/lt\/wp-content\/uploads\/2026\/08\/ausra-maldeikiene-6a958190cf679.jpg\" style=\"width: auto; height: auto;\"\/><\/a> <\/p>\n<p>V.Juzel\u0117no nuotr.\/Au\u0161ra Maldeikien\u0117<\/p>\n<p>  DANAS RAP\u0160YS <\/p>\n<p>Danas \u2013 vienas tituluo\u010diausi\u0173 Lietuvos plaukik\u0173, pasaulio vice\u010dempionas ir trij\u0173 olimpini\u0173 \u017eaidyni\u0173 dalyvis. Plaukiko pasiekimai kalba patys u\u017e save, ta\u010diau niekuomet to neb\u016btum\u0117te nusp\u0117j\u0119 mokykloje, kurioje Danas buvo tylus vaikas, per pamokas slap\u010dia valg\u0119s bandeles\u2026<\/p>\n<p>Galb\u016bt tod\u0117l i\u0161gird\u0119, kad Danas dalyvaus \u0161iame \u0161ou, jo artimieji nesismulkino \u2013 vienbalsiai nutar\u0117, kad Danui ir priklauso \u010dia b\u016bti!<\/p>\n<p>Visgi jis pats \u012f \u201eTautos bukiausio\u201c rinkimus eina tur\u0117damas kit\u0105 tiksl\u0105: \u201eGyvenime kartais reikia mok\u0117ti i\u0161 sav\u0119s pasijuokti! Kai \u017ei\u016bri televizij\u0105, visi mes sportininkai esame labai rimti, siekiantys tiksl\u0173, u\u017esidar\u0119 ir nemokantys \u0161nek\u0117ti. Eidamas \u010dia noriu parodyti, kad mes esame tie patys \u017emon\u0117s, kurie kartais nesupranta t\u0173 pa\u010di\u0173 elementariausi\u0173 dalyk\u0173. Bet d\u0117l to, kad ko nors ne\u017einau ar nesuprantu, man n\u0117ra g\u0117da. A\u0161 galiu tai pripa\u017einti.\u201c<\/p>\n<p> <a href=\"https:\/\/s1.15min.lt\/images\/photos\/2026\/08\/31\/original\/danas-rapsys-6a958192813b9.jpg\" rel=\"content-image nofollow noopener\" title=\"V.Juzel\u0117no nuotr.\/Danas Rap\u0161ys\" target=\"_blank\"><img decoding=\"async\" alt=\"V.Juzel\u0117no nuotr.\/Danas Rap\u0161ys\" rel=\"content-image\" src=\"https:\/\/www.europesays.com\/lt\/wp-content\/uploads\/2026\/08\/danas-rapsys-6a958192813b9.jpg\" style=\"width: auto; height: auto;\"\/><\/a> <\/p>\n<p>V.Juzel\u0117no nuotr.\/Danas Rap\u0161ys<\/p>\n<p>  \u017dILVINAS GRIGAITIS <\/p>\n<p>\u017dilvinas \u2013 l\u0117ktuve daugyb\u0119 savo gyvenimo valand\u0173 praleid\u017eiantis verslininkas, i\u0161siskiriantis meile madai, \u0161ampanui ir tiesiog pa\u010diam gyvenimui. Jo vaizdo \u012fra\u0161ai socialiniuose tinkluose per\u017ei\u016brimi \u0161imtus t\u016bkstan\u010di\u0173 kart\u0173, o pats \u017dilvinas visuomet spinduliuoja pasitik\u0117jimu savimi ir geb\u0117jimu bet kur sukurti pat\u012f geriausi\u0105 vakar\u0117l\u012f.<\/p>\n<p>Verslininkui puikiai tinka fraz\u0117, kad tas, kas nerizikuoja, negeria \u0161ampano. O vedamas smalsumo ir savo maksimalizmo, \u017dilvinas gali nuversti kalnus. \u0160is projektas \u2013 ne i\u0161imtis.<\/p>\n<p>\u201eMan atrodo, kad labiausiai \u201eTautos bukiausias\u201c yra apie tai, kaip tu \u017ei\u016bri \u012f pasaul\u012f. Mes visi esame savo srities profesionalai ir susirinkome parodyti Lietuvai, kad net \u0161ou su tokiu pavadinimu, mes visi galime i\u0161 sav\u0119s pasijuokti ir atsidurti tokiose kvailose situacijose, \u012f kokias kartais \u012fdeda ir pats gyvenimas. Bet, kaip sakau, \u0161unys loja, o karavanas eina\u201c, \u2013 sako jis.<\/p>\n<p> <a href=\"https:\/\/s1.15min.lt\/images\/photos\/2026\/08\/31\/original\/zilvinas-grigaitis-6a9581a27636d.jpg\" rel=\"content-image nofollow noopener\" title=\"V.Juzel\u0117no nuotr.\/\u017dilvinas Grigaitis\" target=\"_blank\"><img decoding=\"async\" alt=\"V.Juzel\u0117no nuotr.\/\u017dilvinas Grigaitis\" rel=\"content-image\" src=\"https:\/\/www.europesays.com\/lt\/wp-content\/uploads\/2026\/08\/zilvinas-grigaitis-6a9581a27636d.jpg\" style=\"width: auto; height: auto;\"\/><\/a> <\/p>\n<p>V.Juzel\u0117no nuotr.\/\u017dilvinas Grigaitis<\/p>\n<p>  SIMONA LIPN\u0116 <\/p>\n<p>Simona Lipn\u0117 \u2013 trynuk\u0173 mama ir verslinink\u0117, socialiniuose tinkluose sub\u016brusi did\u017eiul\u0119 sek\u0117j\u0173 auditorij\u0105. Per pastaruosius m\u0117nesius Simonos gyvenimas kardinaliai pasikeit\u0117, ir mes visi \u017einome, kod\u0117l. Tai rei\u0161kia, kad negal\u0117jo b\u016bti geresnio momento sudalyvauti tokiame \u0161ou!<\/p>\n<p>Verslinink\u0117 galvoja, kad tie, kurie sako, kad visk\u0105 \u017eino, i\u0161 ties\u0173 ne\u017eino nieko. O suklydus pripa\u017einti savo klaidas ir jud\u0117ti toliau, anot jos, yra stipraus \u017emogaus bruo\u017eai.<\/p>\n<p>Pastaruoju metu Simonos gyvenime \u2013 labai daug streso, ta\u010diau b\u016btent \u0161is \u0161ou \u012f kasdienyb\u0119 pad\u0117jo \u012fsileisti ir kitas spalvas.<\/p>\n<p>\u201ePagaunu save, kad s\u0117d\u0117dama klas\u0117je atitr\u016bkstu. Man tai yra ne\u012ftik\u0117tina, nes jau keturis m\u0117nesius neatitr\u016bkstu nuo nieko. Tod\u0117l \u0161is \u0161ou man labai padeda. Tai \u2013 tarsi terapija. \u010cia netgi juokiuosi, o pastaruoju metu i\u0161vis i\u0161 nieko nebesijuokiau\u201c, \u2013 atvirai pripa\u017e\u012fsta ji.<\/p>\n<p> <a href=\"https:\/\/s1.15min.lt\/images\/photos\/2026\/08\/31\/original\/simona-lipne-6a95819c55b87.jpg\" rel=\"content-image nofollow noopener\" title=\"V.Juzel\u0117no nuotr.\/Simona Lipn\u0117\" target=\"_blank\"><img decoding=\"async\" alt=\"V.Juzel\u0117no nuotr.\/Simona Lipn\u0117\" rel=\"content-image\" src=\"https:\/\/www.europesays.com\/lt\/wp-content\/uploads\/2026\/08\/simona-lipne-6a95819c55b87.jpg\" style=\"width: auto; height: auto;\"\/><\/a> <\/p>\n<p>V.Juzel\u0117no nuotr.\/Simona Lipn\u0117<\/p>\n<p>  INETA STASIULYT\u0116 <\/p>\n<p>Ineta \u2013 teatro ir kino aktor\u0117, \u017ei\u016brovams pa\u017e\u012fstama ne tik d\u0117l daugyb\u0117s nepamir\u0161tam\u0173 savo vaidmen\u0173, bet ir d\u0117l televizijos projekt\u0173. Negana to, ji \u2013 tituluota tango \u0161ok\u0117ja!<\/p>\n<p>Dalyvauti \u0161iame projekte Ineta visai nebijo. Prie\u0161ingai \u2013 garsi aktor\u0117 \u012fsitikinusi, kad koki\u0173 nors fakt\u0173 ne\u017einojimas n\u0117 vieno nepaver\u010dia prastesniu \u017emogumi.<\/p>\n<p>\u201eMan patinka \u0161ios laidos formatas, nes jis yra visi\u0161kai kitoks nei buv\u0119. \u012eprastai laimi tada, jei esi ka\u017ekuo geresnis, o \u010dia \u2013 atvirk\u0161\u010diai. Laimi tas, kuris kuo daugiau ne\u017eino. Ir tai yra labai smagu. Bus did\u017eiulis malonumas steb\u0117ti vis\u0105 \u0161\u012f proces\u0105, nes t\u0173 pa\u010di\u0173 fakt\u0173 ne\u017einantys \u017emon\u0117s s\u0117d\u0117s, \u017ei\u016br\u0117s ir juoksis. Tik klausimas, ar jie supras, i\u0161 ko juokiasi \u2013 turb\u016bt, i\u0161 sav\u0119s\u201c, \u2013 sako ji.<\/p>\n<p> <a href=\"https:\/\/s1.15min.lt\/images\/photos\/2026\/08\/31\/original\/ineta-stasiulyte-6a95819622bba.jpg\" rel=\"content-image nofollow noopener\" title=\"V.Juzel\u0117no nuotr.\/Ineta Stasiulyt\u0117\" target=\"_blank\"><img decoding=\"async\" alt=\"V.Juzel\u0117no nuotr.\/Ineta Stasiulyt\u0117\" rel=\"content-image\" src=\"https:\/\/www.europesays.com\/lt\/wp-content\/uploads\/2026\/08\/ineta-stasiulyte-6a95819622bba.jpg\" style=\"width: auto; height: auto;\"\/><\/a> <\/p>\n<p>V.Juzel\u0117no nuotr.\/Ineta Stasiulyt\u0117<\/p>\n<p>  VYTAUTAS MEDINECKAS-IRONVYTAS <\/p>\n<p>Ironvytas \u2013 \u012fsp\u016bdingus raumenis turintis reperis, aktorius ir ne\u012ftik\u0117tino humoro jausmo savininkas. \u017dinomas vyras neslepia \u2013 tuomet, kai j\u012f pakviet\u0117 dalyvauti tango projekte, jis nustebo kur kas labiau nei tuomet, kai sulauk\u0117 kvietimo var\u017eytis d\u0117l \u201eTautos bukiausio\u201c titulo.<\/p>\n<p>\u201eTai \u2013 \u0161ou, kuris skirtas grynai man! I\u0161 tikr\u0173j\u0173 \u2013 \u010dia yra puiki galimyb\u0117 nueiti iki finalo arba net nugal\u0117ti\u201c, \u2013 juokiasi jis.<\/p>\n<p>Ta\u010diau kitiems projekto dalyviams Ironvyto reik\u0117t\u0173 saugotis. Ne tik d\u0117l to, jog jis puikiai geba \u012f save \u017evelgti ironi\u0161kai, bet ir tod\u0117l, kad mokykloje buvo labai gudrus. Ironvytas 3 metus tur\u0117jo dvi pa\u017eymi\u0173 knygeles: vien\u0105 skirt\u0105 mamai, o kit\u0105 \u2013 mokytojams.<\/p>\n<p>  <a href=\"https:\/\/s1.15min.lt\/images\/photos\/2026\/08\/31\/original\/vytautas-medineckas-ironvytas-6a95819f396f0.jpg\" rel=\"content-image nofollow noopener\" title=\"V.Juzel\u0117no nuotr.\/Vytautas Medineckas-Ironvytas\" target=\"_blank\"><img decoding=\"async\" alt=\"V.Juzel\u0117no nuotr.\/Vytautas Medineckas-Ironvytas\" rel=\"content-image\" src=\"https:\/\/www.europesays.com\/lt\/wp-content\/uploads\/2026\/08\/vytautas-medineckas-ironvytas-6a95819f396f0.jpg\" style=\"width: auto; height: auto;\"\/><\/a> <\/p>\n<p>V.Juzel\u0117no nuotr.\/Vytautas Medineckas-Ironvytas<\/p>\n<p>  GABRIELIUS VAGELIS <\/p>\n<p>Gabrielius \u2013 vienas \u017einomiausi\u0173 \u0161alies daininink\u0173, stebinantis ne tik savo hitais, bet ir i\u0161skirtiniais \u012fvaizd\u017eiais. Moterys d\u0117l jo alpsta ir i\u0161graibsto visus bilietus \u012f koncertus, o vyrai neretai pavydi, kad jiems toks stilius \u2013 tik tolima svajon\u0117\u2026<\/p>\n<p>O dabar jis pasiruo\u0161\u0119s ir dar vienam \u012fvykiui, kuris tikrai neliks neaptartas \u2013 \u0161ou \u201eTautos bukiausias\u201c. Ir nors yra \u012fsitikin\u0119s, kad i\u0161 projekto tikrai nei\u0161kris pirmas, jis jau dabar nusiteik\u0119s gerai i\u0161 sav\u0119s pasijuokti.<\/p>\n<p>\u201e\u0160is \u0161ou gr\u0105\u017eino mane ne tik \u012f suol\u0105, bet ir \u012f mokyklos laikus. Truput\u012f yra ka\u017ekoks nepatogumas, v\u0117l ka\u017ekoks stresas. K\u0105 apie tave pagalvos, kaip tu \u010dia pasirodysi? Kai s\u0117di ir tokius \u0161ou \u017ei\u016bri namie, viskas atrodo labai paprasta, bet prie\u0161 kameras tiesiog u\u017esiblokuoji! Ta\u010diau net ir m\u016bs\u0173 mokytojai ne visk\u0105 moka\u2026\u201c \u2013 sako jis.<\/p>\n<p> <a href=\"https:\/\/s1.15min.lt\/images\/photos\/2026\/08\/31\/original\/gabrielius-vagelis-6a9581943e1f7.jpg\" rel=\"content-image nofollow noopener\" title=\"V.Juzel\u0117no nuotr.\/Gabrielius Vagelis\" target=\"_blank\"><img decoding=\"async\" alt=\"V.Juzel\u0117no nuotr.\/Gabrielius Vagelis\" rel=\"content-image\" src=\"https:\/\/www.europesays.com\/lt\/wp-content\/uploads\/2026\/08\/gabrielius-vagelis-6a9581943e1f7.jpg\" style=\"width: auto; height: auto;\"\/><\/a> <\/p>\n<p>V.Juzel\u0117no nuotr.\/Gabrielius Vagelis<\/p>\n<p>  AGN\u0116 TURSKIEN\u0116 <\/p>\n<p>Agn\u0117 \u2013 tikra savo srities profesional\u0117, kibernetinio saugumo specialist\u0117. Be to, ji \u2013 Au\u0161ros Maldeikien\u0117s marti, tad dalyvavimas \u0161iame projekte jai bus dvigubas i\u0161\u0161\u016bkis! O i\u0161\u0161\u016bkius Agn\u0117 m\u0117gsta.<\/p>\n<p>\u201eTies\u0105 sakant, pati nusprend\u017eiau pasi\u016blyti \u010dia sudalyvauti ir Au\u0161rai. Pagalvojau, kad mums b\u016bt\u0173 labai smagu praleisti tok\u012f laik\u0105 kartu. Nors i\u0161 tikr\u0173j\u0173 ir labai bijojau\u201c, \u2013 pasakoja ji.<\/p>\n<p>Nor\u0117dama sau \u012frodyti, kad gyvenime i\u0161 ties\u0173 galima \u012fveikti visk\u0105, Agn\u0117 dr\u0105siai \u017eengia ir \u012f \u0161\u012f projekt\u0105. Visgi, jei laim\u0117t\u0173 \u201eTautos bukiausio\u201c titul\u0105, ji neslepia \u2013 savo sprendim\u0105 stoti \u012f doktorant\u016br\u0105 dar pergalvot\u0173\u2026<\/p>\n<p> <a href=\"https:\/\/s1.15min.lt\/images\/photos\/2026\/08\/31\/original\/agne-turskiene-6a95818f62049.jpg\" rel=\"content-image nofollow noopener\" title=\"V.Juzel\u0117no nuotr.\/Agn\u0117 Turskien\u0117\" target=\"_blank\"><img decoding=\"async\" alt=\"V.Juzel\u0117no nuotr.\/Agn\u0117 Turskien\u0117\" rel=\"content-image\" src=\"https:\/\/www.europesays.com\/lt\/wp-content\/uploads\/2026\/08\/agne-turskiene-6a95818f62049.jpg\" style=\"width: auto; height: auto;\"\/><\/a> <\/p>\n<p>V.Juzel\u0117no nuotr.\/Agn\u0117 Turskien\u0117<\/p>\n<p>  VYTAUTAS KANIU\u0160ONIS <\/p>\n<p>Vytautas \u2013 ilgamet\u0119 patirt\u012f sukaup\u0119s teatro ir kino aktorius. Pats savo istorij\u0105 jis apib\u016bdina kaip v\u0117lyv\u0105 s\u0117km\u0119 \u2013 didesnis visuomen\u0117s pripa\u017einimas at\u0117jo tik po daugelio met\u0173 scenoje.<\/p>\n<p>Ta\u010diau ar \u017einojote, kad Vytautas \u2013 avanti\u016bristas i\u0161 prigimties? Dalyvauti projekte jis sutiko vos i\u0161gird\u0119s \u0161ou pavadinim\u0105!<\/p>\n<p>\u201eDa\u017enai vaidinu pernelyg rimt\u0105 \u2013 i\u0161 tikr\u0173j\u0173, n\u0117ra kada pasijuokti. D\u0117l to ir at\u0117jau\u201c, \u2013 sako jis.<\/p>\n<p>O ir laukiantiems i\u0161\u0161\u016bkiams jis jau pasiruo\u0161\u0119s. Nes, kaip scenoje, taip ir gyvenime \u2013 kartais pasimir\u0161ta net ir lengviausi dalykai: \u201eBaltas lapas, ir tu nieko neprisimeni. D\u0117mesys laksto kur tik nori. I\u0161laikyti j\u012f kartais tikrai sunku. \u010cia, tikiu, taip pat bus daug pa\u0161alini\u0173 veiksni\u0173, kurie neleis rimtai nusiteikti\u2026\u201c<\/p>\n<p> <a href=\"https:\/\/s1.15min.lt\/images\/photos\/2026\/08\/31\/original\/vytautas-kaniusonis-6a95819db2ec6.jpg\" rel=\"content-image nofollow noopener\" title=\"V.Juzel\u0117no nuotr.\/Vytautas Kaniu\u0161onis\" target=\"_blank\"><img decoding=\"async\" alt=\"V.Juzel\u0117no nuotr.\/Vytautas Kaniu\u0161onis\" rel=\"content-image\" src=\"https:\/\/www.europesays.com\/lt\/wp-content\/uploads\/2026\/08\/vytautas-kaniusonis-6a95819db2ec6.jpg\" style=\"width: auto; height: auto;\"\/><\/a> <\/p>\n<p>V.Juzel\u0117no nuotr.\/Vytautas Kaniu\u0161onis<\/p>\n<p>  JOANA BARTA\u0160KIEN\u0116 <\/p>\n<p>Joana \u2013 trener\u0117, Lietuvos moter\u0173 sporto asociacijos vadov\u0117 ir viena i\u0161 aerobikos pradininki\u0173 Lietuvoje, galinti pasigirti net 58 metais nepertraukiamo darbo! O \u0161iame projekte ji nusprend\u0117 dalyvauti tod\u0117l, kad netiki, jog meil\u0117 gyvenimui gali i\u0161eiti \u012f pensij\u0105\u2026<\/p>\n<p>\u0160iame \u0161ou ji pasiruo\u0161usi pamaitinti savo smegenis, o jei ir gaut\u0173 \u201eTautos bukiausio\u201c titul\u0105, n\u0117 kiek nesigrau\u017et\u0173.<\/p>\n<p>\u201eO kas \u010dia baisaus? Mane pa\u017e\u012fsta visa Lietuva. A\u0161 daug met\u0173 va\u017ein\u0117ju su motyvacijos paskaitom, kur mane pasitinka i\u0161sk\u0117stom rankom \u2013 visi \u017eino, kokia a\u0161 esu. \u017dino, kad savo srityje a\u0161 moku u\u017edegti. O visi tie istoriniai dalykai, \u017einokit, pasimir\u0161ta\u201c, \u2013 dr\u0105siai sako ji.<\/p>\n<p> <a href=\"https:\/\/s1.15min.lt\/images\/photos\/2026\/08\/31\/original\/joana-bartaskiene-6a958197f0ced.jpg\" rel=\"content-image nofollow noopener\" title=\"V.Juzel\u0117no nuotr.\/Joana Barta\u0161kien\u0117\" target=\"_blank\"><img decoding=\"async\" alt=\"V.Juzel\u0117no nuotr.\/Joana Barta\u0161kien\u0117\" rel=\"content-image\" src=\"https:\/\/www.europesays.com\/lt\/wp-content\/uploads\/2026\/08\/joana-bartaskiene-6a958197f0ced.jpg\" style=\"width: auto; height: auto;\"\/><\/a> <\/p>\n<p>V.Juzel\u0117no nuotr.\/Joana Barta\u0161kien\u0117<\/p>\n<p>  VYTAUTAS RUM\u0160AS JAUNESNYSIS <\/p>\n<p>Vytautas \u2013 teatro, kino ir televizijos aktorius, \u017ei\u016brov\u0173 pam\u0117gt\u0173 pramogini\u0173 TV3 laid\u0173 ved\u0117jas, aktoriaus Vytauto Rum\u0161o s\u016bnus. Veikl\u0173 Vytauto gyvenime netr\u016bksta, bet neseniai j\u012f papild\u0117 ir dar viena \u2013 dviratis!<\/p>\n<p>Scenoje ar prie\u0161 kamer\u0105, Vytautas yra suk\u016br\u0119s \u0161imtus skirting\u0173 vaidmen\u0173, kuri\u0173 metu ne kart\u0105 teko perlipti save. Ir ne tik dvasi\u0161kai, bet ir fizi\u0161kai apsinuoginti! O \u0161is \u0161ou tokias patirtis pakyl\u0117s \u012f dar kit\u0105 lyg\u012f. \u201eJeigu esi durnas, grimas \u010dia nepad\u0117s\u201c, \u2013 juokiasi Vytautas.<\/p>\n<p>Ir nors aktorius neslepia, kad apsikvailinti prie\u0161 vis\u0105 Lietuv\u0105 neb\u016bt\u0173 pirmas dalykas jo svajoni\u0173 s\u0105ra\u0161e, jis pasiruo\u0161\u0119s mesti sau i\u0161\u0161\u016bk\u012f.<\/p>\n<p> <a href=\"https:\/\/s1.15min.lt\/images\/photos\/2026\/08\/31\/original\/vytautas-rumsas-jaunesnysis-6a9581a0da09e.jpg\" rel=\"content-image nofollow noopener\" title=\"V.Juzel\u0117no nuotr.\/Vytautas Rum\u0161as jaunesnysis\" target=\"_blank\"><img decoding=\"async\" alt=\"V.Juzel\u0117no nuotr.\/Vytautas Rum\u0161as jaunesnysis\" rel=\"content-image\" src=\"https:\/\/www.europesays.com\/lt\/wp-content\/uploads\/2026\/08\/vytautas-rumsas-jaunesnysis-6a9581a0da09e.jpg\" style=\"width: auto; height: auto;\"\/><\/a> <\/p>\n<p>V.Juzel\u0117no nuotr.\/Vytautas Rum\u0161as jaunesnysis<\/p>\n<p>\u201eTautos bukiausias\u201c \u2013 nuo rugs\u0117jo 6 d., 19.30 val. per TV3.<\/p>\n","protected":false},"excerpt":{"rendered":"Tai \u2013 \u0161ou, kuriame labiausiai apdovanojami ne tie, kurie tempia ilgiausiai, o tie, kurie i\u0161krenta pirmiausi. Pergal\u0117 \u010dia&hellip;\n","protected":false},"author":2,"featured_media":265703,"comment_status":"","ping_status":"","sticky":false,"template":"","format":"standard","meta":{"footnotes":"","_share_on_mastodon":"0"},"categories":[21],"tags":[113,37,39,36,38,40,114],"class_list":["post-265702","post","type-post","status-publish","format-standard","has-post-thumbnail","category-pramogos","tag-entertainment","tag-lietuva","tag-lietuviu","tag-lithuania","tag-lithuanian","tag-lt","tag-pramogos"],"share_on_mastodon":{"url":"https:\/\/pubeurope.com\/@lt\/117190821995775806","error":""},"_links":{"self":[{"href":"https:\/\/www.europesays.com\/lt\/wp-json\/wp\/v2\/posts\/265702","targetHints":{"allow":["GET"]}}],"collection":[{"href":"https:\/\/www.europesays.com\/lt\/wp-json\/wp\/v2\/posts"}],"about":[{"href":"https:\/\/www.europesays.com\/lt\/wp-json\/wp\/v2\/types\/post"}],"author":[{"embeddable":true,"href":"https:\/\/www.europesays.com\/lt\/wp-json\/wp\/v2\/users\/2"}],"replies":[{"embeddable":true,"href":"https:\/\/www.europesays.com\/lt\/wp-json\/wp\/v2\/comments?post=265702"}],"version-history":[{"count":0,"href":"https:\/\/www.europesays.com\/lt\/wp-json\/wp\/v2\/posts\/265702\/revisions"}],"wp:featuredmedia":[{"embeddable":true,"href":"https:\/\/www.europesays.com\/lt\/wp-json\/wp\/v2\/media\/265703"}],"wp:attachment":[{"href":"https:\/\/www.europesays.com\/lt\/wp-json\/wp\/v2\/media?parent=265702"}],"wp:term":[{"taxonomy":"category","embeddable":true,"href":"https:\/\/www.europesays.com\/lt\/wp-json\/wp\/v2\/categories?post=265702"},{"taxonomy":"post_tag","embeddable":true,"href":"https:\/\/www.europesays.com\/lt\/wp-json\/wp\/v2\/tags?post=265702"}],"curies":[{"name":"wp","href":"https:\/\/api.w.org\/{rel}","templated":true}]}}