{"id":265710,"date":"2026-08-31T15:31:41","date_gmt":"2026-08-31T15:31:41","guid":{"rendered":"https:\/\/www.europesays.com\/lt\/265710\/"},"modified":"2026-08-31T15:31:41","modified_gmt":"2026-08-31T15:31:41","slug":"karas-ukrainoje-absoliuciai-apgalvota-strategija-ukraina-atskleide-rusu-planus","status":"publish","type":"post","link":"https:\/\/www.europesays.com\/lt\/265710\/","title":{"rendered":"Karas Ukrainoje. \u201eAbsoliu\u010diai apgalvota strategija\u201c: Ukraina atskleid\u0117 rus\u0173 planus"},"content":{"rendered":"\n<p>Vokietijos kancleris Friedrichas Merzas sekmadien\u012f parei\u0161k\u0117, kad Berlynas kartu su s\u0105jungininkais Europoje ir NATO koordinuoja atsak\u0105 \u012f rugpj\u016b\u010dio m\u0117nes\u012f Leipcigo oro uoste \u012fvykus\u012f incident\u0105. Pagal \u017einiasklaidos turim\u0105 informacij\u0105, Vokietija d\u0117l pasik\u0117sinimo \u012fvykdyti diversij\u0105 ketina apkaltinti Rusij\u0105 ir jai \u012fvesti naujas sankcijas.<\/p>\n<p>Berlyno reakcija \u201e\u0161iuo metu galutinai derinama su Europos S\u0105junga ir NATO partneriais\u201c, F. Merzas sak\u0117 televizijai ARD per tradicin\u012f vasaros interviu.<\/p>\n<p>Jo vyriausyb\u0117 dar turi patvirtinti, kas atsakingas u\u017e incident\u0105 Leipcigo oro uoste, ta\u010diau manoma, kad j\u012f gal\u0117jo suorganizuoti Rusija.<\/p>\n<p>Kancleris atsisak\u0117 komentuoti \u0161\u012f klausim\u0105, ta\u010diau teig\u0117, kad tyrimas art\u0117ja prie pabaigos, o jo vyriausyb\u0117 jau yra sutarusi d\u0117l atsako.<\/p>\n<p>Rugpj\u016b\u010dio 4 d. Leipcigo\u2013Hal\u0117s oro uosto teritorijoje prie Ukrainos krovininio l\u0117ktuvo buvo rastas dronas su sprogmenimis ir detonatoriumi.<\/p>\n<p>Federalin\u0117 prokurat\u016bra per\u0117m\u0117 tyrim\u0105 ir incident\u0105 vertina kaip \u201erimt\u0105 i\u0161puol\u012f prie\u0161 Vokietijos <a href=\"https:\/\/www.tv3.lt\/rubrika\/naujienos\/verslas\/transportas\" target=\"_blank\" class=\"phrase\" rel=\"nofollow noopener\">transporto<\/a> ir logistikos infrastrukt\u016br\u0105\u201c.<\/p>\n<p>Vidaus reikal\u0173 ministras Alexanderis Dobrindtas v\u0117liau teig\u0117, kad incidentas Leipcige yra platesnio rei\u0161kinio dalis, o ne pavienis atvejis.<\/p>\n<p>Saugumo tarnybos pastaraisiais metais persp\u0117jo apie Rusijos hibridines atakas, o Vokietija ir jos NATO s\u0105junginink\u0117s daug investuoja \u012f gynyb\u0105, kad pasiprie\u0161int\u0173 Maskvos gr\u0117smei.<\/p>\n<p> \u017diniasklaida: Berlynas apkaltins Maskv\u0105 <\/p>\n<p>Tuo metu leidinys \u201ePolitico\u201c ir Vokietijos laikra\u0161tis \u201eWelt am Sonntag\u201c remdamiesi \u0161altiniais paskelb\u0117, kad artimiausiomis dienomis Vokietijos kancleris F. Merzas ketina paskelbti, jog atsakomyb\u0117 d\u0117l pasik\u0117sinimo \u012fvykdyti diversij\u0105 Leipcigo oro uoste, kur buvo rastas dronas su sprogmenimis, tenka Rusijai.\u00a0<\/p>\n<p>Manoma, kad F. Merzas paskelbs naujas sankcijas Maskvai. Pasak \u0161i\u0173 dviej\u0173 \u017einiasklaidos priemoni\u0173, sankcij\u0173 paketas sujungt\u0173 tiesiogines Vokietijos priemones su naujomis Europos S\u0105jungos (ES) sankcijomis, kurios rengiamos Briuselyje.<\/p>\n<p>Vienas \u0161altinis atskleid\u0117, kad pavieni\u0173 Rusijos diplomat\u0173 i\u0161siuntimas i\u0161 Vokietijos arba \u201eRusijos nam\u0173\u201c Berlyne u\u017edarymas nebelaikomi tinkamu atsaku \u012f dron\u0173 incident\u0105 Leipcige. Pasak \u0161altinio, reikia tvirtesni\u0173 veiksm\u0173 \u2013 grie\u017etesni\u0173 sankcij\u0173 ar dar didesnio ginkl\u0173 tiekimo Ukrainai.<\/p>\n<p>\u201ePolitico\u201c \u017einiomis, Berlynas taip pat prad\u0117jo ruo\u0161tis grie\u017etai Maskvos reakcijai.<\/p>\n<p>Su \u201ePolitico\u201c kalb\u0117j\u0119 \u0161altiniai Vokietijos planuojamus \u017eingsnius apib\u016bdina kaip \u201eZeitenwende 2.0\u201c \u2013 antr\u0105j\u012f istorin\u012f l\u016b\u017e\u012f. Pirm\u0105 kart\u0105 \u0161\u012f \u201eZeitenwende\u201c termin\u0105 pavartojo tuometis Vokietijos kancleris Olafas Scholzas, kalb\u0117damas apie Rusijos plataus masto invazij\u0105 \u012f Ukrain\u0105, kai jis paskelb\u0117 apie staigius Berlyno santyki\u0173 su Maskva poky\u010dius.<\/p>\n<p> Investicijos \u012f gynyb\u0105 <\/p>\n<p>Interviu metu F. Merzo taip pat teirautasi apie dideles investicijas \u012f gynyb\u0105. Vokietijos kariuomen\u0117s, Bundesvero, biud\u017eetas tur\u0117t\u0173 i\u0161augti nuo 82 mlrd. eur\u0173 2026 m. iki 153 mlrd. eur\u0173 2028 m.<\/p>\n<p>\u201eTurime taisyti pastar\u0173j\u0173 15-os met\u0173 tr\u016bkumus. Bundesvere tr\u016bkum\u0173 netur\u0117t\u0173 b\u016bti. Vokietija privalo sugeb\u0117ti apsiginti pati\u201c, \u2013 parei\u0161k\u0117 kancleris.<\/p>\n<p>\u201eKokia mums nauda i\u0161 did\u017eiausios t\u0117vyst\u0117s i\u0161mokos, jeigu prarastume savo laisv\u0119, o taika Europoje atsidurt\u0173 pavojuje?\u201c, \u2013 retori\u0161kai klaus\u0117 jis.<\/p>\n<p>Vis d\u0117lto jis pabr\u0117\u017e\u0117, kad gynybos projektai turi tapti \u201ekur kas ekonomi\u0161kesni\u201c ir \u00a0paskelb\u0117 apie nauj\u0105 vie\u0161\u0173j\u0173 pirkim\u0173 proced\u016br\u0173 per\u017ei\u016br\u0105, kuri bus atliekama bendradarbiaujant su gynybos ministru Borisu Pistoriumi.<\/p>\n<p>F. Merzas teigia, kad tikslas yra kariuomen\u0117s modernizavimas.<\/p>\n<p>\u201eNenorime b\u016bti priversti naudoti senas ginkluot\u0117s sistemas. Matome, kad technologij\u0173 pl\u0117tra spar\u010diai juda \u012f priek\u012f, \u012fskaitant ir gynybos pramon\u0119\u201c, \u2013 ai\u0161kino Vokietijos kancleris.<\/p>\n<p>Anot jo, universitetuose ir mokslini\u0173 tyrim\u0173 \u012fstaigose kyla nauj\u0173 id\u0117j\u0173, o gynybos pramon\u0117s startuoliai spar\u010diai auga.<\/p>\n<p>Jis teigia, kad ginkluot\u0117 neb\u016btinai turi b\u016bti brangi ir atkreip\u0117 d\u0117mes\u012f \u012f Ukrainos patirt\u012f vystant nebrangius gynybos projektus, pavyzd\u017eiui, bepilotes skraidykles, kurios naudojamos kare su Rusija.<\/p>\n<p>ELTA primena, kad rugpj\u016b\u010dio 25 d. dabartinis Vokietijos kancleris F. Merzas parei\u0161k\u0117, kad asmenys ir grupuot\u0117s, atsakingos u\u017e hibridines atakas prie\u0161 Vokietij\u0105 \u2013 tokias kaip oro uoste rastas dronas su sprogmenimis \u2013 \u201eu\u017e tai sumok\u0117s\u201c, ta\u010diau konkretaus \u012ftariamojo ne\u012fvardijo.<\/p>\n<p>Rugpj\u016b\u010dio 5 d. Vokietijos Leipcigo\/Hal\u0117s oro uoste netoli Ukrainos krovininio l\u0117ktuvo \u201eAntonov An-124\u201c, buvo rastas dronas su sprogmenimis. Kitas dronas, regis, susid\u016br\u0117 su DHL krovininiu l\u0117ktuvu, at\u0161aukusiu nusileidim\u0105 Leipcige, kai d\u0117l pirmojo incidento buvo u\u017edaryti kilimo ir t\u016bpimo takai.<\/p>\n","protected":false},"excerpt":{"rendered":"Vokietijos kancleris Friedrichas Merzas sekmadien\u012f parei\u0161k\u0117, kad Berlynas kartu su s\u0105jungininkais Europoje ir NATO koordinuoja atsak\u0105 \u012f rugpj\u016b\u010dio&hellip;\n","protected":false},"author":2,"featured_media":265711,"comment_status":"","ping_status":"","sticky":false,"template":"","format":"standard","meta":{"footnotes":"","_share_on_mastodon":"0"},"categories":[6],"tags":[38524,25,30,31,57,43,34,35,55,48,24,54,51,49,50,32,33,37,39,36,38,40,45,23,22,44,28,29,53,42,56,47,26,27,41,46,58,52],"class_list":["post-265710","post","type-post","status-publish","format-standard","has-post-thumbnail","category-antrastes","tag-2026-08-31-070800","tag-antrastes","tag-breaking-news","tag-breakingnews","tag-daiktai","tag-dienos-kronika","tag-featured-news","tag-featurednews","tag-gatves-tekstai","tag-gyvenimas","tag-headlines","tag-interneto-pievos","tag-keliones","tag-kultura","tag-laisvalaikis","tag-latest-news","tag-latestnews","tag-lietuva","tag-lietuviu","tag-lithuania","tag-lithuanian","tag-lt","tag-mokslas-ir-it","tag-naujienos","tag-news","tag-pasaulis","tag-populiariausios-naujienos","tag-populiariausiosnaujienos","tag-projektai","tag-rinktiniai-tekstai","tag-simtmecio-portalas","tag-sportas","tag-top-stories","tag-topstories","tag-tv3-lt","tag-verslas","tag-video","tag-zaidimai"],"share_on_mastodon":{"url":"","error":"Validation failed: Text character limit of 500 exceeded"},"_links":{"self":[{"href":"https:\/\/www.europesays.com\/lt\/wp-json\/wp\/v2\/posts\/265710","targetHints":{"allow":["GET"]}}],"collection":[{"href":"https:\/\/www.europesays.com\/lt\/wp-json\/wp\/v2\/posts"}],"about":[{"href":"https:\/\/www.europesays.com\/lt\/wp-json\/wp\/v2\/types\/post"}],"author":[{"embeddable":true,"href":"https:\/\/www.europesays.com\/lt\/wp-json\/wp\/v2\/users\/2"}],"replies":[{"embeddable":true,"href":"https:\/\/www.europesays.com\/lt\/wp-json\/wp\/v2\/comments?post=265710"}],"version-history":[{"count":0,"href":"https:\/\/www.europesays.com\/lt\/wp-json\/wp\/v2\/posts\/265710\/revisions"}],"wp:featuredmedia":[{"embeddable":true,"href":"https:\/\/www.europesays.com\/lt\/wp-json\/wp\/v2\/media\/265711"}],"wp:attachment":[{"href":"https:\/\/www.europesays.com\/lt\/wp-json\/wp\/v2\/media?parent=265710"}],"wp:term":[{"taxonomy":"category","embeddable":true,"href":"https:\/\/www.europesays.com\/lt\/wp-json\/wp\/v2\/categories?post=265710"},{"taxonomy":"post_tag","embeddable":true,"href":"https:\/\/www.europesays.com\/lt\/wp-json\/wp\/v2\/tags?post=265710"}],"curies":[{"name":"wp","href":"https:\/\/api.w.org\/{rel}","templated":true}]}}