{"id":265722,"date":"2026-08-31T15:49:14","date_gmt":"2026-08-31T15:49:14","guid":{"rendered":"https:\/\/www.europesays.com\/lt\/265722\/"},"modified":"2026-08-31T15:49:14","modified_gmt":"2026-08-31T15:49:14","slug":"prancuzijoje-uzblokuota-monaco-iesko-prieglobscio-adrijos-lygoje-naujienos","status":"publish","type":"post","link":"https:\/\/www.europesays.com\/lt\/265722\/","title":{"rendered":"Pranc\u016bzijoje u\u017eblokuota \u201eMonaco\u201c ie\u0161ko prieglobs\u010dio Adrijos lygoje \/ Naujienos"},"content":{"rendered":"<p>I\u0161 Pranc\u016bzijos krep\u0161inio lygos pa\u0161alintas \u201eMonaco\u201c klubas ie\u0161ko galimybi\u0173 rungtyniauti kitur ir kreip\u0117si \u012f Adrijos lyg\u0105. U\u017e teis\u0119 prisijungti prie turnyro Monako ekipa si\u016blo pus\u0119 milijono eur\u0173.<\/p>\n<p data-path-to-node=\"0\">Pradingusi galimyb\u0117 rungtyniauti paj\u0117giausioje Pranc\u016bzijos lygoje privert\u0117 \u201e<a href=\"https:\/\/www.basketnews.lt\/komandos\/2222-monaco.html\" rel=\"nofollow noopener\" target=\"_blank\">Monaco<\/a>\u201c ie\u0161koti progos ateinant\u012f sezon\u0105 prisijungti prie kit\u0173 Europos pirmenybi\u0173.<\/p>\n<p data-path-to-node=\"1\">Kaip prane\u0161a \u201eSport Klub\u201c, klubo vadovai susisiek\u0117 su Adrijos lygos atstovais ir parei\u0161k\u0117 nor\u0105 dalyvauti art\u0117jan\u010dio sezono turnyre.<\/p>\n<p data-path-to-node=\"1\">Teigiama, kad Monako ekipos atstovai supranta, kad kreipiasi gana v\u0117lai, ta\u010diau u\u017e galimyb\u0119 prisijungti yra pasireng\u0119 sumok\u0117ti pus\u0119 milijono eur\u0173.<\/p>\n<p data-path-to-node=\"2\">Nors tikimyb\u0117, kad jie papuls \u012f Adrijos lyg\u0105, yra nedidel\u0117, neoficialiomis \u017einiomis, \u0161ansas vis dar i\u0161lieka. \u0160is klausimas tur\u0117t\u0173 b\u016bti svarstomas rugs\u0117jo 4 dien\u0105 numatytame lygos susirinkime.<\/p>\n<p> \u201eMonaco\u201c pa\u0161alinta i\u0161 Pranc\u016bzijos \u010dempionato <\/p>\n<p data-path-to-node=\"9\">Dabartiniams Pranc\u016bzijos \u010dempionams \u201eMonaco\u201c neseniai buvo u\u017edrausta var\u017eytis auk\u0161\u010diausioje lygoje.<\/p>\n<p data-path-to-node=\"9\">Jei planas prisijungti prie Adrijos lygos \u017elugs, geriausiu atveju ateinant\u012f sezon\u0105 jiems teks rungtyniauti tre\u010dioje vietin\u0117je lygoje.<\/p>\n<p data-path-to-node=\"10\">Nors b\u016bta \u017eenkl\u0173 apie finansin\u0117s pad\u0117ties stabilizavim\u0105si ir galim\u0105 nauj\u0173 r\u0117m\u0117j\u0173 at\u0117jim\u0105, gal\u0117jus\u012f suteikti komandai tvirt\u0105 finansin\u012f stubur\u0105, poky\u010diai \u012fvyko per v\u0117lai. Po keli\u0173 m\u0117nesi\u0173 ne\u012fvykdyt\u0173 pa\u017ead\u0173 \u201eMonaco\u201c klubui nuolaid\u0173 daugiau nebebus daroma.<\/p>\n<p data-path-to-node=\"11\">Kaip prane\u0161a \u201eNice-Matin\u201c, Pranc\u016bzijos krep\u0161inio federacija atmet\u0117 klubo pra\u0161ym\u0105 skubiai persvarstyti jo parai\u0161k\u0105.<\/p>\n<p data-path-to-node=\"12\">Administracinis teismas i\u0161lieka vienintelis teisinis kelias \u201eMonaco\u201c klubui, ta\u010diau, remiantis prane\u0161imais, komandos vadovyb\u0117 neplanuoja teikti apeliacijos.<\/p>\n<p>                                                    <a href=\"https:\/\/www.basketnews.lt\/plius?utm_source=basketnews_lt&amp;utm_medium=bn_plus&amp;utm_id=&amp;utm_campaign=banners_free_content_for_not_members_bottom_8\" class=\"banners_paid_content_info_block_white banners-paid-content-info-block-white\" data-google-interstitial=\"false\" rel=\"nofollow noopener\" target=\"_blank\"><\/p>\n<p>                                                <img decoding=\"async\" class=\"bn-plus-img img-fluid\" src=\"https:\/\/www.europesays.com\/lt\/wp-content\/uploads\/2026\/08\/1788191354_450_bn-plus.png\" alt=\"\"\/><\/p>\n<p>                                            A\u010di\u016b, kad mus skaitote! Mes jums turime dar daugiau turinio.<\/p>\n<p>                                                            <\/a><\/p>\n","protected":false},"excerpt":{"rendered":"I\u0161 Pranc\u016bzijos krep\u0161inio lygos pa\u0161alintas \u201eMonaco\u201c klubas ie\u0161ko galimybi\u0173 rungtyniauti kitur ir kreip\u0117si \u012f Adrijos lyg\u0105. U\u017e teis\u0119&hellip;\n","protected":false},"author":2,"featured_media":265723,"comment_status":"","ping_status":"","sticky":false,"template":"","format":"standard","meta":{"footnotes":"","_share_on_mastodon":"0"},"categories":[6],"tags":[25,30,31,34,35,24,32,33,37,39,36,38,40,23,22,28,29,26,27],"class_list":["post-265722","post","type-post","status-publish","format-standard","has-post-thumbnail","category-antrastes","tag-antrastes","tag-breaking-news","tag-breakingnews","tag-featured-news","tag-featurednews","tag-headlines","tag-latest-news","tag-latestnews","tag-lietuva","tag-lietuviu","tag-lithuania","tag-lithuanian","tag-lt","tag-naujienos","tag-news","tag-populiariausios-naujienos","tag-populiariausiosnaujienos","tag-top-stories","tag-topstories"],"share_on_mastodon":{"url":"https:\/\/pubeurope.com\/@lt\/117190916280726263","error":""},"_links":{"self":[{"href":"https:\/\/www.europesays.com\/lt\/wp-json\/wp\/v2\/posts\/265722","targetHints":{"allow":["GET"]}}],"collection":[{"href":"https:\/\/www.europesays.com\/lt\/wp-json\/wp\/v2\/posts"}],"about":[{"href":"https:\/\/www.europesays.com\/lt\/wp-json\/wp\/v2\/types\/post"}],"author":[{"embeddable":true,"href":"https:\/\/www.europesays.com\/lt\/wp-json\/wp\/v2\/users\/2"}],"replies":[{"embeddable":true,"href":"https:\/\/www.europesays.com\/lt\/wp-json\/wp\/v2\/comments?post=265722"}],"version-history":[{"count":0,"href":"https:\/\/www.europesays.com\/lt\/wp-json\/wp\/v2\/posts\/265722\/revisions"}],"wp:featuredmedia":[{"embeddable":true,"href":"https:\/\/www.europesays.com\/lt\/wp-json\/wp\/v2\/media\/265723"}],"wp:attachment":[{"href":"https:\/\/www.europesays.com\/lt\/wp-json\/wp\/v2\/media?parent=265722"}],"wp:term":[{"taxonomy":"category","embeddable":true,"href":"https:\/\/www.europesays.com\/lt\/wp-json\/wp\/v2\/categories?post=265722"},{"taxonomy":"post_tag","embeddable":true,"href":"https:\/\/www.europesays.com\/lt\/wp-json\/wp\/v2\/tags?post=265722"}],"curies":[{"name":"wp","href":"https:\/\/api.w.org\/{rel}","templated":true}]}}