{"id":265736,"date":"2026-08-31T16:18:17","date_gmt":"2026-08-31T16:18:17","guid":{"rendered":"https:\/\/www.europesays.com\/lt\/265736\/"},"modified":"2026-08-31T16:18:17","modified_gmt":"2026-08-31T16:18:17","slug":"cnn-atsiprase-mirusios-dolly-parton-seimos-paaiskejo-kas-ivyko-vardai","status":"publish","type":"post","link":"https:\/\/www.europesays.com\/lt\/265736\/","title":{"rendered":"CNN atsipra\u0161\u0117 mirusios Dolly Parton \u0161eimos: paai\u0161k\u0117jo, kas \u012fvyko | Vardai"},"content":{"rendered":"<p>Kanalas panaudojo Las Vegase pasirodan\u010dios D.Parton pam\u0117gd\u017eiotojos (imitator\u0117s) Kelly Vohnn nuotrauk\u0105. Po \u0161io prane\u0161imo 58-eri\u0173 imitator\u0119 u\u017epl\u016bdo susir\u016bpinusi\u0173 draug\u0173 \u017einut\u0117s, ra\u0161o iltalehti.fi.<\/p>\n<p>Ketvirtadien\u012f CNN pateik\u0117 atsipra\u0161ym\u0105 D.Parton \u0161eimai:<\/p>\n<p>\u201eGailim\u0117s d\u0117l \u0161ios klaidos ir atsipra\u0161ome Parton \u0161eimos\u201c \u2013 leidiniui \u201eNew York Post\u201c komentavo CNN atstovai.<\/p>\n<p>D.Parton \u0161eima \u0161ios situacijos nepakomentavo.<\/p>\n<p>K.Vohnn teigimu, laidoje parodyta nuotrauka buvo daryta gruod\u017eio m\u0117nes\u012f ant raudonojo kilimo, vykstant filmo \u201eSong Sung Blue\u201c per\u017ei\u016brai Las Vegase.<\/p>\n<p>\u201eMano \u0161irdis jau ir taip buvo sudau\u017eyta d\u0117l Dolly netekties, nes ji man, kaip moteriai ir menininkei, dav\u0117 be galo daug. Ta\u010diau i\u0161vysti tas nuotraukas ekrane buvo tikrai keista\u201c \u2013 \u201eNew York Post\u201c pasakojo K. Vohnn.<\/p>\n<p>K.Vohnn apgailestauja, kad vietoj \u0161ios klaidos buvo galima pasirinkti bet kurias nuostabias akimirkas bei nuotraukas i\u0161 turtingos legendos karjeros. Ji taip pat pabr\u0117\u017e\u0117 esanti pagerbimo rengini\u0173 atlik\u0117ja (tributo atlik\u0117ja), t. y. ji niekada neband\u0117 apsimesti tikr\u0105ja Dolly.<\/p>\n<p>\u201eA\u0161 visada buvau \u017einoma kaip Dolly ir daugelio kit\u0173 \u017evaig\u017ed\u017ei\u0173 tributo atlik\u0117ja, \u2013 teig\u0117 K.Vohnn.<\/p>\n<p>\u201eNew York Post\u201c straipsnyje matoma CNN transliacijos i\u0161trauka ir panaudota neteisinga nuotrauka.<\/p>\n","protected":false},"excerpt":{"rendered":"Kanalas panaudojo Las Vegase pasirodan\u010dios D.Parton pam\u0117gd\u017eiotojos (imitator\u0117s) Kelly Vohnn nuotrauk\u0105. Po \u0161io prane\u0161imo 58-eri\u0173 imitator\u0119 u\u017epl\u016bdo susir\u016bpinusi\u0173&hellip;\n","protected":false},"author":2,"featured_media":265737,"comment_status":"","ping_status":"","sticky":false,"template":"","format":"standard","meta":{"footnotes":"","_share_on_mastodon":"0"},"categories":[21],"tags":[113,37,39,36,38,40,114],"class_list":["post-265736","post","type-post","status-publish","format-standard","has-post-thumbnail","category-pramogos","tag-entertainment","tag-lietuva","tag-lietuviu","tag-lithuania","tag-lithuanian","tag-lt","tag-pramogos"],"share_on_mastodon":{"url":"https:\/\/pubeurope.com\/@lt\/117191029702710983","error":""},"_links":{"self":[{"href":"https:\/\/www.europesays.com\/lt\/wp-json\/wp\/v2\/posts\/265736","targetHints":{"allow":["GET"]}}],"collection":[{"href":"https:\/\/www.europesays.com\/lt\/wp-json\/wp\/v2\/posts"}],"about":[{"href":"https:\/\/www.europesays.com\/lt\/wp-json\/wp\/v2\/types\/post"}],"author":[{"embeddable":true,"href":"https:\/\/www.europesays.com\/lt\/wp-json\/wp\/v2\/users\/2"}],"replies":[{"embeddable":true,"href":"https:\/\/www.europesays.com\/lt\/wp-json\/wp\/v2\/comments?post=265736"}],"version-history":[{"count":0,"href":"https:\/\/www.europesays.com\/lt\/wp-json\/wp\/v2\/posts\/265736\/revisions"}],"wp:featuredmedia":[{"embeddable":true,"href":"https:\/\/www.europesays.com\/lt\/wp-json\/wp\/v2\/media\/265737"}],"wp:attachment":[{"href":"https:\/\/www.europesays.com\/lt\/wp-json\/wp\/v2\/media?parent=265736"}],"wp:term":[{"taxonomy":"category","embeddable":true,"href":"https:\/\/www.europesays.com\/lt\/wp-json\/wp\/v2\/categories?post=265736"},{"taxonomy":"post_tag","embeddable":true,"href":"https:\/\/www.europesays.com\/lt\/wp-json\/wp\/v2\/tags?post=265736"}],"curies":[{"name":"wp","href":"https:\/\/api.w.org\/{rel}","templated":true}]}}