{"id":265740,"date":"2026-08-31T16:32:47","date_gmt":"2026-08-31T16:32:47","guid":{"rendered":"https:\/\/www.europesays.com\/lt\/265740\/"},"modified":"2026-08-31T16:32:47","modified_gmt":"2026-08-31T16:32:47","slug":"eksministras-pareikalavo-prezidento-pasiaiskinti-respublika-lt","status":"publish","type":"post","link":"https:\/\/www.europesays.com\/lt\/265740\/","title":{"rendered":"Eksministras pareikalavo prezidento pasiai\u0161kinti &#8211; Respublika.lt"},"content":{"rendered":"<p>    \u00d7<\/p>\n<p>    (1\/1) Buv\u0119s Ukrainos gynybos ministras Mychailo Fiodorovas. Stop kadras <a href=\"https:\/\/www.respublika.lt\/uploads\/img\/catalog\/1\/photo_1_33263602.png\" class=\"swiper-photo-download\" download=\"\" rel=\"nofollow noopener\" target=\"_blank\">Atsisi\u0173sti<\/a><\/p>\n<p><img loading=\"lazy\" decoding=\"async\" src=\"https:\/\/www.respublika.lt\/lt\/naujienos\/pasaulis\/pasaulio_politika\/eksministras-pareikalavo-prezidento-pasiaiskinti\/images\/ico_camera_white.gif\" class=\"camera\" width=\"22\" height=\"15\" alt=\"nuotr.\" style=\"position:relative; top:-2px; right:2px;\"\/> 1 nuotr.<\/p>\n<p>Buv\u0119s Ukrainos gynybos ministras Mychailo Fiodorovas. Stop kadras<\/p>\n<p>Buv\u0119s Ukrainos gynybos ministras Mychailo Fiodorovas paragino prezident\u0105 Volodymyr\u0105 Zelensk\u012f vie\u0161ai atsakyti \u012f klausim\u0105, ar jis \u017eino apie korupcijos schemas savo artimiausioje aplinkoje, prane\u0161\u0117 \u201eUkrainskaja pravda&#8221;.<\/p>\n<p style=\"text-align: justify;\" class=\"desktop_banner\">\u00a0<\/p>\n<p>Tiesa, M.Fiodorovas pabr\u0117\u017e\u0117, kad neturi joki\u0173 \u012frodym\u0173 apie paties V.Zelenskio dalyvavim\u0105 korupciniuose veiksmuose.<\/p>\n<p>Jo klausimas susij\u0119s su tuo, ar valstyb\u0117s vadovas tur\u0117jo informacijos apie savo pavaldini\u0173 veiksmus.<\/p>\n<p>Parei\u0161kimas nuskamb\u0117jo skandalo su prezidento kanceliarijos vadovo pavaduotojos Irynos Mudros, kuri buvo atleista rugpj\u016b\u010dio 19 d. po to, kai Ukrainos nacionalinis antikorupcinis biuras pavie\u0161ino turim\u0105 med\u017eiag\u0105, fone.<\/p>\n<p>Tai &#8211; ne pirmas rezonansinis M.Fiodorovo parei\u0161kimas.<\/p>\n<p>Kiek anks\u010diau jis ragino surengti Ukrainoje prezidento rinkimus ir \u201emitiniais&#8221; vadino teiginius, es\u0105 tai ne\u012fmanoma vykstant karui.<\/p>\n<p>Pasak jo, rinkimus galima suorganizuoti pakankamai greitai. Tokie buvusio gynybos ministro teiginiai suk\u0117l\u0117 didel\u012f visuomen\u0117s pasipiktinim\u0105.<\/p>\n<p>M.Fiodorovas paliko savo post\u0105 liepos 14 d. Pasak \u017einiasklaidos prane\u0161im\u0173, atsistatydinimo prie\u017eastis buvo konfliktas su Ukrainos ginkluot\u0173j\u0173 paj\u0117g\u0173 vyriausiuoju vadu Aleksandru Syrskiu.<\/p>\n<p>Nuo to laiko buv\u0119s ministras aktyviai kritikuoja vald\u017eios veiksmus ir reikalauja politini\u0173 poky\u010di\u0173.<\/p>\n<p>Jo dabartinis parei\u0161kimas apie korupcij\u0105 V.Zelenskio aplinkoje buvo naujausias \u017eingsnis vie\u0161ame konflikte su dabartine \u0161alies administracija.<\/p>\n<p>Patiko straipsnis? Leisk mums apie tai su\u017einoti. Nepamir\u0161k pasidalinti Facebook! <\/p>\n<p><img loading=\"lazy\" decoding=\"async\" class=\"p2_social_circle_icon\" src=\"https:\/\/www.respublika.lt\/images\/thumbs_up.svg\" width=\"21\" height=\"22\" alt=\"L\"\/><\/p>\n<p><img loading=\"lazy\" decoding=\"async\" class=\"p2_social_circle_icon\" src=\"https:\/\/www.respublika.lt\/images\/facebook.svg\" alt=\"F\" width=\"22\" height=\"22\" style=\"filter: invert(37%) sepia(55%) saturate(2351%) hue-rotate(187deg) brightness(102%) contrast(106%);\"\/><\/p>\n<p>&#13;<br \/>\n\tNesutinkate &#8211; diskutuokime!<br \/>&#13;<br \/>\n\tNepykite komentatoriai, bet komentarai su keiksma\u017eod\u017eiais bus \u0161alinami automati\u0161kai, be atsipra\u0161ymo.\n    <\/p>\n<p>&#13;<br \/>\n              Respublika.lt pasilieka teis\u0119 pa\u0161alinti nekult\u016bringus, keiksma\u017eod\u017eiais pagardintus, su tema nesusijusius, kito asmens vardu pasira\u0161ytus, \u012fstatymus pa\u017eeid\u017eian\u010dius, \u0161lam\u0161t\u0105 reklamuojan\u010dius ar nusikalsti kurstan\u010dius komentarus. Jei kurstysite smurt\u0105, rasin\u0119, tautin\u0119, religin\u0119 ar kitokio pob\u016bd\u017eio neapykant\u0105, \u017evirbliu i\u0161skrid\u0119 j\u016bs\u0173 \u017eod\u017eiai gr\u012f\u017edami gali virsti ton\u0105 sverian\u010diu jau\u010diu &#8211; specialiosioms Lietuvos tarnyboms pareikalavus suteiksime j\u016bs\u0173 duomenis.\n            <\/p>\n","protected":false},"excerpt":{"rendered":"\u00d7 (1\/1) Buv\u0119s Ukrainos gynybos ministras Mychailo Fiodorovas. Stop kadras Atsisi\u0173sti 1 nuotr. Buv\u0119s Ukrainos gynybos ministras Mychailo&hellip;\n","protected":false},"author":2,"featured_media":265741,"comment_status":"","ping_status":"","sticky":false,"template":"","format":"standard","meta":{"footnotes":"","_share_on_mastodon":"0"},"categories":[15],"tags":[25,30,31,34,35,16599,24,2717,32,33,37,39,36,38,40,38175,23,22,44,28,29,38556,26,27,360,74,75,76,363],"class_list":["post-265740","post","type-post","status-publish","format-standard","has-post-thumbnail","category-pasaulis","tag-antrastes","tag-breaking-news","tag-breakingnews","tag-featured-news","tag-featurednews","tag-fiodorovas","tag-headlines","tag-korupcija","tag-latest-news","tag-latestnews","tag-lietuva","tag-lietuviu","tag-lithuania","tag-lithuanian","tag-lt","tag-mudra","tag-naujienos","tag-news","tag-pasaulis","tag-populiariausios-naujienos","tag-populiariausiosnaujienos","tag-syrskis","tag-top-stories","tag-topstories","tag-ukraina","tag-world","tag-world-news","tag-worldnews","tag-zelenskis"],"share_on_mastodon":{"url":"https:\/\/pubeurope.com\/@lt\/117191085307801209","error":""},"_links":{"self":[{"href":"https:\/\/www.europesays.com\/lt\/wp-json\/wp\/v2\/posts\/265740","targetHints":{"allow":["GET"]}}],"collection":[{"href":"https:\/\/www.europesays.com\/lt\/wp-json\/wp\/v2\/posts"}],"about":[{"href":"https:\/\/www.europesays.com\/lt\/wp-json\/wp\/v2\/types\/post"}],"author":[{"embeddable":true,"href":"https:\/\/www.europesays.com\/lt\/wp-json\/wp\/v2\/users\/2"}],"replies":[{"embeddable":true,"href":"https:\/\/www.europesays.com\/lt\/wp-json\/wp\/v2\/comments?post=265740"}],"version-history":[{"count":0,"href":"https:\/\/www.europesays.com\/lt\/wp-json\/wp\/v2\/posts\/265740\/revisions"}],"wp:featuredmedia":[{"embeddable":true,"href":"https:\/\/www.europesays.com\/lt\/wp-json\/wp\/v2\/media\/265741"}],"wp:attachment":[{"href":"https:\/\/www.europesays.com\/lt\/wp-json\/wp\/v2\/media?parent=265740"}],"wp:term":[{"taxonomy":"category","embeddable":true,"href":"https:\/\/www.europesays.com\/lt\/wp-json\/wp\/v2\/categories?post=265740"},{"taxonomy":"post_tag","embeddable":true,"href":"https:\/\/www.europesays.com\/lt\/wp-json\/wp\/v2\/tags?post=265740"}],"curies":[{"name":"wp","href":"https:\/\/api.w.org\/{rel}","templated":true}]}}