{"id":265754,"date":"2026-08-31T17:08:21","date_gmt":"2026-08-31T17:08:21","guid":{"rendered":"https:\/\/www.europesays.com\/lt\/265754\/"},"modified":"2026-08-31T17:08:21","modified_gmt":"2026-08-31T17:08:21","slug":"prie-akropolio-maiselis-su-kysiu-ir-dovanomis-kariuomenes-atstovui-ismuse-saugiklius","status":"publish","type":"post","link":"https:\/\/www.europesays.com\/lt\/265754\/","title":{"rendered":"Prie \u201eAkropolio\u201c \u2013 mai\u0161elis su ky\u0161iu ir dovanomis: kariuomen\u0117s atstovui \u201ei\u0161mu\u0161\u0117 saugiklius\u201c"},"content":{"rendered":"<p>\u201eI\u0161mu\u0161\u0117 saugiklius\u201c, \u2013\u00a0savo emocin\u0119 b\u016bkl\u0119 netik\u0117tai gavus dovan\u0173 mai\u0161el\u012f su 3\u00a0t\u016bkst. eur\u0173, vyno buteliu ir u\u017ekand\u017eiais Kauno apylink\u0117s teisme Kai\u0161iadoryse apib\u016bdino I. \u0160iaudys.<\/p>\n<p>Jis r\u016bpinasi statybos darb\u0173 technine prie\u017ei\u016bra, priima darbus, kariuomen\u0117je dirba pagal darbo sutart\u012f.<\/p>\n<p>Pernai gruod\u012f prie \u201eAkropolio\u201c pastato Kaune i\u0161 rangov\u0173 neteis\u0117t\u0105 dovan\u0105 gav\u0119s kariuomen\u0117s atstovas teismui liudijo, kad buvo sukr\u0117stas, I. \u0160iaudys sak\u0117, jog i\u0161 prad\u017ei\u0173 net gerai neap\u017ei\u016br\u0117jo dovanos turinio. Apie galim\u0105 ky\u0161\u012f jis suskubo prane\u0161ti tarnyboms \u2013 Antrajam operatyviniam departamentui (AOTD), \u012fvykiu netrukus susidom\u0117jo Karo policija ir Speciali\u0173j\u0173 tyrim\u0173 tarnyba (STT).<\/p>\n<p>Kaltinimai galimos korupcijos byloje pateikti Vilniuje registruotai statyb\u0173 bendrovei \u201eVersiculus\u201c ir vienam i\u0161 jos akcinink\u0173 Evaldui Gudynui. Jie parodym\u0173 teismui kol kas nedav\u0117.<\/p>\n<p>Kaip skelb\u0117 STT ir prokurat\u016bra, tyrimo metu surinkt\u0173 duomen\u0173 visuma leid\u017eia pagr\u012fstai \u012ftarti, kad ky\u0161is buvo duodamas u\u017e pageidaujam\u0105 asmens, prilyginto valstyb\u0117s tarnautojui, palankum\u0105, vertinant bendrov\u0117s atliktus statybos darbus pagal vie\u0161ojo pirkimo sutart\u012f, sudaryt\u0105 su Kra\u0161to apsaugos ministerija. Sutarties vert\u0117 vir\u0161ija 1 mln. 287 t\u016bkst. eur\u0173.<\/p>\n<p>Mai\u0161el\u012f su pinigais ir dovanomis perdav\u0117 prie \u201eAkropolio\u201c<\/p>\n<p>Bylos duomenimis, neteis\u0117tas atlygis kariuomen\u0117s atstovui buvo perduotas pernai gruod\u012f, Kaune, prie prekybos ir pramog\u0173 centro \u201eAkropolis\u201c. Su \u201eVersiculus\u201c atstovu I. \u0160audys tur\u0117jo susitikti d\u0117l statybos darb\u0173 pildymo \u017eurnalo.<\/p>\n<p>I. \u0160audys taip pat yra pateik\u0119s ir kit\u0105 \u012fvykio versij\u0105 \u2013 kad susitikimas gal\u0117jo vykti d\u0117l lang\u0173 statymo, o E. Gudynas pasak\u0119s, kad susitiks ne tik d\u0117l lang\u0173, bet ir \u201ekal\u0117diniais reikalais\u201c.<\/p>\n<p>\u201eSusitikom netoli apsaugos, ar\u010diau \u201eGriunvaldo\u201c \u012f\u0117jimo. Atva\u017eiavo ir i\u0161trauk\u0117 mai\u0161el\u012f. A\u0161 labai nem\u0117gstu toki\u0173 situacij\u0173, man stresas, panika. Saugiklius i\u0161mu\u0161\u0117 d\u0117l tos situacijos, labai nem\u0117gstu toki\u0173 situacij\u0173. A\u0161 dirbu valstyb\u0117je \u012fstaigoje, n\u0117ra gerai dovanos\u201c, \u2013 teisme kalb\u0117jo I. \u0160iaudys.<\/p>\n<p>Jis pasakojo, kad E. Gudynas i\u0161 automobilio i\u0161trauk\u0117 popierin\u012f mai\u0161el\u012f. Liudytojas teig\u0117 v\u0117liau mai\u0161el\u012f ap\u017ei\u016br\u0117j\u0119s ir neu\u017eklijuotame vokelyje pamat\u0117 grynus pinigus.<\/p>\n<p>\u201eTada antr\u0105 kart\u0105 saugiklius i\u0161mu\u0161\u0117. Dar buvo butelis, saldainiai, sausainiai&#8221;, \u2013 sak\u0117 jis.<\/p>\n<p>AOTD atstovas patar\u0117 jam papietauti ir tada ap\u017ei\u016br\u0117ti, kiek yra pinig\u0173.<\/p>\n<p>Perduotus pinigus jis i\u0161 prad\u017ei\u0173 laik\u0117 automobilyje, paskui darbo kabinete. \u00a0\u00a0<\/p>\n<p>\u201eNeskai\u010diavau, \u012fvardijau, kad 2 t\u016bkstan\u010diai gali b\u016bti, sak\u0117 daug ne\u010diupin\u0117ti. STT informavo, tada prad\u0117jo bendrauti su manim. Kit\u0105 dien\u0105 karo policija atvyko \u2013 3-4\u00a0\u017emon\u0117s. Jie matavo, fotografavo. Motyvo (papirkti mane \u2013 ELTA) nema\u010diau, buvau labai nusteb\u0119s ir \u0161okiruotas\u201c, \u2013 sak\u0117 jis.<\/p>\n<p>I. \u0160audys teismui pasakojo, kad savo darbe laikosi bes\u0105lygi\u0161ko skaidrumo ir vis\u0173 \u012fmoni\u0173 atstovus \u012fsp\u0117ja, kad n\u0117 nebandyt\u0173 jo papirkin\u0117ti, naudoja frazes \u201enetur\u0117kit min\u010di\u0173\u201c, \u201edarykit darbus\u201c, o bent minimalias verslinink\u0173 u\u017euominas nutraukia pats pirmas.<\/p>\n<p>\u201eA\u0161 visiems sakau: \u017ei\u016br\u0117kit, netur\u0117kit min\u010di\u0173\u201c, \u2013 pasakojo liudytojas.<\/p>\n<p>Nemato motyvo ky\u0161io davimui<\/p>\n<p>I. \u0160iaudys pasakojo, kad su \u012fmone \u201eVersiculus\u201c santykiai buvo tik darbiniai, jis pretenzij\u0173 \u012fmonei d\u0117l jos darb\u0173 netur\u0117jo ir nesupranta motyvo, kod\u0117l j\u012f reik\u0117jo papirkti.<\/p>\n<p>\u201eVersiculus\u201c atstov\u0117 teisme advokat\u0117 Egl\u0117 V\u0117brait\u0117 teismui pateik\u0117 duomenis, kad kaltinamas E. Gudynas nebuvo sprendimus \u012fmon\u0117je priimantis asmuo. Pasak teisinink\u0117s, i\u0161 \u201eVersiculus\u201c buvo pirkti papildomi darbai, tad, anot jos, \u012fmonei nebuvo jokio tikslo duoti ky\u0161\u012f.<\/p>\n<p>Teisme liudij\u0119s I. \u0160audys netgi gyr\u0117 \u201eVersiculus\u201c.<\/p>\n<p>\u201eVisiems sakydavau, kad pirma \u012fmon\u0117, kuri reaguoja \u012f pastabas ir pana\u0161iai. Vis\u0105 laik\u0105 b\u016bna pastab\u0173, taip vis\u0105 laik\u0105 b\u016bna. (\u2026) Viskas buvo gerai, i\u0161skyrus vien\u0105 defekt\u0105: jie montavo didelius langus, trys langai pagal sen\u0105 ang\u0105 buvo kreivai \u012fstatyti. Naudotojas informavo, jie pasikalb\u0117jo su \u012fmone, gaminan\u010dia langus. Atvyko architektas, du langai \u2013 kaip ir pus\u0117 velnio, vien\u0105 reik\u0117jo perstatyti. I\u0161lupo ir \u012fstat\u0117 naujai&#8221;, \u2013 prisimin\u0117 Statini\u0173 prie\u017ei\u016bros in\u017einierius.<\/p>\n<p>Bylos nagrin\u0117jim\u0105 teismas t\u0119s spal\u012f.<\/p>\n","protected":false},"excerpt":{"rendered":"\u201eI\u0161mu\u0161\u0117 saugiklius\u201c, \u2013\u00a0savo emocin\u0119 b\u016bkl\u0119 netik\u0117tai gavus dovan\u0173 mai\u0161el\u012f su 3\u00a0t\u016bkst. eur\u0173, vyno buteliu ir u\u017ekand\u017eiais Kauno apylink\u0117s&hellip;\n","protected":false},"author":2,"featured_media":243496,"comment_status":"","ping_status":"","sticky":false,"template":"","format":"standard","meta":{"footnotes":"","_share_on_mastodon":"0"},"categories":[6],"tags":[25,30,31,34,35,24,32,33,37,39,36,38,40,23,22,28,29,26,27],"class_list":["post-265754","post","type-post","status-publish","format-standard","has-post-thumbnail","category-antrastes","tag-antrastes","tag-breaking-news","tag-breakingnews","tag-featured-news","tag-featurednews","tag-headlines","tag-latest-news","tag-latestnews","tag-lietuva","tag-lietuviu","tag-lithuania","tag-lithuanian","tag-lt","tag-naujienos","tag-news","tag-populiariausios-naujienos","tag-populiariausiosnaujienos","tag-top-stories","tag-topstories"],"share_on_mastodon":{"url":"https:\/\/pubeurope.com\/@lt\/117191226564943291","error":""},"_links":{"self":[{"href":"https:\/\/www.europesays.com\/lt\/wp-json\/wp\/v2\/posts\/265754","targetHints":{"allow":["GET"]}}],"collection":[{"href":"https:\/\/www.europesays.com\/lt\/wp-json\/wp\/v2\/posts"}],"about":[{"href":"https:\/\/www.europesays.com\/lt\/wp-json\/wp\/v2\/types\/post"}],"author":[{"embeddable":true,"href":"https:\/\/www.europesays.com\/lt\/wp-json\/wp\/v2\/users\/2"}],"replies":[{"embeddable":true,"href":"https:\/\/www.europesays.com\/lt\/wp-json\/wp\/v2\/comments?post=265754"}],"version-history":[{"count":0,"href":"https:\/\/www.europesays.com\/lt\/wp-json\/wp\/v2\/posts\/265754\/revisions"}],"wp:featuredmedia":[{"embeddable":true,"href":"https:\/\/www.europesays.com\/lt\/wp-json\/wp\/v2\/media\/243496"}],"wp:attachment":[{"href":"https:\/\/www.europesays.com\/lt\/wp-json\/wp\/v2\/media?parent=265754"}],"wp:term":[{"taxonomy":"category","embeddable":true,"href":"https:\/\/www.europesays.com\/lt\/wp-json\/wp\/v2\/categories?post=265754"},{"taxonomy":"post_tag","embeddable":true,"href":"https:\/\/www.europesays.com\/lt\/wp-json\/wp\/v2\/tags?post=265754"}],"curies":[{"name":"wp","href":"https:\/\/api.w.org\/{rel}","templated":true}]}}