{"id":265757,"date":"2026-08-31T17:16:38","date_gmt":"2026-08-31T17:16:38","guid":{"rendered":"https:\/\/www.europesays.com\/lt\/265757\/"},"modified":"2026-08-31T17:16:38","modified_gmt":"2026-08-31T17:16:38","slug":"apzvalgos-ratas-jau-pakeliui-i-kauna","status":"publish","type":"post","link":"https:\/\/www.europesays.com\/lt\/265757\/","title":{"rendered":"Ap\u017evalgos ratas \u2013 jau pakeliui \u012f Kaun\u0105"},"content":{"rendered":"<p>UNESCO miest\u0173 pavyzd\u017eiai<\/p>\n<p>\u201eAp\u017evalgos ratai \u2013 jokia naujiena Europoje. Tokie objektai turistus traukia Jungtin\u0117je Karalyst\u0117je, Norvegijoje, Vengrijoje, Austrijoje, Lenkijoje, Estijoje ir kitose \u0161alyse. M\u016bs\u0173 pirmoji lokacija pasirinkta atsi\u017evelgiant \u012f rato gamintojo rekomendacijas. Ap\u017evalgos ratus statosi ir UNESCO miestai, ir tam niekas neprie\u0161tarauja\u201c, \u2013 sako Kauno meras Visvaldas Matijo\u0161aitis.<\/p>\n<p>Pavyzd\u017eiui, Budape\u0161te \u012frengtas 65 metr\u0173 auk\u0161\u010dio objektas stovi UNESCO vertyb\u0117s teritorijoje, ta\u010diau d\u0117l to joki\u0173 prie\u0161taravim\u0173 i\u0161 paties UNESCO nesulaukta.<\/p>\n<p>Analogi\u0161kos situacijos fiksuojamos Vienoje, Bate (Did\u017eioji Britanija) ir Taline \u2013 \u010dia taip pat laikoma, kad ap\u017evalgos ratai nedaro neigiamos \u012ftakos kra\u0161tovaizd\u017eiui, o kaip tik padeda ap\u017evelgti \u0161alia esan\u010dias ir teritorijas, pastatus, miest\u0173 i\u0161planavimus.<\/p>\n<p>Ap\u017evalgos ratui Kaune parinkta vieta Nemuno saloje n\u0117ra UNESCO pasaulio vertyb\u0117s teritorijoje, ta\u010diau sudarys galimyb\u0119 j\u0105 patogiai ap\u017evelgti i\u0161 pauk\u0161\u010dio skryd\u017eio.<\/p>\n<p>Atsivers kra\u0161tovaizdis<\/p>\n<p>Ap\u017evalgos ratas \u2013 mobilus surenkamas \u012frenginys. Kiek anks\u010diau priva\u010di\u0173 iniciatyv\u0173 d\u0117ka toks stov\u0117jo ant vadinamojo Milikoni\u0173 kalno, taip pat Aleksote, Vytauto parke.<\/p>\n<p>Pakilus \u012f 45 metr\u0173 auk\u0161t\u012f i\u0161 Nemuno salos atsiveria vaizdinga panorama \u2013 Senamiestis, Naujamiestis, taip pat ir besikei\u010diantis kairysis Nemuno krantas, kur kyla M. K. \u010ciurlionio koncert\u0173 centras, vystosi nauji kvartalai.<\/p>\n<blockquote>\n<p>Gamintojas informavo, kad rat\u0105 pagamino grei\u010diau nei planuota.<\/p>\n<\/blockquote>\n<p>\u201eTai yra mobilus \u012frenginys, netvirtinamas prie \u017eem\u0117s. Tai \u2013 s\u0105moningas pasirinkimas, kad mieste besikuriant \u012fvairioms traukos vietoms, \u0161is ratas gal\u0117t\u0173 b\u016bti adaptuotas kitur. Viena toki\u0173 opcij\u0173 \u2013 Dariaus ir Gir\u0117no stadiono prieigos. Ta\u010diau tam, kad jis ten atsidurt\u0173, reikalingi nuolatiniai \u017emoni\u0173 srautai.<\/p>\n<p>Gamintojas informavo, kad rat\u0105 pagamino grei\u010diau nei planuota. D\u0117l \u0161ios prie\u017easties reik\u0117jo pakankamai greitai spr\u0119sti vietos klausim\u0105. Didel\u0119 patirt\u012f sukaup\u0119 gamintojai kaip geriausi\u0105 lokacij\u0105 \u0161iai dienai nurod\u0117 Nemuno sal\u0105. Tiek remiantis m\u016bs\u0173 patirtimi, tiek ir po konsultacij\u0173 su kitais operatoriais prieita i\u0161vados, kad tokie objektai turi stov\u0117ti srautingose p\u0117s\u010di\u0173j\u0173 vietose. \u017dmogus nekeliaus didelio atstumo tik d\u0117l pasisukimo ratu. Milikoni\u0173 ap\u017evalgos aik\u0161tel\u0117je stov\u0117j\u0119s ratas buvo puikus to pavyzdys\u201c, \u2013 tikina \u201eKaunas IN\u201c direktorius Tadas Stankevi\u010dius.<\/p>\n<p>I\u0161siskiria lankytoj\u0173 srautais<\/p>\n<p>Nemuno sala pastaraisiais metais sulaukia \u0161imt\u0173 t\u016bkstan\u010di\u0173 lankytoj\u0173 \u2013 tiek d\u0117l \u010dia esan\u010dios \u201e\u017dalgirio\u201c arenos, baseino ar \u201eMokslo salos\u201c, tiek ir d\u0117l atnaujintos parko infrastrukt\u016bros. Jau greitai \u010dia bus baigtas statyti ir p\u0117s\u010di\u0173j\u0173 tiltas, sujungsiantis sal\u0105 su \u017dem\u0105ja Freda.<\/p>\n<p>Apart jau tradicini\u0173 rengini\u0173, kaip Baltijos kelio min\u0117jimo koncertai, Rugs\u0117jo 1-osios \u0161vent\u0117s, sulaukiama vis daugiau u\u017eklaus\u0173 ir pra\u0161ym\u0173 leisti rengti \u012fvairaus pob\u016bd\u017eio renginius \u0161ioje teritorijoje.<\/p>\n<p>Paskai\u010diuota, jog ap\u017evalgos ratai prailgina atvykusi\u0173 turist\u0173 vie\u0161nag\u0117s laik\u0105 mieste iki dviej\u0173 valand\u0173. Ilgiau mieste u\u017esibuv\u0119 turistai palieka daugiau pinig\u0173 Kauno kavin\u0117se, restoranuose, vie\u0161bu\u010diuose bei muziejuose.<\/p>\n<p>Veiklos pelningumo analiz\u0117 rodo, kad ap\u017evalgos rato veikla bus ne tik atsiperkanti, bet ir generuojanti peln\u0105, kuris ateityje b\u016bt\u0173 reinvestuojamas \u012f Kauno patrauklumo didinim\u0105. Be to, net ir b\u016bdamas pakankamai auk\u0161tas, \u0161is kilnojamas statinys neu\u017ego\u0161 kit\u0173 ikonini\u0173 Kauno statini\u0173, toki\u0173 kaip Prisik\u0117limo ba\u017eny\u010dia, ir netaps dominuojan\u010diu mieste.<\/p>\n<p>Vienu metu \u2013 kone 200 \u017emoni\u0173<\/p>\n<p>Ap\u017evalgos ratas tur\u0117s 32 u\u017edaras kondicionuojamas ir \u0161ildomas gondolas, pritaikytas naudoti visais met\u0173 laikais. Vienu metu ratu pramogauti gal\u0117s iki 192 \u017emoni\u0173.<\/p>\n<p>Olandijos kompanijos \u201eSkyView Creation B.V.\u201c pagamintas \u012frenginys yra lengvai i\u0161renkamas ir perkeliamas, tod\u0117l nedarys jokio ilgalaikio ar negr\u012f\u017etamo poveikio Nemuno salos kra\u0161tovaizd\u017eiui ar parko infrastrukt\u016brai.<\/p>\n<p>Suaugusiems bilietas kainuos 12 eur\u0173, o vaikams nuo 4 iki 15 met\u0173, studentams, senjorams ir ne\u012fgaliesiems \u2013 8 Eur. Vaikams iki 4 met\u0173 ir ne\u012fgaliuosius lydintiems asmenims pramoga bus nemokama.<\/p>\n<p>\u0160eimos bilietas (2 suaugusieji ir 2 vaikai) kainuos 35 Eur, o su trimis vaikais \u2013 39 Eur. VIP kabina vienam ar dviem asmenims su g\u0117rimu: 50 Eur.<\/p>\n<p>Preliminariai ap\u017evalgos rato montavimo darbai numatyti rugs\u0117j\u012f.<\/p>\n","protected":false},"excerpt":{"rendered":"UNESCO miest\u0173 pavyzd\u017eiai \u201eAp\u017evalgos ratai \u2013 jokia naujiena Europoje. Tokie objektai turistus traukia Jungtin\u0117je Karalyst\u0117je, Norvegijoje, Vengrijoje, Austrijoje,&hellip;\n","protected":false},"author":2,"featured_media":265758,"comment_status":"","ping_status":"","sticky":false,"template":"","format":"standard","meta":{"footnotes":"","_share_on_mastodon":"0"},"categories":[6],"tags":[25,30,31,34,35,24,32,33,37,39,36,38,40,23,22,28,29,26,27],"class_list":["post-265757","post","type-post","status-publish","format-standard","has-post-thumbnail","category-antrastes","tag-antrastes","tag-breaking-news","tag-breakingnews","tag-featured-news","tag-featurednews","tag-headlines","tag-latest-news","tag-latestnews","tag-lietuva","tag-lietuviu","tag-lithuania","tag-lithuanian","tag-lt","tag-naujienos","tag-news","tag-populiariausios-naujienos","tag-populiariausiosnaujienos","tag-top-stories","tag-topstories"],"share_on_mastodon":{"url":"https:\/\/pubeurope.com\/@lt\/117191257776741948","error":""},"_links":{"self":[{"href":"https:\/\/www.europesays.com\/lt\/wp-json\/wp\/v2\/posts\/265757","targetHints":{"allow":["GET"]}}],"collection":[{"href":"https:\/\/www.europesays.com\/lt\/wp-json\/wp\/v2\/posts"}],"about":[{"href":"https:\/\/www.europesays.com\/lt\/wp-json\/wp\/v2\/types\/post"}],"author":[{"embeddable":true,"href":"https:\/\/www.europesays.com\/lt\/wp-json\/wp\/v2\/users\/2"}],"replies":[{"embeddable":true,"href":"https:\/\/www.europesays.com\/lt\/wp-json\/wp\/v2\/comments?post=265757"}],"version-history":[{"count":0,"href":"https:\/\/www.europesays.com\/lt\/wp-json\/wp\/v2\/posts\/265757\/revisions"}],"wp:featuredmedia":[{"embeddable":true,"href":"https:\/\/www.europesays.com\/lt\/wp-json\/wp\/v2\/media\/265758"}],"wp:attachment":[{"href":"https:\/\/www.europesays.com\/lt\/wp-json\/wp\/v2\/media?parent=265757"}],"wp:term":[{"taxonomy":"category","embeddable":true,"href":"https:\/\/www.europesays.com\/lt\/wp-json\/wp\/v2\/categories?post=265757"},{"taxonomy":"post_tag","embeddable":true,"href":"https:\/\/www.europesays.com\/lt\/wp-json\/wp\/v2\/tags?post=265757"}],"curies":[{"name":"wp","href":"https:\/\/api.w.org\/{rel}","templated":true}]}}