{"id":265769,"date":"2026-08-31T18:05:18","date_gmt":"2026-08-31T18:05:18","guid":{"rendered":"https:\/\/www.europesays.com\/lt\/265769\/"},"modified":"2026-08-31T18:05:18","modified_gmt":"2026-08-31T18:05:18","slug":"zemaitukas-l-vaitkevicius-tesia-jautria-misija-kilniam-tikslui-suvienijo-buri-zvaigzdziu","status":"publish","type":"post","link":"https:\/\/www.europesays.com\/lt\/265769\/","title":{"rendered":"\u201e\u017demaitukas\u201c L. Vaitkevi\u010dius t\u0119sia jautri\u0105 misij\u0105: kilniam tikslui suvienijo b\u016br\u012f \u017evaig\u017ed\u017ei\u0173"},"content":{"rendered":"<p>Spalio 25 dien\u0105 Plung\u0117s arenoje vyksian\u010diame koncerte pasirodys gausus b\u016brys \u017einom\u0173 Lietuvos atlik\u0117j\u0173. L. Vaitkevi\u010dius nesl\u0117p\u0117, kad tokio masto renginys jo gimtajame mieste bus surengtas pirm\u0105 kart\u0105.<\/p>\n<p>Apie b\u016bsim\u0105 koncert\u0105 ir jo svarb\u0105 dainininkas prakalbo socialiniuose tinkluose. Iniciatyva gim\u0117 po skaud\u017eios asmenin\u0117s netekties \u2013 prie\u0161 beveik a\u0161tuonerius metus nuo v\u0117\u017eio mir\u0117 jo t\u0117tis.<\/p>\n<p>\u201e\u0160nek\u0117siu ilgai, atsipra\u0161au, bet man tai yra labai svarbu. Ne paslaptis, kad eina 8-ti metai, kaip neturiu savo t\u0117\u010dio, kuris pralaim\u0117jo kov\u0105 prie\u0161 v\u0117\u017e\u012f. Tur\u0117jome nema\u017eai pokalbi\u0173 prie\u0161 jam i\u0161einant. Jis buvo labai geras \u017emogus, m\u0117go pad\u0117ti, organizuodavo visokius dalykus, kaip prisid\u0117ti prie t\u0173, kuriems reikia pagalbos. Jis pasak\u0117, kad jei po mirties a\u0161 gal\u0117siu ka\u017ekuo b\u016bti naudingas, noriu b\u016bti naudingas.<\/p>\n<p>Po jo i\u0161\u0117jimo pra\u0117jus metams kilo id\u0117ja padaryti koncert\u0105, surinkti jo ir savo kolegas, o surinktus pinigus padovanoti vaikams, kurie serga, kuriems j\u0173 reikia. \u0160is renginys kartojosi jau keturis kartus. O \u0161ie metai \u2013 ne i\u0161eitis\u201c, \u2013 kalb\u0117jo L. Vaitkevi\u010dius.<\/p>\n<p>Pra\u0117jusiais metais per rengin\u012f pavyko surinkti 27 t\u016bkst. eur\u0173. Visa suma buvo padalyta keturiems vaikams. \u0160iemet atlik\u0117jas tikisi, kad didesn\u0117 erdv\u0117 leis surinkti dar daugiau l\u0117\u0161\u0173 ir pad\u0117ti daugiau \u0161eim\u0173.<\/p>\n<p>\u201eNet nedr\u012fs\u010diau prie\u0161intis tam, kokia Plung\u0117 didinga, kaip mes susiburiame, kai reikia pagalbos. Nedr\u012fs\u010diau nepakartoti \u0161io renginio, o be to, Plung\u0117 turi aren\u0105 \u012f kuri\u0105 telpa apie 2000 \u017emoni\u0173. Pinig\u0173 kiekis, kai i\u0161pirksi bilietus, bus did\u017eiulis, pinig\u0173 bus daugiau, galb\u016bt pavykt\u0173 pad\u0117ti ir 5 vaikams. Praeitais metais surinkome 27 000 eur\u0173 ir atidav\u0117me juos 4 vaikams\u201c, \u2013 pasakojo jis.<\/p>\n<p>Prie labdaros vakaro sutiko prisid\u0117ti daugyb\u0117 \u017einom\u0173 scenos vard\u0173. Plung\u0117je pasirodys begal\u0117 \u017einom\u0173 veid\u0173.<\/p>\n<p>\u201e\u0160iemet atsargiai para\u0161iau savo kolegoms, draugams ir man akys i\u0161\u0161oko ant kaktos, negaliu patik\u0117ti, kad \u0161iemet spalio 25 dien\u0105 Plung\u0117s arenoje bus \u012fsp\u016bdingas koncertas, kurio pavyd\u0117t\u0173 turb\u016bt kiekvienas miestas, netgi didmiestis.<\/p>\n<p>\u012e Plung\u0119 atva\u017eiuoja Adrina, Vaidas Baumila, Inga Jankauskait\u0117, u\u017edainuos \u201e\u017demaitukai\u201c, bus Vytautas \u0160i\u0161kauskas, Edmundas Ku\u010dinskas, Stepas Janu\u0161ka, grup\u0117 \u201eTabasco\u201c, \u017dilvinas \u017dvagulis su Irena, Paulina Pauk\u0161taityt\u0117. Man sunku suvokti, kaip taip \u012fmanoma ma\u017eam miestui tokie dalykai. Kokios didel\u0117s vis\u0173 aplinkini\u0173 \u0161irdys.<\/p>\n<p>Mantas Stonkus v\u0117l sutinka pravesti \u0161\u012f rengin\u012f, visiems gros Plung\u0117s simfoninis orkestras, \u201e\u017demaituk\u0173\u201c gyvo garso grup\u0117 taip pat prisijungs groti. Manau, kad tai bus magi\u0161kas, istorinis vakaras. Plung\u0117je tokio renginio, turb\u016bt, n\u0117ra buv\u0119\u201c, \u2013 d\u017eiaug\u0117si atlik\u0117jas.<\/p>\n<p>L. Vaitkevi\u010dius taip pat kreip\u0117si \u012f visuomen\u0119 pra\u0161ydamas pad\u0117ti surasti sunkiai sergan\u010dius vaikus, kuriems \u0161iuo metu finansin\u0117 parama reikalinga labiausiai. Jis prisimin\u0117 ir skaud\u017ei\u0105 pra\u0117jusi\u0173 met\u0173 patirt\u012f, kai viena mergait\u0117, kuriai ketinta pad\u0117ti, renginio nebesulauk\u0117.<\/p>\n<p>\u201eDar nesu paleid\u0119s biliet\u0173, bet skub\u0117siu t\u0105 padaryti, nes laiko n\u0117ra daug. Dainuoja \u0161irdis, esu laimingiausias \u017emogus pasaulyje, kad tokie dalykai gali vykti. Ta\u010diau turiu pra\u0161ym\u0105. Man reikia su\u017einoti, kam dabar reikia pagalbos, gal yra stipriai sergan\u010di\u0173 vaik\u0173. Praeitais metais skub\u0117jome, pamenu, viena mergait\u0117 netgi numir\u0117 iki renginio, kuriai tur\u0117jome pad\u0117ti. Tai yra \u012frodymas, kiek ta pagalba yra svarbi, kaip reikia tai daryti.<\/p>\n<p>Pra\u0161au ka\u017ekokiais b\u016bdais kreiptis. \u017dinoma, visam pasauliui nepad\u0117sime, bet aplink Plung\u0119, Plung\u0117je, ra\u0161ykite, pad\u0117sime, visi prisid\u0117sime ir pasidovanosime sau gra\u017e\u0173 rengin\u012f. Visi atlik\u0117jai, kas prisideda, pinig\u0173 neima, tod\u0117l juos galime dalinti lygiomis dalimis vaikams ir juos dovanoti. Esu \u017eiauriai laimingas, dar kart\u0105 a\u010di\u016b visiems, a\u010di\u016b gyvenimui, kad jis yra labai gra\u017eus\u201c, \u2013 kalb\u0117jo \u201e\u017demaituk\u0173\u201c narys.<\/p>\n<p>Pasidalij\u0119s vaizdo \u012fra\u0161u, atlik\u0117jas dar kart\u0105 papra\u0161\u0117 sek\u0117j\u0173 pad\u0117ti paskleisti \u017eini\u0105 ir surasti \u0161eimas, kurioms parama \u0161iuo metu b\u016bt\u0173 ypa\u010d svarbi.<\/p>\n<p>\u201e\u0160irdis sprogsta i\u0161 laim\u0117s, kad nedideliame mieste gali vykti tokie dalykai ir kad mane supa tiek nuostabi\u0173 \u017emoni\u0173! Labai pad\u0117tum\u0117t \u0161ia \u017einute pasidalindami, kad surasti tuos vaikus, kuriems pagalbos dabar reikia labiausiai!\u201c \u2013 ra\u0161\u0117 L. Vaitkevi\u010dius.<\/p>\n","protected":false},"excerpt":{"rendered":"Spalio 25 dien\u0105 Plung\u0117s arenoje vyksian\u010diame koncerte pasirodys gausus b\u016brys \u017einom\u0173 Lietuvos atlik\u0117j\u0173. L. Vaitkevi\u010dius nesl\u0117p\u0117, kad tokio&hellip;\n","protected":false},"author":2,"featured_media":265770,"comment_status":"","ping_status":"","sticky":false,"template":"","format":"standard","meta":{"footnotes":"","_share_on_mastodon":"0"},"categories":[21],"tags":[113,37,39,36,38,40,114],"class_list":["post-265769","post","type-post","status-publish","format-standard","has-post-thumbnail","category-pramogos","tag-entertainment","tag-lietuva","tag-lietuviu","tag-lithuania","tag-lithuanian","tag-lt","tag-pramogos"],"share_on_mastodon":{"url":"https:\/\/pubeurope.com\/@lt\/117191450799977495","error":""},"_links":{"self":[{"href":"https:\/\/www.europesays.com\/lt\/wp-json\/wp\/v2\/posts\/265769","targetHints":{"allow":["GET"]}}],"collection":[{"href":"https:\/\/www.europesays.com\/lt\/wp-json\/wp\/v2\/posts"}],"about":[{"href":"https:\/\/www.europesays.com\/lt\/wp-json\/wp\/v2\/types\/post"}],"author":[{"embeddable":true,"href":"https:\/\/www.europesays.com\/lt\/wp-json\/wp\/v2\/users\/2"}],"replies":[{"embeddable":true,"href":"https:\/\/www.europesays.com\/lt\/wp-json\/wp\/v2\/comments?post=265769"}],"version-history":[{"count":0,"href":"https:\/\/www.europesays.com\/lt\/wp-json\/wp\/v2\/posts\/265769\/revisions"}],"wp:featuredmedia":[{"embeddable":true,"href":"https:\/\/www.europesays.com\/lt\/wp-json\/wp\/v2\/media\/265770"}],"wp:attachment":[{"href":"https:\/\/www.europesays.com\/lt\/wp-json\/wp\/v2\/media?parent=265769"}],"wp:term":[{"taxonomy":"category","embeddable":true,"href":"https:\/\/www.europesays.com\/lt\/wp-json\/wp\/v2\/categories?post=265769"},{"taxonomy":"post_tag","embeddable":true,"href":"https:\/\/www.europesays.com\/lt\/wp-json\/wp\/v2\/tags?post=265769"}],"curies":[{"name":"wp","href":"https:\/\/api.w.org\/{rel}","templated":true}]}}