{"id":265775,"date":"2026-08-31T18:10:54","date_gmt":"2026-08-31T18:10:54","guid":{"rendered":"https:\/\/www.europesays.com\/lt\/265775\/"},"modified":"2026-08-31T18:10:54","modified_gmt":"2026-08-31T18:10:54","slug":"k-akobundu-ehiogu-apie-zinomas-zalgirio-legendas-ir-patikusia-treniruociu-erdve","status":"publish","type":"post","link":"https:\/\/www.europesays.com\/lt\/265775\/","title":{"rendered":"K.Akobundu-Ehiogu: apie \u017einomas \u201e\u017dalgirio\u201c legendas ir patikusi\u0105 treniruo\u010di\u0173 erdv\u0119"},"content":{"rendered":"<p style=\"text-align: justify;\">Pra\u0117jusios savait\u0117s prad\u017eioje \u201e\u017dalgiris TV\u201c sirgaliams pristat\u0117 nauj\u0105 bei i\u0161skirtin\u012f turin\u012f \u2013 \u201e\u017dalgiris Insider\u201c pristato\u201c epizod\u0173 serijas, kuri\u0173 metu siekiama sukurti neeilin\u0119 patirt\u012f steb\u0117ti komandos kasdienius u\u017ekulisius i\u0161 arti.<\/p>\n<p style=\"text-align: justify;\">Pirm\u0105j\u0105 \u201e\u017dalgiris Insider\u201c pristato\u201c serij\u0105 pavadinimu \u201ePASIRUO\u0160IMAS\u201c jau dabar galite rasti tik \u201e\u017dalgiris Insider\u201c platformoje.<\/p>\n<p style=\"text-align: justify;\">\u0160ioje \u201e\u017dalgirio\u201c \u201eYouTube\u201c kanale prieinamoje pirmojo epizodo i\u0161traukoje galite i\u0161vysti Kaodorichi Akobundu-Ehiogu pirmosios dienos Kaune u\u017ekulisius \u2013 nuo \u012fsik\u016brimo vie\u0161butyje iki turo po aren\u0105, kurio metu \u017ealgirietis pademonstravo savo lietuvi\u0173 krep\u0161inio bei kult\u016bros \u017einias.<\/p>\n<p style=\"text-align: justify;\">\u201e\u017dinau Arvyd\u0105 Sabon\u012f \u2013 jis yra Lietuvos ir Portlando \u201eTrail Blazers\u201c legenda. \u017dinau ir Mindaug\u0105 Kuzminsk\u0105 \u2013 jis, kaip ir Jonas Valan\u010di\u016bnas, irgi buvo NBA \u201e2K\u201c \u017eaidime\u201c, \u2013 pasakojo K.Akobundu-Ehiogu.<\/p>\n<p style=\"text-align: justify;\">\n<p style=\"text-align: justify;\">K.Akobundu-Ehiogu pasidalijo ir istorija apie savo mar\u0161kin\u0117li\u0173 numerio pasirinkim\u0105 \u201e\u017dalgiryje\u201c, o tuomet pirm\u0105 kart\u0105 \u017eeng\u0117 \u012f \u201e\u017dalgirio\u201c aren\u0105.<\/p>\n<p style=\"text-align: justify;\">\u201eMan \u010dia patinka. Jie nerodo treniruo\u010di\u0173 sal\u0117s internete, bet man patinka. Su manimi fotografavosi vienas sirgalius, kuris paklaus\u0117, ar galiu \u012fd\u0117ti \u012f krep\u0161\u012f. Buvo labai juokinga\u201c, \u2013 \u0161ypsojosi K.Akobundu-Ehiogu.<\/p>\n<p style=\"text-align: justify;\">Galiausiai auk\u0161ta\u016bgis atliko ir pirm\u0105j\u012f d\u0117jim\u0105 Kaune bei sureagavo \u012f \u0161altibra\u0161\u010di\u0173 nuotrauk\u0105, tad kvie\u010diame \u012fsijungti vis\u0105 video.<\/p>\n","protected":false},"excerpt":{"rendered":"Pra\u0117jusios savait\u0117s prad\u017eioje \u201e\u017dalgiris TV\u201c sirgaliams pristat\u0117 nauj\u0105 bei i\u0161skirtin\u012f turin\u012f \u2013 \u201e\u017dalgiris Insider\u201c pristato\u201c epizod\u0173 serijas, kuri\u0173&hellip;\n","protected":false},"author":2,"featured_media":265776,"comment_status":"","ping_status":"","sticky":false,"template":"","format":"standard","meta":{"footnotes":"","_share_on_mastodon":"0"},"categories":[6],"tags":[25,30,31,34,35,24,32,33,37,39,36,38,40,23,22,28,29,26,27],"class_list":["post-265775","post","type-post","status-publish","format-standard","has-post-thumbnail","category-antrastes","tag-antrastes","tag-breaking-news","tag-breakingnews","tag-featured-news","tag-featurednews","tag-headlines","tag-latest-news","tag-latestnews","tag-lietuva","tag-lietuviu","tag-lithuania","tag-lithuanian","tag-lt","tag-naujienos","tag-news","tag-populiariausios-naujienos","tag-populiariausiosnaujienos","tag-top-stories","tag-topstories"],"share_on_mastodon":{"url":"https:\/\/pubeurope.com\/@lt\/117191474181355762","error":""},"_links":{"self":[{"href":"https:\/\/www.europesays.com\/lt\/wp-json\/wp\/v2\/posts\/265775","targetHints":{"allow":["GET"]}}],"collection":[{"href":"https:\/\/www.europesays.com\/lt\/wp-json\/wp\/v2\/posts"}],"about":[{"href":"https:\/\/www.europesays.com\/lt\/wp-json\/wp\/v2\/types\/post"}],"author":[{"embeddable":true,"href":"https:\/\/www.europesays.com\/lt\/wp-json\/wp\/v2\/users\/2"}],"replies":[{"embeddable":true,"href":"https:\/\/www.europesays.com\/lt\/wp-json\/wp\/v2\/comments?post=265775"}],"version-history":[{"count":0,"href":"https:\/\/www.europesays.com\/lt\/wp-json\/wp\/v2\/posts\/265775\/revisions"}],"wp:featuredmedia":[{"embeddable":true,"href":"https:\/\/www.europesays.com\/lt\/wp-json\/wp\/v2\/media\/265776"}],"wp:attachment":[{"href":"https:\/\/www.europesays.com\/lt\/wp-json\/wp\/v2\/media?parent=265775"}],"wp:term":[{"taxonomy":"category","embeddable":true,"href":"https:\/\/www.europesays.com\/lt\/wp-json\/wp\/v2\/categories?post=265775"},{"taxonomy":"post_tag","embeddable":true,"href":"https:\/\/www.europesays.com\/lt\/wp-json\/wp\/v2\/tags?post=265775"}],"curies":[{"name":"wp","href":"https:\/\/api.w.org\/{rel}","templated":true}]}}