{"id":26578,"date":"2025-10-27T14:53:08","date_gmt":"2025-10-27T14:53:08","guid":{"rendered":"https:\/\/www.europesays.com\/lt\/26578\/"},"modified":"2025-10-27T14:53:08","modified_gmt":"2025-10-27T14:53:08","slug":"kaledoms-kiema-jau-papuosusi-agne-petraviciene-sulauke-palyginimu-su-natalija-bunke","status":"publish","type":"post","link":"https:\/\/www.europesays.com\/lt\/26578\/","title":{"rendered":"Kal\u0117doms kiem\u0105 jau papuo\u0161usi Agn\u0117 Petravi\u010dien\u0117 sulauk\u0117 palyginim\u0173 su Natalija Bunke"},"content":{"rendered":"<p>Nufilmavusi \u017eibant\u012f kiem\u0105 ir pasidalijusi vaizdo \u012fra\u0161u soc. tinkluose, \u017einoma moteris sulauk\u0117 palyginim\u0173 su kita garsia Kal\u0117d\u0173 myl\u0117toja. <\/p>\n<p>\u201eMes vakare \u012fjung\u0117m \u0161iaip sau pasi\u017ei\u016br\u0117ti kaip \u017eiba. Pasirod\u0117 visai linksma, tad nufilmavau. Kiti juokiasi i\u0161 man\u0119s: \u201eJau Bunk\u0119 aplenkei?\u201c \u2013 trumpai \u201eDelfi\u201c komentavo Agn\u0117.<\/p>\n<p>Na, o dalindamasi vaizdo \u012fra\u0161u soc. tinkle ra\u0161\u0117: \u201ePas mane \u0161iemet \u2013 kitaip. Nauji metai prasideda spal\u012f\u201c. <\/p>\n<p>Belaukiant \u0161ven\u010di\u0173 \u0161eima kieme dar puo\u0161 ir pu\u0161\u012f, stovin\u010di\u0105 garbingoje kiemo vietoje. <\/p>\n","protected":false},"excerpt":{"rendered":"Nufilmavusi \u017eibant\u012f kiem\u0105 ir pasidalijusi vaizdo \u012fra\u0161u soc. tinkluose, \u017einoma moteris sulauk\u0117 palyginim\u0173 su kita garsia Kal\u0117d\u0173 myl\u0117toja.&hellip;\n","protected":false},"author":2,"featured_media":26579,"comment_status":"","ping_status":"","sticky":false,"template":"","format":"standard","meta":{"footnotes":""},"categories":[21],"tags":[3565,113,7988,5740,37,39,36,38,40,114],"class_list":{"0":"post-26578","1":"post","2":"type-post","3":"status-publish","4":"format-standard","5":"has-post-thumbnail","7":"category-pramogos","8":"tag-agne-petraviciene","9":"tag-entertainment","10":"tag-kaledos","11":"tag-kelias-i-zvaigzdes","12":"tag-lietuva","13":"tag-lietuviu","14":"tag-lithuania","15":"tag-lithuanian","16":"tag-lt","17":"tag-pramogos"},"share_on_mastodon":{"url":"https:\/\/pubeurope.com\/@lt\/115446703877418098","error":""},"_links":{"self":[{"href":"https:\/\/www.europesays.com\/lt\/wp-json\/wp\/v2\/posts\/26578","targetHints":{"allow":["GET"]}}],"collection":[{"href":"https:\/\/www.europesays.com\/lt\/wp-json\/wp\/v2\/posts"}],"about":[{"href":"https:\/\/www.europesays.com\/lt\/wp-json\/wp\/v2\/types\/post"}],"author":[{"embeddable":true,"href":"https:\/\/www.europesays.com\/lt\/wp-json\/wp\/v2\/users\/2"}],"replies":[{"embeddable":true,"href":"https:\/\/www.europesays.com\/lt\/wp-json\/wp\/v2\/comments?post=26578"}],"version-history":[{"count":0,"href":"https:\/\/www.europesays.com\/lt\/wp-json\/wp\/v2\/posts\/26578\/revisions"}],"wp:featuredmedia":[{"embeddable":true,"href":"https:\/\/www.europesays.com\/lt\/wp-json\/wp\/v2\/media\/26579"}],"wp:attachment":[{"href":"https:\/\/www.europesays.com\/lt\/wp-json\/wp\/v2\/media?parent=26578"}],"wp:term":[{"taxonomy":"category","embeddable":true,"href":"https:\/\/www.europesays.com\/lt\/wp-json\/wp\/v2\/categories?post=26578"},{"taxonomy":"post_tag","embeddable":true,"href":"https:\/\/www.europesays.com\/lt\/wp-json\/wp\/v2\/tags?post=26578"}],"curies":[{"name":"wp","href":"https:\/\/api.w.org\/{rel}","templated":true}]}}