{"id":265793,"date":"2026-08-31T18:35:45","date_gmt":"2026-08-31T18:35:45","guid":{"rendered":"https:\/\/www.europesays.com\/lt\/265793\/"},"modified":"2026-08-31T18:35:45","modified_gmt":"2026-08-31T18:35:45","slug":"policijos-pareigunai-iesko-dingusios-ir-pavojinga-liga-sergancios-moters-respublika-lt","status":"publish","type":"post","link":"https:\/\/www.europesays.com\/lt\/265793\/","title":{"rendered":"Policijos pareig\u016bnai ie\u0161ko dingusios ir pavojinga liga sergan\u010dios moters &#8211; Respublika.lt"},"content":{"rendered":"<p>    \u00d7<\/p>\n<p>    (1\/1) Brigita Ivanauskait\u0117. Lietuvos policijos nuotr. <a href=\"https:\/\/www.respublika.lt\/uploads\/img\/catalog\/1\/photo_1_56238586.png\" class=\"swiper-photo-download\" download=\"\" rel=\"nofollow noopener\" target=\"_blank\">Atsisi\u0173sti<\/a><\/p>\n<p><img loading=\"lazy\" decoding=\"async\" src=\"https:\/\/www.respublika.lt\/lt\/naujienos\/lietuva\/kitos-lietuvos-zinios\/policijos-pareigunai-iesko-dingusios-ir-pavojinga-liga-sergancios-moters\/images\/ico_camera_white.gif\" class=\"camera\" width=\"22\" height=\"15\" alt=\"nuotr.\" style=\"position:relative; top:-2px; right:2px;\"\/> 1 nuotr.<\/p>\n<p>Brigita Ivanauskait\u0117. Lietuvos policijos nuotr.<\/p>\n<p style=\"text-align: left;\">Alytaus apskrities policijos pareig\u016bnai ie\u0161ko Brigitos Ivanauskait\u0117s (gim. 2001 m.), kuri sekmadien\u012f i\u0161\u0117jo i\u0161 Alytaus apskrities ligonin\u0117s Tuberkulioz\u0117s skyriaus ir negr\u012f\u017eo.<\/p>\n<p style=\"text-align: justify;\" class=\"desktop_banner\">\u00a0<\/p>\n<p style=\"text-align: left;\">\u00a0<\/p>\n<p style=\"text-align: left;\">Kaip skelbia policija, B. Ivanauskait\u0117 serga atvira tuberkulioz\u0117s forma, d\u0117l kurios gali kelti pavoj\u0173 aplinkiniams. I\u0161eidama vilk\u0117jo m\u0117lynos spalvos sportines kelnes bei sportiniu megztiniu. Moteris gali vykti \u012f Taurag\u0117s rajono savivaldyb\u0119.<\/p>\n<p style=\"text-align: left;\">Asmenis, \u017einan\u010dius apie moters buvimo viet\u0105 ar j\u0105 pasteb\u0117jusius, pra\u0161ome skubiai informuoti Alytaus miesto ir rajono policijos komisariato Veiklos skyriaus vyriausi\u0105j\u012f tyr\u0117j\u0105 Robert\u0105 Stanait\u012f tel. 0 700 65715, el. pa\u0161tu robertas.stanaitis@policija.lt arba numeriu 112.<\/p>\n<p>Naujausios \u017einios<\/p>\n<p><\/p>\n<p>        <a href=\"https:\/\/www.respublika.lt\/lt\/naujienos\/pasaulis\/kitos_pasaulio_naujienos\/banko-vadovas-sproges-di-burbulas-gali-sukelti-pasaulini-ekonomikos-nuosmuki\/\" rel=\"nofollow noopener\" target=\"_blank\"><img decoding=\"async\" oncontextmenu=\"return false\" class=\"block_item_newest_photo\" src=\"https:\/\/www.respublika.lt\/lt\/naujienos\/lietuva\/kitos-lietuvos-zinios\/policijos-pareigunai-iesko-dingusios-ir-pavojinga-liga-sergancios-moters\/uploads\/img\/catalog\/1\/photo_for_homepage_1_97175597.jpg\" alt=\"\" width=\"240\" height=\"154.45\"\/><\/a><\/p>\n<p>Patiko straipsnis? Leisk mums apie tai su\u017einoti. Nepamir\u0161k pasidalinti Facebook! <\/p>\n<p><img loading=\"lazy\" decoding=\"async\" class=\"p2_social_circle_icon\" src=\"https:\/\/www.respublika.lt\/images\/thumbs_up.svg\" width=\"21\" height=\"22\" alt=\"L\"\/><\/p>\n<p><img loading=\"lazy\" decoding=\"async\" class=\"p2_social_circle_icon\" src=\"https:\/\/www.respublika.lt\/images\/facebook.svg\" alt=\"F\" width=\"22\" height=\"22\" style=\"filter: invert(37%) sepia(55%) saturate(2351%) hue-rotate(187deg) brightness(102%) contrast(106%);\"\/><\/p>\n<p>&#13;<br \/>\n\tNesutinkate &#8211; diskutuokime!<br \/>&#13;<br \/>\n\tNepykite komentatoriai, bet komentarai su keiksma\u017eod\u017eiais bus \u0161alinami automati\u0161kai, be atsipra\u0161ymo.\n    <\/p>\n<p>&#13;<br \/>\n              Respublika.lt pasilieka teis\u0119 pa\u0161alinti nekult\u016bringus, keiksma\u017eod\u017eiais pagardintus, su tema nesusijusius, kito asmens vardu pasira\u0161ytus, \u012fstatymus pa\u017eeid\u017eian\u010dius, \u0161lam\u0161t\u0105 reklamuojan\u010dius ar nusikalsti kurstan\u010dius komentarus. Jei kurstysite smurt\u0105, rasin\u0119, tautin\u0119, religin\u0119 ar kitokio pob\u016bd\u017eio neapykant\u0105, \u017evirbliu i\u0161skrid\u0119 j\u016bs\u0173 \u017eod\u017eiai gr\u012f\u017edami gali virsti ton\u0105 sverian\u010diu jau\u010diu &#8211; specialiosioms Lietuvos tarnyboms pareikalavus suteiksime j\u016bs\u0173 duomenis.\n            <\/p>\n","protected":false},"excerpt":{"rendered":"\u00d7 (1\/1) Brigita Ivanauskait\u0117. Lietuvos policijos nuotr. Atsisi\u0173sti 1 nuotr. Brigita Ivanauskait\u0117. Lietuvos policijos nuotr. Alytaus apskrities policijos&hellip;\n","protected":false},"author":2,"featured_media":265794,"comment_status":"","ping_status":"","sticky":false,"template":"","format":"standard","meta":{"footnotes":"","_share_on_mastodon":"0"},"categories":[13],"tags":[2550,25,30,31,34,35,24,32,33,37,39,36,38,40,2502,23,22,142,601,28,29,5113,26,27,11333],"class_list":["post-265793","post","type-post","status-publish","format-standard","has-post-thumbnail","category-lietuva","tag-alytus","tag-antrastes","tag-breaking-news","tag-breakingnews","tag-featured-news","tag-featurednews","tag-headlines","tag-latest-news","tag-latestnews","tag-lietuva","tag-lietuviu","tag-lithuania","tag-lithuanian","tag-lt","tag-moteris","tag-naujienos","tag-news","tag-paieska","tag-policija","tag-populiariausios-naujienos","tag-populiariausiosnaujienos","tag-taurage","tag-top-stories","tag-topstories","tag-tuberkulioze"],"share_on_mastodon":{"url":"https:\/\/pubeurope.com\/@lt\/117191569241311095","error":""},"_links":{"self":[{"href":"https:\/\/www.europesays.com\/lt\/wp-json\/wp\/v2\/posts\/265793","targetHints":{"allow":["GET"]}}],"collection":[{"href":"https:\/\/www.europesays.com\/lt\/wp-json\/wp\/v2\/posts"}],"about":[{"href":"https:\/\/www.europesays.com\/lt\/wp-json\/wp\/v2\/types\/post"}],"author":[{"embeddable":true,"href":"https:\/\/www.europesays.com\/lt\/wp-json\/wp\/v2\/users\/2"}],"replies":[{"embeddable":true,"href":"https:\/\/www.europesays.com\/lt\/wp-json\/wp\/v2\/comments?post=265793"}],"version-history":[{"count":0,"href":"https:\/\/www.europesays.com\/lt\/wp-json\/wp\/v2\/posts\/265793\/revisions"}],"wp:featuredmedia":[{"embeddable":true,"href":"https:\/\/www.europesays.com\/lt\/wp-json\/wp\/v2\/media\/265794"}],"wp:attachment":[{"href":"https:\/\/www.europesays.com\/lt\/wp-json\/wp\/v2\/media?parent=265793"}],"wp:term":[{"taxonomy":"category","embeddable":true,"href":"https:\/\/www.europesays.com\/lt\/wp-json\/wp\/v2\/categories?post=265793"},{"taxonomy":"post_tag","embeddable":true,"href":"https:\/\/www.europesays.com\/lt\/wp-json\/wp\/v2\/tags?post=265793"}],"curies":[{"name":"wp","href":"https:\/\/api.w.org\/{rel}","templated":true}]}}