{"id":265811,"date":"2026-08-31T19:01:11","date_gmt":"2026-08-31T19:01:11","guid":{"rendered":"https:\/\/www.europesays.com\/lt\/265811\/"},"modified":"2026-08-31T19:01:11","modified_gmt":"2026-08-31T19:01:11","slug":"vokietija-afd-sulaukia-palaikymo-visose-gyventoju-grupese-respublika-lt","status":"publish","type":"post","link":"https:\/\/www.europesays.com\/lt\/265811\/","title":{"rendered":"Vokietija: AfD sulaukia palaikymo visose gyventoj\u0173 grup\u0117se &#8211; Respublika.lt"},"content":{"rendered":"<p><img loading=\"lazy\" decoding=\"async\" src=\"https:\/\/www.respublika.lt\/lt\/naujienos\/pasaulis\/pasaulio_politika\/rinkimu-ekspertas-afd-sulaukia-palaikymo-visose-gyventoju-grupese\/images\/ico_camera_white.gif\" class=\"camera\" width=\"22\" height=\"15\" alt=\"nuotr.\" style=\"position:relative; top:-2px; right:2px;\"\/> 1 nuotr.<\/p>\n<p>AfD sulaukia palaikymo visose gyventoj\u0173 grup\u0117se. EPA-Eltos nuotr.<\/p>\n<p style=\"text-align: justify;\" class=\"desktop_banner\">\u00a0<\/p>\n<p style=\"text-align: left;\">\u00a0<\/p>\n<p style=\"text-align: left;\">\u201ePartija, kuri apklausose renka apie 40 proc. bals\u0173, tiesiog negali remtis tik viena konkre\u010dia gyventoj\u0173 grupe\u201c, \u2013 vokie\u010di\u0173 transliuotojui \u201eDeutschlandfunk\u201c sak\u0117 Stefanas Merzas i\u0161 nuomoni\u0173 tyrimo instituto \u201eInfratest dimap\u201c, kalb\u0117damas apie art\u0117jan\u010dius Saksonijos-Anhalto \u017eem\u0117s parlamento rinkimus rugs\u0117jo 6 d. \u017dem\u0117s Konstitucijos apsaugos biuro kaip neabejotinai de\u0161ini\u0105ja ekstremistine j\u0117ga klasifikuojama AfD apklausose ai\u0161kiai lenkia Krik\u0161\u010dioni\u0173 demokrat\u0173 s\u0105jung\u0105 (CDU), kuri \u0161iuo metu valdo koalicijoje su socialdemokratais (SPD) ir laisvaisiais demokratais (FDP).<\/p>\n<p style=\"text-align: left;\">\u201eReikia pasakyti, kad dabar AfD sulaukia palaikymo visose gyventoj\u0173 grup\u0117se\u201c, \u2013 teig\u0117 S. Merzas. Tam tikri skirtumai egzistuoja, ta\u010diau jie es\u0105 laipsni\u0161ki.<\/p>\n<p style=\"text-align: left;\">\u201eVyrai \u017eymiai da\u017eniau balsuoja u\u017e AfD nei moterys. Jaunimas ir vidutinio am\u017eiaus \u017emon\u0117s tai daro da\u017eniau nei vyresnio am\u017eiausa, dirbantys renka AfD da\u017eniau nei pensininkai, o tarp dirban\u010di\u0173j\u0173 v\u0117lgi da\u017eniau balsuoja darbininkai nei tarnautojai ir valstyb\u0117s tarnautojai\u201c, \u2013 teig\u0117 rinkim\u0173 ekspertas.<\/p>\n<p style=\"text-align: left;\">Be to, \u017emon\u0117s be vidurinio i\u0161silavinimo u\u017e AfD balsuoja da\u017eniau nei turintys vidurin\u012f i\u0161silavinim\u0105, o kaimo vietov\u0117se ir ma\u017euose miesteliuose balsas u\u017e AfD atiduodamas da\u017eniau nei didmies\u010diuose.<\/p>\n<p style=\"text-align: left;\">Vis d\u0117lto, eksperto teigimu, tai nerei\u0161kia, kad kitos visuomen\u0117s grup\u0117s nebalsuoja u\u017e \u0161i\u0105 j\u0117g\u0105.<\/p>\n<p style=\"text-align: left;\">Nors moterys \u201eAfD\u201c renkasi re\u010diau, ta\u010diau, remiantis dabartin\u0117mis apklausomis, partija Saksonijoje-Anhalte \u0161iuo metu yra populiariausia ir tarp dailiosios lyties atstovi\u0173.<\/p>\n<p style=\"text-align: left;\">Prie\u0161 imigrantus nusiteikusi AfD partija iki \u0161iol niekada nedalyvavo n\u0117 vienoje i\u0161 16 Vokietijos \u017eemi\u0173 ar federalin\u0117s vyriausyb\u0117s valdan\u010di\u0173j\u0173 koalicij\u0173, nes visos kitos pagrindin\u0117s partijos atsisako su ja bendradarbiauti \u2013 \u0161i politika gerai \u017einoma \u201eugniasien\u0117s\u201c pavadinimu.<\/p>\n<p style=\"text-align: left;\">Ta\u010diau dabar partija \u00a0turi rimt\u0173 galimybi\u0173 u\u017esitikrinti absoliu\u010di\u0105 daugum\u0105 rugs\u0117jo 6 d. vyksian\u010diuose Saksonijos-Anhalto \u017eem\u0117s rinkimuose \u2013 apklausose jos populiarumas nuolat gerokai vir\u0161ija 40 proc.<\/p>\n","protected":false},"excerpt":{"rendered":"1 nuotr. AfD sulaukia palaikymo visose gyventoj\u0173 grup\u0117se. EPA-Eltos nuotr. \u00a0 \u00a0 \u201ePartija, kuri apklausose renka apie 40&hellip;\n","protected":false},"author":2,"featured_media":265812,"comment_status":"","ping_status":"","sticky":false,"template":"","format":"standard","meta":{"footnotes":"","_share_on_mastodon":"0"},"categories":[6],"tags":[7309,25,359,30,31,34,35,24,32,33,37,39,36,38,40,23,22,240,28,29,7089,26,27,320],"class_list":["post-265811","post","type-post","status-publish","format-standard","has-post-thumbnail","category-antrastes","tag-afd","tag-antrastes","tag-apklausa","tag-breaking-news","tag-breakingnews","tag-featured-news","tag-featurednews","tag-headlines","tag-latest-news","tag-latestnews","tag-lietuva","tag-lietuviu","tag-lithuania","tag-lithuanian","tag-lt","tag-naujienos","tag-news","tag-palaikymas","tag-populiariausios-naujienos","tag-populiariausiosnaujienos","tag-populiarumas","tag-top-stories","tag-topstories","tag-vokietija"],"share_on_mastodon":{"url":"https:\/\/pubeurope.com\/@lt\/117191670868880875","error":""},"_links":{"self":[{"href":"https:\/\/www.europesays.com\/lt\/wp-json\/wp\/v2\/posts\/265811","targetHints":{"allow":["GET"]}}],"collection":[{"href":"https:\/\/www.europesays.com\/lt\/wp-json\/wp\/v2\/posts"}],"about":[{"href":"https:\/\/www.europesays.com\/lt\/wp-json\/wp\/v2\/types\/post"}],"author":[{"embeddable":true,"href":"https:\/\/www.europesays.com\/lt\/wp-json\/wp\/v2\/users\/2"}],"replies":[{"embeddable":true,"href":"https:\/\/www.europesays.com\/lt\/wp-json\/wp\/v2\/comments?post=265811"}],"version-history":[{"count":0,"href":"https:\/\/www.europesays.com\/lt\/wp-json\/wp\/v2\/posts\/265811\/revisions"}],"wp:featuredmedia":[{"embeddable":true,"href":"https:\/\/www.europesays.com\/lt\/wp-json\/wp\/v2\/media\/265812"}],"wp:attachment":[{"href":"https:\/\/www.europesays.com\/lt\/wp-json\/wp\/v2\/media?parent=265811"}],"wp:term":[{"taxonomy":"category","embeddable":true,"href":"https:\/\/www.europesays.com\/lt\/wp-json\/wp\/v2\/categories?post=265811"},{"taxonomy":"post_tag","embeddable":true,"href":"https:\/\/www.europesays.com\/lt\/wp-json\/wp\/v2\/tags?post=265811"}],"curies":[{"name":"wp","href":"https:\/\/api.w.org\/{rel}","templated":true}]}}