{"id":265837,"date":"2026-08-31T19:41:17","date_gmt":"2026-08-31T19:41:17","guid":{"rendered":"https:\/\/www.europesays.com\/lt\/265837\/"},"modified":"2026-08-31T19:41:17","modified_gmt":"2026-08-31T19:41:17","slug":"putinui-grieztas-indijos-nurodymas","status":"publish","type":"post","link":"https:\/\/www.europesays.com\/lt\/265837\/","title":{"rendered":"Putinui \u2013 grie\u017etas Indijos nurodymas"},"content":{"rendered":"<p>\n                2026-08-31 20:48<\/p>\n<p>                Prenumeratoriams<\/p>\n<p>                            <a href=\"https:\/\/www.15min.lt\/autorius\/15min-naujienos-1287168\" rel=\"nofollow noopener\" target=\"_blank\"><br \/>\n                    <img decoding=\"async\" src=\"https:\/\/www.europesays.com\/lt\/wp-content\/uploads\/2026\/08\/1788205276_222_15min-logo-6364ebd7d8a04.jpg\" alt=\"15min naujienos\"\/><br \/>\n                <\/a><\/p>\n<p>\n                Indijos ministras pirmininkas Narendra Modi per susitikim\u0105 su Vladimiru Putinu Bi\u0161keke, kur vyksta \u0160anchajaus bendradarbiavimo organizacijos (\u0160BO) vir\u0161\u016bni\u0173 susitikimas, parei\u0161k\u0117, kad b\u016btina nedelsiant nutraukti kar\u0105 Ukrainoje.            <\/p>\n<p>\t\t\t\t<a href=\"https:\/\/s1.15min.lt\/images\/photos\/2026\/08\/31\/original\/narendra-modi-vladimiras-putinas-6a95a2137ba17.jpg\" title=\"ZumaPress\/Scanpix \/  Narendra Modi, Vladimiras Putinas\" class=\"image-link\" rel=\"nofollow noopener\" target=\"_blank\"><br \/>\n\t\t\t<img decoding=\"async\" alt=\"Narendra Modi, Vladimiras Putinas\" src=\"https:\/\/www.europesays.com\/lt\/wp-content\/uploads\/2026\/08\/narendra-modi-vladimiras-putinas-6a95a2137ba17.jpg\" itemprop=\"image\" width=\"970\" height=\"580\" fetchpriority=\"high\"\/>\t\t\t\t\t<\/a><\/p>\n<p>\n        Narendra Modi, Vladimiras Putinas  \/ ZumaPress\/Scanpix\t<\/p>\n","protected":false},"excerpt":{"rendered":"2026-08-31 20:48 Prenumeratoriams Indijos ministras pirmininkas Narendra Modi per susitikim\u0105 su Vladimiru Putinu Bi\u0161keke, kur vyksta \u0160anchajaus bendradarbiavimo&hellip;\n","protected":false},"author":2,"featured_media":265838,"comment_status":"","ping_status":"","sticky":false,"template":"","format":"standard","meta":{"footnotes":"","_share_on_mastodon":"0"},"categories":[15],"tags":[25,30,31,34,35,24,32,33,37,39,36,38,40,23,22,44,28,29,26,27,74,75,76],"class_list":["post-265837","post","type-post","status-publish","format-standard","has-post-thumbnail","category-pasaulis","tag-antrastes","tag-breaking-news","tag-breakingnews","tag-featured-news","tag-featurednews","tag-headlines","tag-latest-news","tag-latestnews","tag-lietuva","tag-lietuviu","tag-lithuania","tag-lithuanian","tag-lt","tag-naujienos","tag-news","tag-pasaulis","tag-populiariausios-naujienos","tag-populiariausiosnaujienos","tag-top-stories","tag-topstories","tag-world","tag-world-news","tag-worldnews"],"share_on_mastodon":{"url":"https:\/\/pubeurope.com\/@lt\/117191828350924806","error":""},"_links":{"self":[{"href":"https:\/\/www.europesays.com\/lt\/wp-json\/wp\/v2\/posts\/265837","targetHints":{"allow":["GET"]}}],"collection":[{"href":"https:\/\/www.europesays.com\/lt\/wp-json\/wp\/v2\/posts"}],"about":[{"href":"https:\/\/www.europesays.com\/lt\/wp-json\/wp\/v2\/types\/post"}],"author":[{"embeddable":true,"href":"https:\/\/www.europesays.com\/lt\/wp-json\/wp\/v2\/users\/2"}],"replies":[{"embeddable":true,"href":"https:\/\/www.europesays.com\/lt\/wp-json\/wp\/v2\/comments?post=265837"}],"version-history":[{"count":0,"href":"https:\/\/www.europesays.com\/lt\/wp-json\/wp\/v2\/posts\/265837\/revisions"}],"wp:featuredmedia":[{"embeddable":true,"href":"https:\/\/www.europesays.com\/lt\/wp-json\/wp\/v2\/media\/265838"}],"wp:attachment":[{"href":"https:\/\/www.europesays.com\/lt\/wp-json\/wp\/v2\/media?parent=265837"}],"wp:term":[{"taxonomy":"category","embeddable":true,"href":"https:\/\/www.europesays.com\/lt\/wp-json\/wp\/v2\/categories?post=265837"},{"taxonomy":"post_tag","embeddable":true,"href":"https:\/\/www.europesays.com\/lt\/wp-json\/wp\/v2\/tags?post=265837"}],"curies":[{"name":"wp","href":"https:\/\/api.w.org\/{rel}","templated":true}]}}