{"id":26584,"date":"2025-10-27T14:58:08","date_gmt":"2025-10-27T14:58:08","guid":{"rendered":"https:\/\/www.europesays.com\/lt\/26584\/"},"modified":"2025-10-27T14:58:08","modified_gmt":"2025-10-27T14:58:08","slug":"k-budriui-l-kasciuno-ir-i-simonytes-kirciai-del-balionu-primine-pareigas","status":"publish","type":"post","link":"https:\/\/www.europesays.com\/lt\/26584\/","title":{"rendered":"K. Budriui \u2013 L. Kas\u010di\u016bno ir I. \u0160imonyt\u0117s kir\u010diai d\u0117l balion\u0173: primin\u0117 pareigas"},"content":{"rendered":"<p>Pra\u0117jusi\u0105 savait\u0119 Lietuv\u0105 u\u017epl\u016bdus meteorologiniams balionams i\u0161 Baltarusijos, konservatori\u0173 frakcijos pos\u0117dyje u\u017esienio reikal\u0173 ministras K. Budrys tikino, kad pernai \u0161i\u0173 objekt\u0173 skai\u010dius buvo didesnis nei \u0161\u012fmet. Pasak jo, pasikeitus\u012f po\u017ei\u016br\u012f \u012f \u0161i\u0105 problem\u0105 lemia auk\u0161tesn\u0117 aviacijos saugumo kartel\u0117. Be to, diplomatijos vadovas akcentuoja, kad potenciali kontrabandini\u0173 balion\u0173 \u017eala yra didesn\u0117 nei pra\u0117jusiais metais.<\/p>\n<p>\u201ePats balion\u0173 kiekis, atkreipsiu d\u0117mes\u012f, praeitais metais buvo didesnis negu \u0161iais metais. (&#8230;) Ta\u010diau pats po\u017ei\u016bris i\u0161 civilin\u0117s aviacijos pus\u0117s \u012f saugum\u0105 yra pasikeit\u0119s, kartel\u0117 yra u\u017ekelta auk\u0161\u010diau. D\u0117l to imamasi papildom\u0173 atsargumo priemoni\u0173, kad neb\u016bt\u0173 sukelta \u017eala ar galimas pavojus m\u016bs\u0173 gyventojams\u201c, \u2013 pirmadien\u012f konservatori\u0173 frakcijos pos\u0117dyje kalb\u0117jo K. Budrys.<\/p>\n<p>Politikas taip pat u\u017esimin\u0117, es\u0105 prie\u0161 metus pastaroji problema sulauk\u0117 kitokio vald\u017eios d\u0117mesio d\u0117l vykusi\u0173 Seimo rinkim\u0173.<\/p>\n<p>\u201eVertinimas yra pasikeit\u0119s, nes \u017ealos pob\u016bdis yra didesnis. Nesiimsiu spekuliuoti, kas b\u016bt\u0173, jeigu prie\u0161 metus tai b\u016btume \u012fvardin\u0119 kaip kritin\u0119 gr\u0117sm\u0119 ir d\u0117l jos kreip\u0119si \u012f Europos S\u0105jung\u0105 (ES) ir aktyvav\u0119 su tuo susijusius mechanizmus. Galb\u016bt ka\u017ekas b\u016bt\u0173 pasikeit\u0119. Suprantame, kur mes buvome prie\u0161 metus \u2013 buvome rinkim\u0173 tiesiojoje ir d\u0117l to nesinor\u0117jo daryti vertinim\u0173 ar tos problemos aktualizuoti. Reikia vieni kitiems \u012f akis pasi\u017ei\u016br\u0117ti\u201c, \u2013 akcentavo jis.<\/p>\n<p>\u012e tokius ministro parei\u0161kimus netruko sureaguoti ekspremjer\u0117 Ingrida \u0160imonyt\u0117.<\/p>\n<p>\u201eA\u0161 turiu tai paneigti. Tikrai niekada neb\u016b\u010diau leidusi nesiimti priemoni\u0173 d\u0117l to, kad yra rinkimai. Tiesiog situacijos vertinimas i\u0161ties buvo kitas. Tai buvo nauji dalykai, k\u0105 tik atsirad\u0119 dalykai, buvo ie\u0161koma kinetini\u0173 priemoni\u0173, kaip su tuo dalyku kovoti, bet nebuvo jokios kalbos, kad nea\u0161trinkime, nes \u010dia ka\u017ekokie rinkimai\u201c, \u2013 d\u0117st\u0117 I. \u0160imonyt\u0117.<\/p>\n<p>Visgi, K. Budrys tikino tokias u\u017euominas gird\u0117j\u0119s viename u\u017edar\u0173 Seimo Nacionalinio saugumo ir gynybos komiteto (NSGK) pos\u0117d\u017ei\u0173.<\/p>\n<p>\u201eNegird\u0117jau taip tiesiai formuluojant, kad \u010dia d\u0117l to, kad bus rinkimai, ta\u010diau bendra savijauta ten ant stalo buvo akivaizdi\u201c, \u2013 d\u0117st\u0117 ministras.<\/p>\n<p>L. Kas\u010di\u016bnas: j\u016bs nesate politikos ap\u017evalgininkas<\/p>\n<p>Savo ruo\u017etu konservatori\u0173 lyderis Laurynas Kas\u010di\u016bnas po toki\u0173 ministro pasisakym\u0173 ragino ministr\u0105 imtis konkre\u010di\u0173 veiksm\u0173, o ne u\u017esiimti politin\u0117mis analiz\u0117mis.<\/p>\n<p>\u201eMan toks jausmas, kad j\u016bs daugiau dirbate steb\u0117toju, politikos ap\u017evalgininku. Prie\u0161 10 m\u0117nesi\u0173, kai prasid\u0117jo (meteorologini\u0173 balion\u0173 antpl\u016bd\u017eiai \u2013 ELTA), j\u016bs buvote kur? J\u016bs tuo metu buvote prezidento patar\u0117jas. Jeigu j\u016bs mat\u0117te, kad \u010dia vyksta ka\u017ekas ne taip \u2013 kod\u0117l j\u016bs nei\u0161\u0117jote, nepasak\u0117te? Kod\u0117l prezidentas nepasak\u0117? Dabar j\u016bs jau 10 m\u0117nesi\u0173 esate ministras, aktyvus Nacionalinio saugumo komisijos (NSK) narys, turite galimyb\u0119 dalyvauti Valstyb\u0117s gynimo taryboje (VGT), vienas i\u0161 lyderi\u0173. Kur planas? Kur algoritmas? 10 m\u0117nesi\u0173 jau buvo pakankamas laikas susid\u0117lioti planus\u201c, \u2013 pos\u0117dyje d\u0117st\u0117 L. Kas\u010di\u016bnas.<\/p>\n<p>\u201eNesate j\u016bs politikos ap\u017evalgininkas. A\u0161 irgi galiu gra\u017eiai pakomentuoti: gerai, blogai, Putin\u0105 \u012f Hag\u0105 \u2013 viskas teisingai, bet kur veiksmai? (&#8230;) Ministras n\u0117ra politikos ap\u017evalgininkas\u201c, \u2013 akcentavo jis.<\/p>\n<p>Tuo metu I. \u0160imonyt\u0117 ragino ministr\u0105 kalb\u0117ti apie dabartinius darbus ir \u0161ios Vyriausyb\u0117s planus.<\/p>\n<p>\u201eAnos Vyriausyb\u0117s n\u0117ra jau 10 m\u0117nesi\u0173, \u010dia klausimas yra \u2013 k\u0105 j\u016bs veikiate\u201c, \u2013 tikino ji.<\/p>\n<p>ELTA primena, kad pra\u0117jusi\u0105 savait\u0119 d\u0117l i\u0161 Baltarusijos atkeliaujan\u010di\u0173 kontrabandini\u0173 oro balion\u0173 keturis kartus buvo laikinai sustabdytas orlaivi\u0173 eismas Vilniaus oro uoste, vien\u0105 kart\u0105 \u2013 ir Kauno oro uoste.<\/p>\n<p>Incidentai, kai sutrikdyta oro uosto veikla bei u\u017edaryti Medinink\u0173 i\u0161 \u0160al\u010dinink\u0173 pasienio kontrol\u0117s punktai, fiksuoti antradienio, penktadienio, \u0161e\u0161tadienio ir sekmadienio vakarais.<\/p>\n<p>Tre\u010diadien\u012f Vyriausyb\u0117 ketina priimti sprendimus d\u0117l paskutini\u0173 dviej\u0173 \u2013 Medinink\u0173 ir \u0160al\u010dinink\u0173 \u2013 pasienio kontrol\u0117s punkt\u0173 su Baltarusija u\u017edarymo. Iki tol siena su Baltarusija liks u\u017edaryta. Tok\u012f sprendim\u0105 pri\u0117m\u0117 pirmadien\u012f pos\u0117d\u017eiavusi Nacionalinio saugumo komisija (NSK).<\/p>\n<p>Taip pat nutarta, jog kariuomen\u0117 prad\u0117s taikyti atitinkamas kinetines priemones, siekiant nuleisti \u012f \u0161al\u012f \u012fskrendan\u010dius balionus.<\/p>\n<p>Savo ruo\u017etu policijos ir Valstyb\u0117s sienos apsaugos tarnybos (VSAT) pareig\u016bnai aktyviau bendradarbiaus, siekiant pa\u017eaboti kontrabandininkus.<\/p>\n","protected":false},"excerpt":{"rendered":"Pra\u0117jusi\u0105 savait\u0119 Lietuv\u0105 u\u017epl\u016bdus meteorologiniams balionams i\u0161 Baltarusijos, konservatori\u0173 frakcijos pos\u0117dyje u\u017esienio reikal\u0173 ministras K. Budrys tikino, kad&hellip;\n","protected":false},"author":2,"featured_media":26585,"comment_status":"","ping_status":"","sticky":false,"template":"","format":"standard","meta":{"footnotes":""},"categories":[6],"tags":[25,30,31,34,35,24,32,33,37,39,36,38,40,23,22,28,29,26,27],"class_list":{"0":"post-26584","1":"post","2":"type-post","3":"status-publish","4":"format-standard","5":"has-post-thumbnail","7":"category-antrastes","8":"tag-antrastes","9":"tag-breaking-news","10":"tag-breakingnews","11":"tag-featured-news","12":"tag-featurednews","13":"tag-headlines","14":"tag-latest-news","15":"tag-latestnews","16":"tag-lietuva","17":"tag-lietuviu","18":"tag-lithuania","19":"tag-lithuanian","20":"tag-lt","21":"tag-naujienos","22":"tag-news","23":"tag-populiariausios-naujienos","24":"tag-populiariausiosnaujienos","25":"tag-top-stories","26":"tag-topstories"},"share_on_mastodon":{"url":"https:\/\/pubeurope.com\/@lt\/115446723609554689","error":""},"_links":{"self":[{"href":"https:\/\/www.europesays.com\/lt\/wp-json\/wp\/v2\/posts\/26584","targetHints":{"allow":["GET"]}}],"collection":[{"href":"https:\/\/www.europesays.com\/lt\/wp-json\/wp\/v2\/posts"}],"about":[{"href":"https:\/\/www.europesays.com\/lt\/wp-json\/wp\/v2\/types\/post"}],"author":[{"embeddable":true,"href":"https:\/\/www.europesays.com\/lt\/wp-json\/wp\/v2\/users\/2"}],"replies":[{"embeddable":true,"href":"https:\/\/www.europesays.com\/lt\/wp-json\/wp\/v2\/comments?post=26584"}],"version-history":[{"count":0,"href":"https:\/\/www.europesays.com\/lt\/wp-json\/wp\/v2\/posts\/26584\/revisions"}],"wp:featuredmedia":[{"embeddable":true,"href":"https:\/\/www.europesays.com\/lt\/wp-json\/wp\/v2\/media\/26585"}],"wp:attachment":[{"href":"https:\/\/www.europesays.com\/lt\/wp-json\/wp\/v2\/media?parent=26584"}],"wp:term":[{"taxonomy":"category","embeddable":true,"href":"https:\/\/www.europesays.com\/lt\/wp-json\/wp\/v2\/categories?post=26584"},{"taxonomy":"post_tag","embeddable":true,"href":"https:\/\/www.europesays.com\/lt\/wp-json\/wp\/v2\/tags?post=26584"}],"curies":[{"name":"wp","href":"https:\/\/api.w.org\/{rel}","templated":true}]}}