{"id":265843,"date":"2026-08-31T19:50:38","date_gmt":"2026-08-31T19:50:38","guid":{"rendered":"https:\/\/www.europesays.com\/lt\/265843\/"},"modified":"2026-08-31T19:50:38","modified_gmt":"2026-08-31T19:50:38","slug":"rusijos-laivas-pasieke-turkija-igula-spruko","status":"publish","type":"post","link":"https:\/\/www.europesays.com\/lt\/265843\/","title":{"rendered":"Rusijos laivas pasiek\u0117 Turkij\u0105: \u012fgula spruko"},"content":{"rendered":"\n<p>\u201e108 metr\u0173 ilgio su <a href=\"https:\/\/www.tv3.lt\/naujiena\/uzsienis\/karas-ukrainoje-jie-mane-pakars-ziniasklaidoje-pralaimejimo-kare-su-ukraina-bijancio-putino-pareiskimas-n1547592?priority=2\" target=\"_blank\" rel=\"nofollow noopener\">Rusijos<\/a> v\u0117liava plaukiojantis krovininis laivas \u201eOMSKIJ-107\u201c, kuris buvo u\u017epultas netoli Rusijos Novorosijsko uosto, ne\u0161amas srov\u0117s u\u017eplauk\u0117 ant seklumos prie Alakalio pakrant\u0117s \u0160il\u0117s rajone\u201c, \u2013 prane\u0161\u0117 DHA. Liudininkams pasteb\u0117jus, kad laivas dreifuoja link kranto, \u012f t\u0105 viet\u0105 buvo i\u0161si\u0173stos pakran\u010di\u0173 apsaugos paj\u0117gos.<\/p>\n<p>\u201eMatyti, kad laivo tiltelis deg\u0117 ir buvo gerokai apgadintas\u201c, \u2013 teig\u0117 agent\u016bra.<\/p>\n<p>      Laiv\u0105 paliko \u012fgula\u00a0 <\/p>\n<p>Prane\u0161ama, kad po to, kai laivas buvo u\u017epultas, gula j\u012f paliko gelb\u0117jimosi valtimis.<\/p>\n<p>Jokios i\u0161samios informacijos apie tariamo i\u0161puolio aplinkybes ar galimas aukas nepateikta.<\/p>\n<p>Kaip anks\u010diau prane\u0161\u0117 naujien\u0173 agent\u016bra \u201eUkrinform\u201c, did\u017eiausia pasaulyje konteineri\u0173 gabenimo bendrov\u0117 \u201eMSC Mediterranean Shipping Co.\u201c sustabd\u0117 u\u017esakym\u0173 pri\u0117mim\u0105 reisams \u012f Novorosijsko uost\u0105 po to, kai vien\u0105 i\u0161 jos laiv\u0173 u\u017epuol\u0117 dronas.<\/p>\n<p>Kvie\u010diame atrasti nauj\u0105 tv3.lt turin\u012f! Nuo \u0161iol portale j\u016bs\u0173 laukia ne tik <a href=\"https:\/\/www.tv3.lt\/testai\" rel=\"nofollow noopener\" target=\"_blank\">kasdien nauji testai<\/a>, bet ir <a href=\"https:\/\/www.tv3.lt\/kryziazodziai\" rel=\"nofollow noopener\" target=\"_blank\">kry\u017eia\u017eod\u017eiai <\/a>\u2013 i\u0161bandykite savo \u017einias, spr\u0119skite ir smagiai praleiskite laik\u0105. <\/p>\n","protected":false},"excerpt":{"rendered":"\u201e108 metr\u0173 ilgio su Rusijos v\u0117liava plaukiojantis krovininis laivas \u201eOMSKIJ-107\u201c, kuris buvo u\u017epultas netoli Rusijos Novorosijsko uosto, ne\u0161amas&hellip;\n","protected":false},"author":2,"featured_media":265844,"comment_status":"","ping_status":"","sticky":false,"template":"","format":"standard","meta":{"footnotes":"","_share_on_mastodon":"0"},"categories":[15],"tags":[38566,25,30,31,57,43,34,35,55,48,24,54,51,49,50,32,33,37,39,36,38,40,45,23,22,44,28,29,53,42,56,47,26,27,41,46,58,74,75,76,52],"class_list":["post-265843","post","type-post","status-publish","format-standard","has-post-thumbnail","category-pasaulis","tag-2026-08-31-163326","tag-antrastes","tag-breaking-news","tag-breakingnews","tag-daiktai","tag-dienos-kronika","tag-featured-news","tag-featurednews","tag-gatves-tekstai","tag-gyvenimas","tag-headlines","tag-interneto-pievos","tag-keliones","tag-kultura","tag-laisvalaikis","tag-latest-news","tag-latestnews","tag-lietuva","tag-lietuviu","tag-lithuania","tag-lithuanian","tag-lt","tag-mokslas-ir-it","tag-naujienos","tag-news","tag-pasaulis","tag-populiariausios-naujienos","tag-populiariausiosnaujienos","tag-projektai","tag-rinktiniai-tekstai","tag-simtmecio-portalas","tag-sportas","tag-top-stories","tag-topstories","tag-tv3-lt","tag-verslas","tag-video","tag-world","tag-world-news","tag-worldnews","tag-zaidimai"],"share_on_mastodon":{"url":"","error":"Validation failed: Text character limit of 500 exceeded"},"_links":{"self":[{"href":"https:\/\/www.europesays.com\/lt\/wp-json\/wp\/v2\/posts\/265843","targetHints":{"allow":["GET"]}}],"collection":[{"href":"https:\/\/www.europesays.com\/lt\/wp-json\/wp\/v2\/posts"}],"about":[{"href":"https:\/\/www.europesays.com\/lt\/wp-json\/wp\/v2\/types\/post"}],"author":[{"embeddable":true,"href":"https:\/\/www.europesays.com\/lt\/wp-json\/wp\/v2\/users\/2"}],"replies":[{"embeddable":true,"href":"https:\/\/www.europesays.com\/lt\/wp-json\/wp\/v2\/comments?post=265843"}],"version-history":[{"count":0,"href":"https:\/\/www.europesays.com\/lt\/wp-json\/wp\/v2\/posts\/265843\/revisions"}],"wp:featuredmedia":[{"embeddable":true,"href":"https:\/\/www.europesays.com\/lt\/wp-json\/wp\/v2\/media\/265844"}],"wp:attachment":[{"href":"https:\/\/www.europesays.com\/lt\/wp-json\/wp\/v2\/media?parent=265843"}],"wp:term":[{"taxonomy":"category","embeddable":true,"href":"https:\/\/www.europesays.com\/lt\/wp-json\/wp\/v2\/categories?post=265843"},{"taxonomy":"post_tag","embeddable":true,"href":"https:\/\/www.europesays.com\/lt\/wp-json\/wp\/v2\/tags?post=265843"}],"curies":[{"name":"wp","href":"https:\/\/api.w.org\/{rel}","templated":true}]}}