{"id":265851,"date":"2026-08-31T20:07:07","date_gmt":"2026-08-31T20:07:07","guid":{"rendered":"https:\/\/www.europesays.com\/lt\/265851\/"},"modified":"2026-08-31T20:07:07","modified_gmt":"2026-08-31T20:07:07","slug":"atslugus-emocijoms-po-vingio-parko-jessica-shy-paviesino-ispudinga-vaizdo-irasa-ir-svarbu-sarasa-stai-kas-jame-15min-lt","status":"publish","type":"post","link":"https:\/\/www.europesays.com\/lt\/265851\/","title":{"rendered":"Atsl\u016bgus emocijoms po Vingio parko \u2013 Jessica Shy pavie\u0161ino \u012fsp\u016bding\u0105 vaizdo \u012fra\u0161\u0105 ir svarb\u0173 s\u0105ra\u0161\u0105: \u0161tai, kas jame &#8211; 15min.lt"},"content":{"rendered":"<ol>\n<li><a href=\"https:\/\/news.google.com\/rss\/articles\/CBMi_AFBVV95cUxQOHFaME1DYU9vWXJOQndZNW1RU19JbnRaU05GeGJPdnF6b3Z5ZmVRNElVbG05cXp3SGEzZlNSSk9CZTJUYlVzUGp3Y0Nya1NWdG1OZDd5eExmTy1iMVZNbVNZMGQ4eEd3ZVFMWUFJRUwtMVpDMFo1Y1o5aHRiZi10OV9PRjk3bG1tbGZ3UGpTcmdoZlEzQXpBaWQzYUZHOVR1LTVUdDFmaENibzNiQnRaNFVLTWU1ZkpsbEx3TjhrYU5XUnFZSHd6LXZZZ1kyUmxmYzdzdFNoSVZEOXZNU1N4VzBNUzNTYjBpTWtIWVJmaklORzdXS3picGxQdDI?oc=5\" target=\"_blank\" rel=\"nofollow noopener\">Atsl\u016bgus emocijoms po Vingio parko \u2013 Jessica Shy pavie\u0161ino \u012fsp\u016bding\u0105 vaizdo \u012fra\u0161\u0105 ir svarb\u0173 s\u0105ra\u0161\u0105: \u0161tai, kas jame<\/a>&nbsp;&nbsp;15min.lt<\/li>\n<li><a href=\"https:\/\/news.google.com\/rss\/articles\/CBMiqAFBVV95cUxPeVYtWEo2Q1JxV3FqU2xCTVBjRkVrVi1tYV9yTW5EQVE4c1ZCQ1F0ZHBGSHZqRjRrbHBSeUh5Q21OMDE0RkxORHNHVGtnUEh6dExXMGsxREVzeDUyRWN6Qk5sbEpWeC1Kd1F0dFVYWWxiaUJ5dG42X2VyUGpsUmpqTnRZNjE1OHZpb0EyZklJRnNpZXR4UkRjN2UyVUhBTDcyOG16SGt0X0c?oc=5\" target=\"_blank\" rel=\"nofollow noopener\">Ekonomistas apie \u201eJessiconomy\u201c: Vilniaus rinka buvo supurtyta<\/a>&nbsp;&nbsp;LRT<\/li>\n<li><a href=\"https:\/\/news.google.com\/rss\/articles\/CBMitgFBVV95cUxQbEx4Y2llSU9fdzBydjAzX1FjVGJNclM4YTdQYWVVVVJpZzB1dFYwbjRqZkpoY0czWTVaeTFjaFZ2bDExdkVuUmxoTGx0Qm1jU3h5TF8zb0tzTEg0eURxY2RnQVc3WERoUDhvOXRTRWE2WjVEUkxmOFVMT1Q0UndaTHB3d2FDcV83ZUxjVk5Ja2FmTFI2VFBvblJUQjZrUkJDWGZhcVhmSUVYeHJxUEFKc1VuVzJiUQ?oc=5\" target=\"_blank\" rel=\"nofollow noopener\">Nufilmavo ir visiems parod\u0117, kas savaitgal\u012f d\u0117josi Vilniaus centre: \u201eDieve&#8230;\u201c<\/a>&nbsp;&nbsp;tv3.lt<\/li>\n<li><a href=\"https:\/\/news.google.com\/rss\/articles\/CBMiuwFBVV95cUxOa0hLZjBZdndKVHVmS1JlU1NaNzdXQ1h4QzBHYmU1TDllVmxGNGNidkZqczFrbnVZM3dBV3VpcEVjdWtzUE1TaDg3YlRGblJlZi00b3NCYVpNcHJYUEs5Q1JJSWVEZ1NIMDhkZEpIYUNDTjFkVl9yWW1hREM4b1pUcVc0ek1maTBQV1JWcHpmQXNSUFVPRElSemdXNl9DSFNEQVpTWnB0UEhpckVvTnJLZGtHZEFPRTgxVTdZ?oc=5\" target=\"_blank\" rel=\"nofollow noopener\">Po istorinio karjeros \u0161ou \u2013 Jessicos Shy \u017einut\u0117: ne\u012fsileisiu pyk\u010dio ar pavydo<\/a>&nbsp;&nbsp;Delfi<\/li>\n<li><a href=\"https:\/\/news.google.com\/rss\/articles\/CBMi9gFBVV95cUxNOUdORkhFanN2OVUxUzJONl90Y3lBZ0N4aUpLXzVQZ2ctMk56dkhVQ2JlQW5aMFRRa1FxM19nMVQtLVRxSFZHSm9qcHdfbzdJWGx2c24zNFFFV19KXzFabXltYS1IQWlDV3QtUzVEb09Mdmota1dWTUlNNjBfTXpHdTNqVWdfTUlBMF9qLW5aanlMeDNxSXQ1TUZlQWVscVFIZHYxRjhIRU0yNlg1Y3JPQWFDZEswM0R5LVExNWRrdjNMcFM0a3A1RUczYWRBUlJlblIzNnlqZ2ZMbHFiclJKQ3JsdkhJd19fZkZyNGkwOWd3QnBGclE?oc=5\" target=\"_blank\" rel=\"nofollow noopener\">Investuotojas paskai\u010diavo, k\u0105 Vilniui padar\u0117 Jessica Shy su 2 koncertais Vingio parke: gim\u0117 \u201eJessiconomy\u201c<\/a>&nbsp;&nbsp;Lrytas<\/li>\n<\/ol>\n","protected":false},"excerpt":{"rendered":"Atsl\u016bgus emocijoms po Vingio parko \u2013 Jessica Shy pavie\u0161ino \u012fsp\u016bding\u0105 vaizdo \u012fra\u0161\u0105 ir svarb\u0173 s\u0105ra\u0161\u0105: \u0161tai, kas jame&nbsp;&nbsp;15min.lt&hellip;\n","protected":false},"author":2,"featured_media":265852,"comment_status":"","ping_status":"","sticky":false,"template":"","format":"standard","meta":{"footnotes":"","_share_on_mastodon":"0"},"categories":[21],"tags":[113,37,39,36,38,40,114],"class_list":["post-265851","post","type-post","status-publish","format-standard","has-post-thumbnail","category-pramogos","tag-entertainment","tag-lietuva","tag-lietuviu","tag-lithuania","tag-lithuanian","tag-lt","tag-pramogos"],"share_on_mastodon":{"url":"https:\/\/pubeurope.com\/@lt\/117191930238065233","error":""},"_links":{"self":[{"href":"https:\/\/www.europesays.com\/lt\/wp-json\/wp\/v2\/posts\/265851","targetHints":{"allow":["GET"]}}],"collection":[{"href":"https:\/\/www.europesays.com\/lt\/wp-json\/wp\/v2\/posts"}],"about":[{"href":"https:\/\/www.europesays.com\/lt\/wp-json\/wp\/v2\/types\/post"}],"author":[{"embeddable":true,"href":"https:\/\/www.europesays.com\/lt\/wp-json\/wp\/v2\/users\/2"}],"replies":[{"embeddable":true,"href":"https:\/\/www.europesays.com\/lt\/wp-json\/wp\/v2\/comments?post=265851"}],"version-history":[{"count":0,"href":"https:\/\/www.europesays.com\/lt\/wp-json\/wp\/v2\/posts\/265851\/revisions"}],"wp:featuredmedia":[{"embeddable":true,"href":"https:\/\/www.europesays.com\/lt\/wp-json\/wp\/v2\/media\/265852"}],"wp:attachment":[{"href":"https:\/\/www.europesays.com\/lt\/wp-json\/wp\/v2\/media?parent=265851"}],"wp:term":[{"taxonomy":"category","embeddable":true,"href":"https:\/\/www.europesays.com\/lt\/wp-json\/wp\/v2\/categories?post=265851"},{"taxonomy":"post_tag","embeddable":true,"href":"https:\/\/www.europesays.com\/lt\/wp-json\/wp\/v2\/tags?post=265851"}],"curies":[{"name":"wp","href":"https:\/\/api.w.org\/{rel}","templated":true}]}}