{"id":265855,"date":"2026-08-31T20:18:11","date_gmt":"2026-08-31T20:18:11","guid":{"rendered":"https:\/\/www.europesays.com\/lt\/265855\/"},"modified":"2026-08-31T20:18:11","modified_gmt":"2026-08-31T20:18:11","slug":"gabrieles-malinauskaites-vaidinama-julika-grizta-i-seriala-rimti-reikalai-prabilo-apie-pokycius-vardai","status":"publish","type":"post","link":"https:\/\/www.europesays.com\/lt\/265855\/","title":{"rendered":"Gabriel\u0117s Malinauskait\u0117s vaidinama Julika gr\u012f\u017eta \u012f serial\u0105 \u201eRimti reikalai\u201c: prabilo apie poky\u010dius | Vardai"},"content":{"rendered":"<p>Aktor\u0117 pripa\u017e\u012fsta, kad net ir po daugyb\u0117s sezon\u0173 Julikos persona\u017eas vis dar turi kuo nustebinti.<\/p>\n<p>\u201eJulika tikrai yra toks persona\u017eas, kuris kiekvien\u0105 kart\u0105 gali nustebinti. Vis dar galima atrasti \u012fvairiausi\u0173 jos kamp\u0173. Ji priima netik\u0117tus sprendimus, ne\u012fprastai m\u0105sto, tod\u0117l kiekvien\u0105 sezon\u0105 atsiranda nauj\u0173 perliuk\u0173. Tai tikrai yra tas persona\u017eas, per kur\u012f galima \u012fvairiapusi\u0161kai atskleisti tok\u012f \u017eaisming\u0105 \u017emog\u0173\u201c, \u2013 pasakoja G.Malinauskait\u0117.<\/p>\n<p> <a href=\"https:\/\/s1.15min.lt\/images\/photos\/2026\/08\/20\/original\/ffebdb52-8910-4a33-be74-104615eb5a6b-6a86c24036481.jpeg\" rel=\"content-image nofollow noopener\" title=\"Asmeninio archyvo nuotr.\/Gabriel\u0117 Malinauskait\u0117\" target=\"_blank\"><img decoding=\"async\" alt=\"Asmeninio archyvo nuotr.\/Gabriel\u0117 Malinauskait\u0117\" rel=\"content-image\" src=\"https:\/\/www.europesays.com\/lt\/wp-content\/uploads\/2026\/08\/ffebdb52-8910-4a33-be74-104615eb5a6b-6a86c24036481.jpeg\" style=\"width: auto; height: auto;\"\/><\/a> <\/p>\n<p>Asmeninio archyvo nuotr.\/Gabriel\u0117 Malinauskait\u0117<\/p>\n<p>Per visus serialo sezonus Julika, anot aktor\u0117s, tapo u\u017edaresn\u0117 ir vieni\u0161esn\u0117. Nors jos gyvenime netr\u016bksta \u012fvairi\u0173 \u017emoni\u0173 ir susitikim\u0173, ji da\u017enai visk\u0105 sprend\u017eia viena.<\/p>\n<p>\u201eJi turi daug vidinio li\u016bdesio, nors i\u0161 i\u0161or\u0117s ir sukelia \u0161ypsen\u0105. Man atrodo, ji tokia kaip kat\u0117 \u2013 viena visur vaik\u0161to, viena sprend\u017eia. Per tiek met\u0173 ji vis tokia u\u017edaresn\u0117 ir vieni\u0161esn\u0117 tampa. Galb\u016bt d\u0117l to ji ir gilinasi \u012f visokius anapusinius pasaulius, nes galb\u016bt vis dar ie\u0161ko sav\u0119s\u201c, \u2013 svarsto aktor\u0117.<\/p>\n<p>Gabriel\u0117 taip pat sako, kad \u017emon\u0117s j\u0105 da\u017enai atpa\u017e\u012fsta, u\u017ekalbina ir smalsauja, kas laukia seriale toliau. Ta\u010diau b\u016bsimo sezono paslap\u010di\u0173 ji nei\u0161duoda \u2013 aktorei svarbu i\u0161laikyti intrig\u0105.<\/p>\n<p>\u201eTikrai da\u017enai b\u016bna, kad klausia, kas bus seriale toliau, kas \u012fvyks, ta\u010diau a\u0161 niekada nepasakoju, bet labai d\u017eiugina, kad \u017emon\u0117s taip \u0161iltai reaguoja ir labai m\u0117gsta Julikos persona\u017e\u0105\u201c, \u2013 su \u0161ypsena pasakoja aktor\u0117.<\/p>\n<p>Nors filmavimo aik\u0161tel\u0117je Gabriel\u0117s vasara buvo darbinga, aktorei pavyko atrasti laiko ir poilsiui bei \u0161eimai. Pirm\u0105j\u0105 vasaros dal\u012f ji repetavo spektakl\u012f \u201eLaisvi drugeliai\u201c, o vasaros pabaigoje prasid\u0117jo filmavimai, ta\u010diau liepa tapo ypa\u010d \u0161eimyni\u0161ku m\u0117nesiu \u2013 daugiau laiko aktor\u0117 gal\u0117jo praleisti su vaikais.<\/p>\n<p>\u201eVasara buvo gana pabalansuota. Ji buvo ir darbinga, bet buvo ir laisv\u0173 dien\u0173, ypa\u010d liepos m\u0117nes\u012f, kai mano s\u016bnus n\u0117jo \u012f dar\u017eel\u012f, tai tikrai labai daug laiko praleidau su juo ir su dukra\u201c, \u2013 sako aktor\u0117.<\/p>\n<p> <a href=\"https:\/\/s1.15min.lt\/images\/photos\/2026\/08\/20\/original\/img_2299-6a86c2334b5ae.jpeg\" rel=\"content-image nofollow noopener\" title=\"Asmeninio archyvo nuotr.\/Gabriel\u0117 Malinauskait\u0117\" target=\"_blank\"><img decoding=\"async\" alt=\"Asmeninio archyvo nuotr.\/Gabriel\u0117 Malinauskait\u0117\" rel=\"content-image\" src=\"https:\/\/www.europesays.com\/lt\/wp-content\/uploads\/2026\/08\/img_2299-6a86c2334b5ae.jpeg\" style=\"width: auto; height: auto;\"\/><\/a> <\/p>\n<p>Asmeninio archyvo nuotr.\/Gabriel\u0117 Malinauskait\u0117<\/p>\n<p>Pasak Gabriel\u0117s, suderinti darb\u0105 ir \u0161eim\u0105 padeda planavimas bei artim\u0173j\u0173 palaikymas.<\/p>\n<p>\u201eKuo daugiau darai, tuo daugiau susid\u0117lioji ir susiplanuoji. Man\u0119s planavimas neg\u0105sdina, tik m\u0117gstu visk\u0105 \u017einoti i\u0161 anksto. Turiu labai palaikan\u010di\u0105 \u0161eim\u0105 ir pagalbos, tai esu labai d\u0117kinga mane supantiems \u017emon\u0117ms, kad galiu darbuotis\u201c, \u2013 d\u017eiaugiasi ji.<\/p>\n<p>Nuo intensyvaus darbo ritmo aktorei padeda atitr\u016bkti fizin\u0117 veikla \u2013 ji reguliariai lankosi pas kineziterapeut\u0105. Gabriel\u0117 taip pat prisipa\u017e\u012fsta pasiilgusi muzikos: anks\u010diau ne vienerius metus lank\u0117 dainavimo pamokas, o laisvesn\u0117mis akimirkomis pris\u0117da prie pianino ar paima \u012f rankas gitar\u0105. Aktor\u0117 neslepia svajojanti kada nors ir v\u0117l daugiau laiko skirti dainavimui.<\/p>\n<p>\u201eLabai esu pasiilgusi dainavimo pamok\u0173. Tai man labai \u0161ird\u017eiai mielas dalykas, tod\u0117l vis dar svajoju prie to sugr\u012f\u017eti\u201c, \u2013 prisipa\u017e\u012fsta G.Malinauskait\u0117.<\/p>\n<p>Devintasis \u201eRimt\u0173 reikal\u0173\u201c sezonas nauju laiku \u2013 nuo pirmadienio iki ketvirtadienio 19.30 val. per LNK.<\/p>\n","protected":false},"excerpt":{"rendered":"Aktor\u0117 pripa\u017e\u012fsta, kad net ir po daugyb\u0117s sezon\u0173 Julikos persona\u017eas vis dar turi kuo nustebinti. \u201eJulika tikrai yra&hellip;\n","protected":false},"author":2,"featured_media":265856,"comment_status":"","ping_status":"","sticky":false,"template":"","format":"standard","meta":{"footnotes":"","_share_on_mastodon":"0"},"categories":[21],"tags":[113,37,39,36,38,40,114],"class_list":["post-265855","post","type-post","status-publish","format-standard","has-post-thumbnail","category-pramogos","tag-entertainment","tag-lietuva","tag-lietuviu","tag-lithuania","tag-lithuanian","tag-lt","tag-pramogos"],"share_on_mastodon":{"url":"https:\/\/pubeurope.com\/@lt\/117191974082639961","error":""},"_links":{"self":[{"href":"https:\/\/www.europesays.com\/lt\/wp-json\/wp\/v2\/posts\/265855","targetHints":{"allow":["GET"]}}],"collection":[{"href":"https:\/\/www.europesays.com\/lt\/wp-json\/wp\/v2\/posts"}],"about":[{"href":"https:\/\/www.europesays.com\/lt\/wp-json\/wp\/v2\/types\/post"}],"author":[{"embeddable":true,"href":"https:\/\/www.europesays.com\/lt\/wp-json\/wp\/v2\/users\/2"}],"replies":[{"embeddable":true,"href":"https:\/\/www.europesays.com\/lt\/wp-json\/wp\/v2\/comments?post=265855"}],"version-history":[{"count":0,"href":"https:\/\/www.europesays.com\/lt\/wp-json\/wp\/v2\/posts\/265855\/revisions"}],"wp:featuredmedia":[{"embeddable":true,"href":"https:\/\/www.europesays.com\/lt\/wp-json\/wp\/v2\/media\/265856"}],"wp:attachment":[{"href":"https:\/\/www.europesays.com\/lt\/wp-json\/wp\/v2\/media?parent=265855"}],"wp:term":[{"taxonomy":"category","embeddable":true,"href":"https:\/\/www.europesays.com\/lt\/wp-json\/wp\/v2\/categories?post=265855"},{"taxonomy":"post_tag","embeddable":true,"href":"https:\/\/www.europesays.com\/lt\/wp-json\/wp\/v2\/tags?post=265855"}],"curies":[{"name":"wp","href":"https:\/\/api.w.org\/{rel}","templated":true}]}}