{"id":265861,"date":"2026-08-31T20:24:11","date_gmt":"2026-08-31T20:24:11","guid":{"rendered":"https:\/\/www.europesays.com\/lt\/265861\/"},"modified":"2026-08-31T20:24:11","modified_gmt":"2026-08-31T20:24:11","slug":"ieva-voveris-pagaliau-atskleide-kodel-sugriuvo-santuoka-jam-namuose-reikejo-barbes-vardai","status":"publish","type":"post","link":"https:\/\/www.europesays.com\/lt\/265861\/","title":{"rendered":"Ieva Voveris pagaliau atskleid\u0117, kod\u0117l sugriuvo santuoka: \u201eJam namuose reik\u0117jo barb\u0117s\u201c | Vardai"},"content":{"rendered":"<p>Monakas, Jungtin\u0117 Karalyst\u0117, JAV, Dubajus \u2013 moters gyvenime keit\u0117si \u0161alys, ta\u010diau lietuvi\u0173 susidom\u0117jimas itin prabangiai gyvenan\u010dia tautiete vis augo. O \u0161iandien ypa\u010d stebina 37-eri\u0173 moters gyvenimo kontrastai ir atvirumas apie tai, ko ilgus metus nemat\u0117 jos sek\u0117jai.<\/p>\n<p>\u201eVien d\u0117l kr\u016btin\u0117s implant\u0173 i\u0161si\u0117mimo \u2013 \u017emon\u0117ms tai tikrai atrodo keista. Esu gird\u0117jusi apie save sakant \u2013 nuo per didelio pinig\u0173 kiekio tur\u0117jimo taip protas susisuko, kad nebe\u017eino, ko nori, ka\u017ekokiose palapin\u0117se miega ten su neai\u0161kiais tipais\u201c, \u2013 Delfi TV laidoje \u201eKasdienyb\u0117s herojai\u201c papasakojo \u017einoma moteris.<\/p>\n<p> <a href=\"https:\/\/s1.15min.lt\/images\/photos\/2026\/08\/31\/original\/ieva-voveris-6a95b4eb74176.jpeg\" rel=\"content-image nofollow noopener\" title=\"Asmeninio albumo nuotr.\/Ieva Voveris\" target=\"_blank\"><img decoding=\"async\" alt=\"Asmeninio albumo nuotr.\/Ieva Voveris\" rel=\"content-image\" src=\"https:\/\/www.europesays.com\/lt\/wp-content\/uploads\/2026\/08\/ieva-voveris-6a95b4eb74176.jpeg\" style=\"width: auto; height: auto;\"\/><\/a> <\/p>\n<p>Asmeninio albumo nuotr.\/Ieva Voveris<\/p>\n<p>\u0160iandien Ieva jau gyvena Lietuvoje. Pa\u0161nekov\u0117 prisipa\u017e\u012fsta, kad jos po\u017ei\u016bris \u012f gro\u017e\u012f ir prabang\u0105 pasikeit\u0117 kardinaliai. Anks\u010diau tur\u0117tus \u201eBentley\u201c ar \u201eLamborghini\u201c automobilius pakeit\u0117 kur kas paprastesn\u0117 ma\u0161ina. Ieva i\u0161si\u0117m\u0117 kr\u016bt\u0173 implantus ir sako nebenorinti dirbtinio gro\u017eio. Tiesa, dvasingumo paie\u0161kos tur\u0117jo didel\u0119 kain\u0105 \u2013 jos poky\u010diai nebuvo priimtini sutuoktiniui, tad bendras poros gyvenimas subyr\u0117jo.<\/p>\n<p>Ieva neslepia \u2013 kadaise, jai patekus \u012f \u201eOlialia\u201c projekt\u0105, gro\u017eis ir noras tapti kuo dailesnei u\u017evald\u0117 vis\u0105 jos gyvenim\u0105.<\/p>\n<p>\u201eTai tapo mano manija ir mano kal\u0117jimu\u201c, \u2013 neslepia Ieva.<\/p>\n<p> <a href=\"https:\/\/s1.15min.lt\/images\/photos\/2026\/08\/31\/original\/ieva-voveris-6a95b4ea3bf80.jpeg\" rel=\"content-image nofollow noopener\" title=\"Asmeninio albumo nuotr.\/Ieva Voveris\" target=\"_blank\"><img decoding=\"async\" alt=\"Asmeninio albumo nuotr.\/Ieva Voveris\" rel=\"content-image\" src=\"https:\/\/www.europesays.com\/lt\/wp-content\/uploads\/2026\/08\/ieva-voveris-6a95b4ea3bf80.jpeg\" style=\"width: auto; height: auto;\"\/><\/a> <\/p>\n<p>Asmeninio albumo nuotr.\/Ieva Voveris<\/p>\n<p>Fotosesijos, darbas televizijoje, pa\u017eintys su ry\u0161kiausiomis pramog\u0173 pasaulio \u017evaig\u017ed\u0117mis \u2013 kaip tai gali ne\u017eav\u0117ti kukliai gyvenan\u010dios moksleiv\u0117s? Ieva prisimena \u2013 tai jai dar\u0117 did\u017eiul\u012f \u012fsp\u016bd\u012f.<\/p>\n<p>Ieva prisimena \u2013 niekas nesuprato jos b\u016bsenos. Pasiturinti \u0161eima, trys vaikai, daili i\u0161vaizda \u2013 niekas negal\u0117jo patik\u0117ti, kad ji jau\u010diasi itin blogai. Tod\u0117l Ieva prad\u0117jo gilintis \u012f psichologijos moksl\u0105 ir ie\u0161koti atsakym\u0173, kas gal\u0117t\u0173 jai pad\u0117ti.<\/p>\n<p>\u201eVyras ka\u017ekaip palaik\u0117 mane d\u0117l to gro\u017eio, vis\u0105 laik\u0105 skatino, kad tiktai kuo gra\u017eiau atrody\u010diau, eik sportuok kuo daugiau. Vyras vis\u0105 laik\u0105 nor\u0117jo tos barb\u0117s namuose\u201c, \u2013 atvirai sako laidos pa\u0161nekov\u0117.<\/p>\n<p>Ie\u0161kodama ramyb\u0117s b\u016bsenos, Ieva \u0117m\u0117 vis daugiau laiko praleisti ne prabangiuose restoranuose, o gamtoje. Ir galiausiai pasiry\u017eo eiti \u012f piligriminius \u017eygius \u2013 i\u0161 prad\u017ei\u0173 Ispanijoje, v\u0117liau \u2013 Lietuvoje. Sunkus fizinis kr\u016bvis ir itin kuklios gyvenimo s\u0105lygos dar labiau pad\u0117jo suprasti savo gyvenimo vertybes ir tikruosius norus.<\/p>\n<p>Tiesa, Ieva pripa\u017e\u012fsta, kad gyvenimo poky\u010diai tur\u0117jo ne tik teigiamos \u012ftakos jos gyvenime. Ieva su savo vyru ir at\u017eal\u0173 t\u0117v\u0173 pri\u0117m\u0117 sprendim\u0105 gyventi atskirai.<\/p>\n<p>Laida \u201eKasdienyb\u0117s herojai\u201c \u2013 pirmadien\u012f 21 val. per Delfi TV.<\/p>\n","protected":false},"excerpt":{"rendered":"Monakas, Jungtin\u0117 Karalyst\u0117, JAV, Dubajus \u2013 moters gyvenime keit\u0117si \u0161alys, ta\u010diau lietuvi\u0173 susidom\u0117jimas itin prabangiai gyvenan\u010dia tautiete vis&hellip;\n","protected":false},"author":2,"featured_media":265862,"comment_status":"","ping_status":"","sticky":false,"template":"","format":"standard","meta":{"footnotes":"","_share_on_mastodon":"0"},"categories":[21],"tags":[113,37,39,36,38,40,114],"class_list":["post-265861","post","type-post","status-publish","format-standard","has-post-thumbnail","category-pramogos","tag-entertainment","tag-lietuva","tag-lietuviu","tag-lithuania","tag-lithuanian","tag-lt","tag-pramogos"],"share_on_mastodon":{"url":"https:\/\/pubeurope.com\/@lt\/117191997802565633","error":""},"_links":{"self":[{"href":"https:\/\/www.europesays.com\/lt\/wp-json\/wp\/v2\/posts\/265861","targetHints":{"allow":["GET"]}}],"collection":[{"href":"https:\/\/www.europesays.com\/lt\/wp-json\/wp\/v2\/posts"}],"about":[{"href":"https:\/\/www.europesays.com\/lt\/wp-json\/wp\/v2\/types\/post"}],"author":[{"embeddable":true,"href":"https:\/\/www.europesays.com\/lt\/wp-json\/wp\/v2\/users\/2"}],"replies":[{"embeddable":true,"href":"https:\/\/www.europesays.com\/lt\/wp-json\/wp\/v2\/comments?post=265861"}],"version-history":[{"count":0,"href":"https:\/\/www.europesays.com\/lt\/wp-json\/wp\/v2\/posts\/265861\/revisions"}],"wp:featuredmedia":[{"embeddable":true,"href":"https:\/\/www.europesays.com\/lt\/wp-json\/wp\/v2\/media\/265862"}],"wp:attachment":[{"href":"https:\/\/www.europesays.com\/lt\/wp-json\/wp\/v2\/media?parent=265861"}],"wp:term":[{"taxonomy":"category","embeddable":true,"href":"https:\/\/www.europesays.com\/lt\/wp-json\/wp\/v2\/categories?post=265861"},{"taxonomy":"post_tag","embeddable":true,"href":"https:\/\/www.europesays.com\/lt\/wp-json\/wp\/v2\/tags?post=265861"}],"curies":[{"name":"wp","href":"https:\/\/api.w.org\/{rel}","templated":true}]}}