{"id":265875,"date":"2026-08-31T20:38:17","date_gmt":"2026-08-31T20:38:17","guid":{"rendered":"https:\/\/www.europesays.com\/lt\/265875\/"},"modified":"2026-08-31T20:38:17","modified_gmt":"2026-08-31T20:38:17","slug":"nepastebeta-liga-12-meti-arna-prazude-vos-per-kelis-menesius-sunu-susapnavusi-mama-isvydo-tik-viena","status":"publish","type":"post","link":"https:\/\/www.europesays.com\/lt\/265875\/","title":{"rendered":"Nepasteb\u0117ta liga 12-met\u012f Arn\u0105 pra\u017eud\u0117 vos per kelis m\u0117nesius: s\u016bn\u0173 susapnavusi mama i\u0161vydo tik vien\u0105"},"content":{"rendered":"\n<p>Visai neseniai, rugpj\u016b\u010dio 19 dien\u0105, Tatjanos <a href=\"https:\/\/www.tv3.lt\/gaires\/seima\" target=\"_blank\" rel=\"nofollow noopener\">\u0161eima<\/a> min\u0117jo pusantr\u0173 met\u0173 sukakt\u012f po Arniuko (aut. past. \u2013 taip mama s\u016bn\u0173 vadino pokalbio metu) mirties. Tatjana nesl\u0117p\u0117, kad nors jau prab\u0117go kuris laikas, vis tik sunkumo jausmas nuo kr\u016btin\u0117s slopsta l\u0117tai.<\/p>\n<p>Savo istorija mama sutiko pasidalinti su naujien\u0173 portalo <a href=\"https:\/\/www.tv3.lt\/programos\/tv3\/pilna\" target=\"_blank\" class=\"phrase\" rel=\"nofollow noopener\">tv3<\/a>.lt skaitytojais, paragindama kitus t\u0117vus, netekusius vaik\u0173, neu\u017esidaryti vieniems. Pasak jos, sunkiausi\u0105 akimirk\u0105 \u017einojimas, kad esi ne vienas, gali pad\u0117ti sustipr\u0117ti ir \u012f gyvenim\u0105 \u012fne\u0161ti vilties.<\/p>\n<p>     Arnas \u2013 antrasis \u0161eimoje berniukas <\/p>\n<p>Tatjana pasakojo, kad pirmojo vaikelio, Arniuko brolio, jiedu su vyru susilauk\u0117 gana anksti, o antrojo \u2013 prab\u0117gus daugiau nei de\u0161imtme\u010diui. Mama kalb\u0117jo, kad tuo metu buvo 30-ies, o <a href=\"https:\/\/www.tv3.lt\/gaires\/nestumas\" target=\"_blank\" class=\"phrase\" rel=\"nofollow noopener\">n\u0117\u0161tumas<\/a> klojosi puikiai.<\/p>\n<p>Vos gim\u0119s Arnas buvo \u012fvertintas 10 bal\u0173, tad t\u0117vai d\u017eiaug\u0117si \u2013 \u012f \u0161\u012f pasaul\u012f at\u0117jo sveikas ir i\u0161ne\u0161iotas berniukas.<\/p>\n<p>\u201eVisa jo vaikyst\u0117 buvo labai gra\u017ei, o kadangi susilauk\u0117me Arniuko v\u0117liau, v\u0117l jaut\u0117m\u0117s kaip jauni t\u0117veliai. Viskas buvo puiku \u2013 jis buvo sveikas, niekada nesirg\u0119s, apart keli\u0173 per\u0161alim\u0173. Net ir tie buvo labai reti.<\/p>\n<p>\u012e dar\u017eel\u012f da\u017eniausiai eidavome su tais trimis ar keturiais likusiais sveikais vaikais, kai visi kiti sirgdavo\u201c, \u2013 pasakojo mama.<\/p>\n<p>Prisimindama Arn\u0105 Tatjana pa\u017eym\u0117jo, kad jis visuomet buvo aktyvus vaikas ir stengdavosi kuo daugiau visko i\u0161bandyti. Dar b\u016bdamas dar\u017eelyje jis sp\u0117jo i\u0161m\u0117ginti visus b\u016brelius.<\/p>\n<p>I\u0161 prad\u017ei\u0173 buvo pie\u0161imas, dail\u0117 ir keramika, o v\u0117liau, pasak mamos, \u012f berniuko gyvenim\u0105 at\u0117jo plaukimas.<\/p>\n<p>\u201eKai buvo ketveri\u0173 met\u0173, dar nepatekome \u012f grup\u0119 ir jis labai pyko, nes buvo per ma\u017eas. Nuo penkeri\u0173 met\u0173 prad\u0117jome lankyti basein\u0105.<\/p>\n<p>Baseinas buvo viena i\u0161 jo ma\u017e\u0173 i\u0161sipild\u017eiusi\u0173 svajoni\u0173, nes vanduo jo gyvenime buvo ka\u017ekas ypatingo. Jis j\u012f labai m\u0117go\u201c, \u2013 dalijosi mama.<\/p>\n<p>    Arnas nuo ma\u017e\u0173 dien\u0173 dom\u0117josi karyba <\/p>\n<p>Prad\u0117j\u0119s eiti \u012f pirm\u0105 klas\u0119 Arnas toliau lank\u0117 b\u016brelius. Vis tik ma\u017edaug antroje klas\u0117je, pasak Tatjanos, \u012f jo gyvenim\u0105 at\u0117jo meil\u0117 karybai. Mama pati tuo\u00a0steb\u0117josi, nes \u0161eimoje nebuvo kari\u0161ki\u0173, vis tik ji berniuk\u0105 labai \u012ftrauk\u0117.<\/p>\n<p>\u201eAtsimenu, kad jis labai lauk\u0117 vienuoliktojo gimtadienio, nes su\u017einojo, kad \u012f \u0160auli\u0173 s\u0105jung\u0105 priima tik nuo vienuolikos met\u0173.<\/p>\n<p>Jo did\u017eiausia svajon\u0117 buvo ten \u012fstoti, o penktoje klas\u0117je mums tas pavyko. Nors dar tr\u016bko keli\u0173 m\u0117nesi\u0173 iki reikiamo am\u017eiaus, niekas \u012f tai nekreip\u0117 d\u0117mesio ir pri\u0117m\u0117\u201c, \u2013 \u0161yptel\u0117jo mama.<\/p>\n<p>Ma\u017easis Arnas be galo did\u017eiavosi savo pasiekimu b\u016bti \u0161auliu, o \u012f kit\u0173 met\u0173 Sausio 13 dien\u0105 duot\u0105 priesaik\u0105 Kaune \u017ei\u016br\u0117jo labai rimtai. Mama pasakojo, kad jis jaut\u0117si tap\u0119s tikru ma\u017eu kariu.<\/p>\n<p>Svarsrtydama ir prisimindama tuos prab\u0117gusius metus, Tatjana kalb\u0117jo, kad tikriausiai b\u016btent \u0161i svajon\u0117 jos vaik\u0105 atved\u0117 \u012f Povilo Plechavi\u010diaus kadet\u0173 lic\u0117j\u0173.<\/p>\n<p>\u201eMes tada penktoje klas\u0117je leidome jam i\u0161bandyti \u0161aulius ir pasi\u017ei\u016br\u0117ti, kaip jis jausis, ar tikrai tai jam patinka \u2013 jam labai patiko.<\/p>\n<p>Tuomet jis tapo \u0161e\u0161toku ir \u012fstojo \u012f Povilo Plechavi\u010diaus kadet\u0173 lic\u0117j\u0173. Atrod\u0117, kad viskas i\u0161sipild\u0117, visi ateities planai jau buvo susij\u0119 su karyba, su karo akademija, su visa ta sritimi, kuri jam buvo labai \u012fdomi\u201c, \u2013 dalijosi Tatjana.<\/p>\n<p>        <a href=\"https:\/\/www.tv3.lt\/Uploads\/UGallery\/photos\/23\/95\/86\/aa\/239586aa488a32ff5ae85ee7c8cb6f55.jpg\" data-fancybox=\"photos-embed\" data-caption=\"Tatjanos s\u016bnus Arnas (nuotr. asm. archyvo)\" target=\"_self\" rel=\"nofollow noopener\"> <img decoding=\"async\" class=\"photo-inside-article\" align=\"center\" alt=\"Tatjanos s\u016bnus Arnas (nuotr. asm. archyvo)\" title=\"Tatjanos s\u016bnus Arnas (nuotr. asm. archyvo)\" src=\"https:\/\/www.europesays.com\/lt\/wp-content\/uploads\/2026\/08\/239586aa488a32ff5ae85ee7c8cb6f55.jpg\" width=\"684\" height=\"654\" loading=\"lazy\" \/> <\/a>       <\/p>\n<p>\u00a0<\/p>\n<p> Osteosarkom\u0105 i\u0161dav\u0117 1 guzelis <\/p>\n<p>Kai atrod\u0117, kad visos svajon\u0117s i\u0161sipild\u0117 ir at\u0117jo metas galvoti naujas, gyvenimas pasisuko visai kitu kampu. Mama pasakojo, kad po gero m\u0117nesio nuo mokyklos lankymo prad\u017eios ant Arnuko kelio atsirado neai\u0161kus guzelis, paragin\u0119s apsilankyti pas gydytojus.<\/p>\n<p>\u201e\u0160eimos gydytoja nusiunt\u0117 echoskopijai, buvo atliktas tyrimas ir i\u0161 prad\u017ei\u0173 manyta, kad tai ta da\u017ena paaugli\u0173 berniuk\u0173 liga, susijusi su kaulu ir staigiu augimu. Mes gavome siuntim\u0105 reabilitacijai ir prad\u0117jome j\u0105 lankyti, ta\u010diau keliukas vis tiek vis labiau tino.<\/p>\n<p>Gavosi taip, kad jau lapkri\u010dio pabaigoje prasid\u0117jo tie naktiniai kojyt\u0117s skausmai. Mes i\u0161va\u017eiavome nakt\u012f \u012f ligonin\u0117s priimam\u0105j\u012f, ten taip pat padar\u0117 tyrimus ir tarsi sugr\u012f\u017eo prie tos pirmin\u0117s diagnoz\u0117s\u201c, \u2013 sak\u0117 mama.<\/p>\n<p>Sekan\u010di\u0105 dien\u0105 at\u0117j\u0119s \u012f reabilitacij\u0105 Arnukas mamai pasiskund\u0117, kad kel\u012f vis tiek stipriai skauda. Jiems v\u0117l nuvykus \u012f priimam\u0105j\u012f juos pri\u0117musi medik\u0117 pasidom\u0117jo, kod\u0117l niekas iki tol neatliko rentgeno.<\/p>\n<p>\u201eA\u0161 jai tada pasakiau, kad ne\u017einau, nes nesu gydytoja, o \u012f specialistus kreipiam\u0117s d\u0117l to, kad jais pasitikime.<\/p>\n<p>Visai netrukus mums buvo padaryta rentgeno nuotrauka ir, kaip a\u0161 suprantu, gydytojams daugma\u017e i\u0161 karto pasidar\u0117 ai\u0161ku, kad situacija labai bloga. Mus i\u0161 karto paguld\u0117 \u012f ligonin\u0119\u201c, \u2013 sak\u0117 mama.<\/p>\n<p>Po vis\u0173 i\u0161sami\u0173 tyrim\u0173 paai\u0161k\u0117jo, kad Arnukui \u2013 osteosarkoma. V\u0117\u017eys jau buvo pasiek\u0119s ketvirt\u0105 stadij\u0105.<\/p>\n","protected":false},"excerpt":{"rendered":"Visai neseniai, rugpj\u016b\u010dio 19 dien\u0105, Tatjanos \u0161eima min\u0117jo pusantr\u0173 met\u0173 sukakt\u012f po Arniuko (aut. past. \u2013 taip mama&hellip;\n","protected":false},"author":2,"featured_media":265876,"comment_status":"","ping_status":"","sticky":false,"template":"","format":"standard","meta":{"footnotes":"","_share_on_mastodon":"0"},"categories":[6],"tags":[38570,25,30,31,57,43,34,35,55,48,24,54,51,49,50,32,33,37,39,36,38,40,45,23,22,44,28,29,53,42,56,47,26,27,41,46,58,52],"class_list":["post-265875","post","type-post","status-publish","format-standard","has-post-thumbnail","category-antrastes","tag-2026-08-31-190000","tag-antrastes","tag-breaking-news","tag-breakingnews","tag-daiktai","tag-dienos-kronika","tag-featured-news","tag-featurednews","tag-gatves-tekstai","tag-gyvenimas","tag-headlines","tag-interneto-pievos","tag-keliones","tag-kultura","tag-laisvalaikis","tag-latest-news","tag-latestnews","tag-lietuva","tag-lietuviu","tag-lithuania","tag-lithuanian","tag-lt","tag-mokslas-ir-it","tag-naujienos","tag-news","tag-pasaulis","tag-populiariausios-naujienos","tag-populiariausiosnaujienos","tag-projektai","tag-rinktiniai-tekstai","tag-simtmecio-portalas","tag-sportas","tag-top-stories","tag-topstories","tag-tv3-lt","tag-verslas","tag-video","tag-zaidimai"],"share_on_mastodon":{"url":"","error":"Validation failed: Text character limit of 500 exceeded"},"_links":{"self":[{"href":"https:\/\/www.europesays.com\/lt\/wp-json\/wp\/v2\/posts\/265875","targetHints":{"allow":["GET"]}}],"collection":[{"href":"https:\/\/www.europesays.com\/lt\/wp-json\/wp\/v2\/posts"}],"about":[{"href":"https:\/\/www.europesays.com\/lt\/wp-json\/wp\/v2\/types\/post"}],"author":[{"embeddable":true,"href":"https:\/\/www.europesays.com\/lt\/wp-json\/wp\/v2\/users\/2"}],"replies":[{"embeddable":true,"href":"https:\/\/www.europesays.com\/lt\/wp-json\/wp\/v2\/comments?post=265875"}],"version-history":[{"count":0,"href":"https:\/\/www.europesays.com\/lt\/wp-json\/wp\/v2\/posts\/265875\/revisions"}],"wp:featuredmedia":[{"embeddable":true,"href":"https:\/\/www.europesays.com\/lt\/wp-json\/wp\/v2\/media\/265876"}],"wp:attachment":[{"href":"https:\/\/www.europesays.com\/lt\/wp-json\/wp\/v2\/media?parent=265875"}],"wp:term":[{"taxonomy":"category","embeddable":true,"href":"https:\/\/www.europesays.com\/lt\/wp-json\/wp\/v2\/categories?post=265875"},{"taxonomy":"post_tag","embeddable":true,"href":"https:\/\/www.europesays.com\/lt\/wp-json\/wp\/v2\/tags?post=265875"}],"curies":[{"name":"wp","href":"https:\/\/api.w.org\/{rel}","templated":true}]}}