{"id":265877,"date":"2026-08-31T20:39:24","date_gmt":"2026-08-31T20:39:24","guid":{"rendered":"https:\/\/www.europesays.com\/lt\/265877\/"},"modified":"2026-08-31T20:39:24","modified_gmt":"2026-08-31T20:39:24","slug":"marija-simona-atvere-sirdi-suola-i-tave-paleidzia-jei-lieka-melyniu-tai-dar-lengviausias-scenarijus-vardai","status":"publish","type":"post","link":"https:\/\/www.europesays.com\/lt\/265877\/","title":{"rendered":"Marija Simona atv\u0117r\u0117 \u0161ird\u012f: \u201eSuol\u0105 \u012f tave paleid\u017eia. Jei lieka m\u0117lyni\u0173 \u2013 tai dar lengviausias scenarijus\u201c | Vardai"},"content":{"rendered":"<p>\u017di\u016brovams baletas da\u017eniausiai asocijuojasi su trapumu, grak\u0161tumu ir tobula estetika. Ta\u010diau scenoje matoma elegancija slepia kit\u0105 \u2013 gerokai at\u0161iauresn\u0119 \u2013 realyb\u0119. U\u017e \u0161vies\u0173, muzikos ir ovacij\u0173 slypi kasdien\u0117s traumos, alinantis fizinis kr\u016bvis ir psichologinis spaudimas, su kuriuo jauni baleto artistai, pasak Marijos Simonos, neretai buvo priversti susidoroti vieni.<\/p>\n<p>Gyvenimo b\u016bdo laidoje \u201eGyvenimas yra gra\u017eus\u201c primabalerina pirm\u0105 kart\u0105 taip atvirai papasakojo apie patirtis, kurios, jos teigimu, iki \u0161iol liko nepasakytos.<\/p>\n<p> <a href=\"https:\/\/s1.15min.lt\/images\/photos\/2026\/08\/31\/original\/marija-simona-smolskiene-6a95addda7a35.jpg\" rel=\"content-image nofollow noopener\" title=\"Edvardo \u017di\u010dkaus laidos nuotr.\/Marija Simona Smolskien\u0117\" target=\"_blank\"><img decoding=\"async\" alt=\"Edvardo \u017di\u010dkaus laidos nuotr.\/Marija Simona Smolskien\u0117\" rel=\"content-image\" src=\"https:\/\/www.europesays.com\/lt\/wp-content\/uploads\/2026\/08\/marija-simona-smolskiene-6a95addda7a35.jpg\" style=\"width: auto; height: auto;\"\/><\/a> <\/p>\n<p>Edvardo \u017di\u010dkaus laidos nuotr.\/Marija Simona Smolskien\u0117<\/p>\n<p>\u201eMes niekuo nesiskiriam nuo olimpie\u010di\u0173 \u2013 absoliu\u010diai. Visur yra traumos, visur \u2013 vaistai ir medikamentai, nes be skausmo gyventi prakti\u0161kai ne\u012fmanoma. Kad suvaldytum streso lyg\u012f ir i\u0161laikytum devyni\u0173 valand\u0173 kr\u016bv\u012f kasdien, disciplina turi b\u016bti kosmin\u0117. Nor\u0117damos atlaikyti psichologin\u012f spaudim\u0105 ir neverkti, vaikyst\u0117je kandome sau \u012f \u017eandus iki kraujo \u2013 kad fizinis skausmas nukreipt\u0173 mintis nuo to, k\u0105 patiriame sal\u0117je\u201c, \u2013 pasakojo M.S.Smolskien\u0117.<\/p>\n<p>Pasak jos, skaud\u017eiausios patirtys prasid\u0117jo dar profesinio kelio prad\u017eioje. Tuo metu baleto mokymo sistem\u0105, kaip teigia choreograf\u0117, lyd\u0117jo itin grie\u017etas po\u017ei\u016bris, kuriame psichologinis ir fizinis smurtas buvo laikomas beveik neatsiejama ugdymo dalimi.<\/p>\n<p>\u201ePirmoje vietoje buvo labai stiprus psichologinis smurtas. O fizinis? Suol\u0105 \u012f tave paleid\u017eia. Jei gauni per veid\u0105 ar lieka m\u0117lyni\u0173 \u2013 \u010dia dar lengviausias scenarijus. Kam nors pasisk\u0173sti buvo ne\u012fmanoma \u2013 i\u0161kart i\u0161mest\u0173 i\u0161 mokyklos. Tad mes tiesiog u\u017esidarydavome savyje ir kent\u0117davome tyliai\u201c, \u2013 prisimin\u0117 primabalerina.<\/p>\n<p>Ta\u010diau skaud\u017eios istorijos nesibaig\u0117 baleto mokykloje. Sulaukusi 19 met\u0173, nepaisydama talenting\u0173 pasirodym\u0173 ir puiki\u0173 \u012fvertinim\u0173, Marija Simona pri\u0117m\u0117 sprendim\u0105 palikti Nacionalinio operos ir baleto teatro scen\u0105. Prie\u017eastis, anot jos, buvo ne vien profesiniai pasirinkimai, bet ir nenoras paklusti tuomet\u0117ms u\u017ekulisi\u0173 taisykl\u0117ms.<\/p>\n<p>Choreograf\u0117 neslepia \u2013 jai teko susidurti ir su reikalavimais mok\u0117ti \u201evokelius\u201c u\u017e kontraktus. Atsisakiusi \u017eaisti pagal tokias taisykles, ji pasirinko kit\u0105 keli\u0105 \u2013 karjeros auk\u0161t\u0173 siekti u\u017esienyje.<\/p>\n<p>\u0160is interviu ypatingas ir tuo, kad pirm\u0105 kart\u0105 prie\u0161 kameras s\u0117do Marijos Simonos vyras Erlandas. Jau 12-uosius santuokos metus skai\u010diuojantys sutuoktiniai kartu vadovauja nuosavam \u201eBaltijos baleto teatrui\u201c ir \u0161iandien savo k\u016brybin\u012f keli\u0105 grind\u017eia nepriklausomybe.<\/p>\n<p>Kalb\u0117dami apie Lietuvos kult\u016bros u\u017ekulisius, abu nevynioja \u017eod\u017ei\u0173 \u012f vat\u0105. Situacij\u0105 jie apib\u016bdina itin a\u0161triai \u2013 kaip \u201ekov\u0105 su kult\u016brine mafija ir visi\u0161ka neteisybe\u201c.<\/p>\n<p>Tuo metu j\u0173 spektakliai s\u0117kmingai keliauja u\u017e Lietuvos rib\u0173 \u2013 rodomi Pranc\u016bzijoje, Vokietijoje, Monake ir Olandijoje. Ta\u010diau gimtin\u0117je k\u016br\u0117jai, j\u0173 pa\u010di\u0173 teigimu, ne visuomet jau\u010diasi laukiami.<\/p>\n<p>\u201eBaltijos baleto teatras\u201c negauna valstybinio finansavimo, tod\u0117l kiekvienas naujas spektaklis tampa ne tik k\u016brybiniu, bet ir finansiniu i\u0161\u0161\u016bkiu. Nepaisant to, pora nesitraukia ir toliau siekia kurti nepriklausom\u0105 men\u0105.<\/p>\n<p> <a href=\"https:\/\/s1.15min.lt\/images\/photos\/2026\/08\/31\/original\/marija-simona-smolskiene-6a95ade233fcc.jpg\" rel=\"content-image nofollow noopener\" title=\"Edvardo \u017di\u010dkaus laidos nuotr.\/Marija Simona Smolskien\u0117\" target=\"_blank\"><img decoding=\"async\" alt=\"Edvardo \u017di\u010dkaus laidos nuotr.\/Marija Simona Smolskien\u0117\" rel=\"content-image\" src=\"https:\/\/www.europesays.com\/lt\/wp-content\/uploads\/2026\/08\/marija-simona-smolskiene-6a95ade233fcc.jpg\" style=\"width: auto; height: auto;\"\/><\/a> <\/p>\n<p>Edvardo \u017di\u010dkaus laidos nuotr.\/Marija Simona Smolskien\u0117<\/p>\n<p>O kartais mintys krypsta ir gerokai toliau u\u017e Lietuvos rib\u0173.<\/p>\n<p>\u201eMes apie emigracij\u0105 \u012f Australij\u0105 su vyru galvojame kas savait\u0119, nemeluosiu. Pasi\u016blym\u0173 ir sali\u0173 Sidn\u0117juje ar Melburne yra, draugai laukia. Bet mane laiko \u0161aknys. A\u0161 be proto myliu Lietuv\u0105, savo t\u0117vus, mi\u0161kus, Nemun\u0105 ir Nid\u0105. Esame \u0161akn\u0173 ligoniai, tod\u0117l kol kas liekame \u010dia ir kovojame toliau. Drauge su Erlandu kei\u010diame sistem\u0105 ir balet\u0105 norime paversti gra\u017eiu, tyru menu, sulau\u017eyti nusistov\u0117jusias ydingas tradicijas\u201c, \u2013 prisipa\u017eino M.S.Smolskien\u0117.<\/p>\n<p>Ar \u012fmanoma pakeisti sistem\u0105, apie kuri\u0105 patys menininkai kadaise buvo priversti tyl\u0117ti? Ir kiek ilgai Lietuvoje pasiliks k\u016br\u0117jai, kuri\u0173 spektakliai jau \u0161iandien laukiami u\u017esienio scenose?<\/p>\n<p>Atsakym\u0173 \u012f \u0161iuos ir kitus klausimus \u2013 jautriame, nesure\u017eisuotame ir itin atvirame Marijos Simonos bei Erlando pokalbyje laidoje \u201eGyvenimas yra gra\u017eus\u201c:<\/p>\n<p>VIDEO: Gyvenimas yra gra\u017eus | 11 laida<\/p>\n<p>\t\t<a href=\"https:\/\/www.15min.lt\/zmones\/video\/gyvenimas-yra-grazus-11-laida-282966\" class=\"video-link\" rel=\"nofollow noopener\" target=\"_blank\"><br \/>\n\t\t\t<img decoding=\"async\" src=\"https:\/\/www.europesays.com\/lt\/wp-content\/uploads\/2026\/08\/gyvenimas-yra-grazus-11-laida-6a95aec3beeb2.jpg\" alt=\"\" style=\"width: 100%;\"\/><\/p>\n<p>\t\t<\/a><\/p>\n","protected":false},"excerpt":{"rendered":"\u017di\u016brovams baletas da\u017eniausiai asocijuojasi su trapumu, grak\u0161tumu ir tobula estetika. Ta\u010diau scenoje matoma elegancija slepia kit\u0105 \u2013 gerokai&hellip;\n","protected":false},"author":2,"featured_media":265878,"comment_status":"","ping_status":"","sticky":false,"template":"","format":"standard","meta":{"footnotes":"","_share_on_mastodon":"0"},"categories":[21],"tags":[113,37,39,36,38,40,114],"class_list":["post-265877","post","type-post","status-publish","format-standard","has-post-thumbnail","category-pramogos","tag-entertainment","tag-lietuva","tag-lietuviu","tag-lithuania","tag-lithuanian","tag-lt","tag-pramogos"],"share_on_mastodon":{"url":"https:\/\/pubeurope.com\/@lt\/117192056492132449","error":""},"_links":{"self":[{"href":"https:\/\/www.europesays.com\/lt\/wp-json\/wp\/v2\/posts\/265877","targetHints":{"allow":["GET"]}}],"collection":[{"href":"https:\/\/www.europesays.com\/lt\/wp-json\/wp\/v2\/posts"}],"about":[{"href":"https:\/\/www.europesays.com\/lt\/wp-json\/wp\/v2\/types\/post"}],"author":[{"embeddable":true,"href":"https:\/\/www.europesays.com\/lt\/wp-json\/wp\/v2\/users\/2"}],"replies":[{"embeddable":true,"href":"https:\/\/www.europesays.com\/lt\/wp-json\/wp\/v2\/comments?post=265877"}],"version-history":[{"count":0,"href":"https:\/\/www.europesays.com\/lt\/wp-json\/wp\/v2\/posts\/265877\/revisions"}],"wp:featuredmedia":[{"embeddable":true,"href":"https:\/\/www.europesays.com\/lt\/wp-json\/wp\/v2\/media\/265878"}],"wp:attachment":[{"href":"https:\/\/www.europesays.com\/lt\/wp-json\/wp\/v2\/media?parent=265877"}],"wp:term":[{"taxonomy":"category","embeddable":true,"href":"https:\/\/www.europesays.com\/lt\/wp-json\/wp\/v2\/categories?post=265877"},{"taxonomy":"post_tag","embeddable":true,"href":"https:\/\/www.europesays.com\/lt\/wp-json\/wp\/v2\/tags?post=265877"}],"curies":[{"name":"wp","href":"https:\/\/api.w.org\/{rel}","templated":true}]}}