{"id":265879,"date":"2026-08-31T20:40:10","date_gmt":"2026-08-31T20:40:10","guid":{"rendered":"https:\/\/www.europesays.com\/lt\/265879\/"},"modified":"2026-08-31T20:40:10","modified_gmt":"2026-08-31T20:40:10","slug":"trileris-atenuose-graikai-dramatiskame-pratesime-palauze-ispanija","status":"publish","type":"post","link":"https:\/\/www.europesays.com\/lt\/265879\/","title":{"rendered":"Trileris At\u0117nuose \u2013 graikai dramati\u0161kame prat\u0119sime palau\u017e\u0117 Ispanij\u0105"},"content":{"rendered":"<p>Paskutin\u0117je I grup\u0117s vietoje iki \u0161io ma\u010do \u017eeng\u0119 Vassilio Spanoulio aukl\u0117tiniai At\u0117nuose 108:106 po prat\u0119simo palau\u017e\u0117 Ispanij\u0105 (5-3).<\/p>\n<p>Pastarajai \u2013 tai tre\u010dia nes\u0117km\u0117 atrankoje i\u0161 eil\u0117s.<\/p>\n<p>Permainingose rungtyn\u0117se \u0161eimininkai graikai ketvirtojo k\u0117linio prad\u017eioje tur\u0117jo ir 12 ta\u0161k\u0173 persvar\u0105 (72:60), ta\u010diau Juancho Hernangomezo trita\u0161kis galiausiai privert\u0117 \u017eaisti prat\u0119sim\u0105.<\/p>\n<p>Jame graikai v\u0117l krov\u0117si prana\u0161um\u0105 (103:97), ispanai v\u0117l pavojingai priart\u0117jo pa\u010dioje pabaigoje (107:105) ir netgi per\u0117m\u0117 kamuol\u012f, ta\u010diau Joelis Parra realizavo tik vien\u0105 baudos metim\u0105 i\u0161 dviej\u0173.<\/p>\n<p>Tuo pa\u010diu atsak\u0117 ir Vasileios Toliopoulos, bet graikai apsigyn\u0117.<\/p>\n<p>Pildoma&#8230;<\/p>\n","protected":false},"excerpt":{"rendered":"Paskutin\u0117je I grup\u0117s vietoje iki \u0161io ma\u010do \u017eeng\u0119 Vassilio Spanoulio aukl\u0117tiniai At\u0117nuose 108:106 po prat\u0119simo palau\u017e\u0117 Ispanij\u0105 (5-3).&hellip;\n","protected":false},"author":2,"featured_media":265880,"comment_status":"","ping_status":"","sticky":false,"template":"","format":"standard","meta":{"footnotes":"","_share_on_mastodon":"0"},"categories":[19],"tags":[37,39,36,38,40,47,104],"class_list":["post-265879","post","type-post","status-publish","format-standard","has-post-thumbnail","category-sportas","tag-lietuva","tag-lietuviu","tag-lithuania","tag-lithuanian","tag-lt","tag-sportas","tag-sports"],"share_on_mastodon":{"url":"https:\/\/pubeurope.com\/@lt\/117192060013947054","error":""},"_links":{"self":[{"href":"https:\/\/www.europesays.com\/lt\/wp-json\/wp\/v2\/posts\/265879","targetHints":{"allow":["GET"]}}],"collection":[{"href":"https:\/\/www.europesays.com\/lt\/wp-json\/wp\/v2\/posts"}],"about":[{"href":"https:\/\/www.europesays.com\/lt\/wp-json\/wp\/v2\/types\/post"}],"author":[{"embeddable":true,"href":"https:\/\/www.europesays.com\/lt\/wp-json\/wp\/v2\/users\/2"}],"replies":[{"embeddable":true,"href":"https:\/\/www.europesays.com\/lt\/wp-json\/wp\/v2\/comments?post=265879"}],"version-history":[{"count":0,"href":"https:\/\/www.europesays.com\/lt\/wp-json\/wp\/v2\/posts\/265879\/revisions"}],"wp:featuredmedia":[{"embeddable":true,"href":"https:\/\/www.europesays.com\/lt\/wp-json\/wp\/v2\/media\/265880"}],"wp:attachment":[{"href":"https:\/\/www.europesays.com\/lt\/wp-json\/wp\/v2\/media?parent=265879"}],"wp:term":[{"taxonomy":"category","embeddable":true,"href":"https:\/\/www.europesays.com\/lt\/wp-json\/wp\/v2\/categories?post=265879"},{"taxonomy":"post_tag","embeddable":true,"href":"https:\/\/www.europesays.com\/lt\/wp-json\/wp\/v2\/tags?post=265879"}],"curies":[{"name":"wp","href":"https:\/\/api.w.org\/{rel}","templated":true}]}}