{"id":265885,"date":"2026-08-31T20:51:21","date_gmt":"2026-08-31T20:51:21","guid":{"rendered":"https:\/\/www.europesays.com\/lt\/265885\/"},"modified":"2026-08-31T20:51:21","modified_gmt":"2026-08-31T20:51:21","slug":"tv-pagalbos-nariai-atskleide-kuris-gelbetojas-stebina-labiausiai","status":"publish","type":"post","link":"https:\/\/www.europesays.com\/lt\/265885\/","title":{"rendered":"\u201eTV pagalbos\u201c nariai atskleid\u0117, kuris gelb\u0117tojas stebina labiausiai"},"content":{"rendered":"<p>\u201eTV pagalbos\u201c komanda \u2013 R\u016bta Filejeva, Linas Jak\u0161tas, Renata \u0160akalyt\u0117-Jakovleva, Toma Arci\u0161auskait\u0117-Luko\u0161ien\u0117, Edgaras Navickas, Paulius Mork\u016bnas, \u017dilvinas \u017ditkus bei Egidijus Knispelis ir \u0161\u012f sezon\u0105 bus pasiruo\u0161\u0119 pad\u0117ti visai Lietuvai.<\/p>\n<p>Kaip pasakoja R\u016bta, nelaim\u0117s akivaizdoje visuomet atsiskleid\u017eia \u017emoni\u0173 tik\u0117jimas ir viltis. B\u016btent tokia paskutine viltimi \u201eTV pagalbos\u201c komanda neretai tampa daugeliui savo heroj\u0173.<\/p>\n<p>\u201eO kitoje ekrano pus\u0117je jau\u010diamas ir \u017ei\u016brov\u0173 vieningumas. Nuostab\u016bs Lietuvos \u017emon\u0117s, kurie geba susivienyti, parodyti atjaut\u0105 ir i\u0161tiesti pagalbos rank\u0105 i\u0161tikus b\u0117dai\u201c, \u2013 sako R\u016bta.<\/p>\n<p>Tiesa, ji neslepia \u2013 per tiek met\u0173 ne kart\u0105 pasitaik\u0117 ir linksm\u0173 istorij\u0173: \u201eNetik\u0117\u010diausias i\u0161kvietimas \u2013 kai \u017emona pra\u0161\u0117 paklaidinti savo vyr\u0105. Ji papra\u0161\u0117 i\u0161ve\u017eti j\u012f \u012f mi\u0161k\u0105 ir tiesiog paklaidinti, kad nerast\u0173 kelio namo. \u017dinoma, mes to nedar\u0117me (juokiasi)\u201c.<\/p>\n<p>Ne k\u0105 \u012fdomesni\u0173 i\u0161kvietim\u0173 yra sulaukusi ir Toma: \u201ePad\u0117ti parduoti kiaules, surasti jaunuosius&#8230; M\u016bs\u0173 darbe nerasite monotonijos \u2013 o kuo pagalbos pra\u0161ymai skirtingesni, tuo ir mes turime daugiau galimybi\u0173 ie\u0161koti nauj\u0173 sprendim\u0173.\u201c<\/p>\n<p>O \u0161tai kai kurias istorijas gelb\u0117tojai visuomet ne\u0161iosis savo \u0161irdyje. Vien\u0105 i\u0161 toki\u0173, nutikusi\u0173 pokalbi\u0173 studijoje, prisimena Renata. Tai \u2013 istorija apie jaun\u0105 por\u0105, kuri\u0173 svajonei gyventi kartu vis atsirasdavo kli\u016b\u010di\u0173.<\/p>\n<p>\u201eMergina neturi artim\u0173j\u0173, vaikinukas \u2013 irgi. M\u016bs\u0173 studijoje jie susi\u017ead\u0117jo, o v\u0117liau pad\u0117jome ir susituokti. Ta\u010diau tuo istorija dar nesibaig\u0117. Merginai vis nesisek\u0117 susilaukti vaikelio \u2013 n\u0117\u0161tumai baigdavosi persileidimu. Galiausiai gegu\u017e\u0117s gale sulaukiau i\u0161 j\u0173 \u017einios, kad gim\u0117 dukryt\u0117. Atsiunt\u0117 ma\u017eyl\u0117s nuotrauk\u0105.\u00a0<\/p>\n<p>Tiesa, \u012f pasaul\u012f ji at\u0117jo anks\u010diau, ta\u010diau viskas baig\u0117si laimingai. Mergyt\u0117 auga gerai, t\u0117vai daro visk\u0105, kad jai nieko netr\u016bkt\u0173. Tokios istorijos \u012fkvepia neprarasti vilties, o a\u0161 nuo\u0161ird\u017eiai d\u017eiaugiuosi, kad gal\u0117jome b\u016bti j\u0173 meil\u0117s liudininkais ir tur\u0117jome galimyb\u0119 pad\u0117ti tapti \u0161eima\u201c, \u2013 d\u017eiaugiasi Renata.<\/p>\n<p>Dar vien\u0105 ypatingai ger\u0105 pavyzd\u012f prisimena ir R\u016bta. Anot jos, \u0161i istorija nustebino tuo, jog\u2026 niekaip nepavyko jos baigti!<\/p>\n<p>\u201eVisada ger\u0105ja prasme nustebina istorijos, kuriose \u017emon\u0117ms reikia pagalbos. Gerumas labai u\u017ekre\u010diamas \u2013 jis ima plisti aplinkui. Pavyzd\u017eiui, pad\u0117jome Kupi\u0161kyje gyvenan\u010diai vieni\u0161ai mamai \u012frengti \u0161ildymo sistem\u0105. Ta\u010diau ger\u0173 \u017emoni\u0173 d\u0117ka \u0161io siu\u017eeto u\u017ebaigti vis negal\u0117jome, nes pagalba&#8230; nesiliov\u0117.\u00a0<\/p>\n<p>Be \u0161ildymo sistemos, \u0161eimai buvo \u012f namus \u012fvestas vanduo, padovanotas naujas boileris vandeniui pa\u0161ildyti, kar\u0161to oro gruzdintuv\u0117 ir suteikta pinig\u0173 naujai prad\u017eiai. Tokios netik\u0117tos istorij\u0173 pabaigos yra pa\u010dios maloniausios\u201c, \u2013 sako ji.<\/p>\n<p>Tiesa, kaip gyvenime, taip ir laidoje \u2013 ne visos istorijos baigiasi laimingai. \u0160tai pra\u0117jusiais metais prie komandos prisijung\u0119s Linas pasakoja, kad \u0161ird\u012f visuomet perveria \u0161eim\u0173 barniai mirus t\u0117vams. O pra\u0117jusiais metais teko sudalyvauti net trijose laidotuv\u0117se.. Tai \u2013 \u012fvykiai, kurie ir jo paties gyvenime \u012fstrigs am\u017eiams.<\/p>\n<p>O jei reik\u0117t\u0173 i\u0161skirti vien\u0105 labiausiai stebinant\u012f \u201eTV pagalbos\u201c nar\u012f, kas juo tapt\u0173? Bene da\u017eniausiai pasikartojantis gelb\u0117toj\u0173 atsakymas buvo\u2026 Edgaras!<\/p>\n<p>\u201eKiekvienas m\u016bs\u0173 komandos narys moka stebinti. Nors, atrodo, kartu dirbame jau daugyb\u0119 met\u0173 ir puikiai vieni kitus pa\u017e\u012fstame, b\u016bna akimirk\u0173, kai nuo\u0161ird\u017eiai pagalvoji \u2013 oho! Pavyzd\u017eiui, neseniai mano studijos partneris Edgaras pasidalino \u017einia, kad baig\u0117 Mi\u0161ko terapijos studijas.\u00a0<\/p>\n<p>A\u0161 \u017einojau, kad jis dievina gamt\u0105, m\u0117gsta b\u016bti mi\u0161k\u0173 apsuptyje, bet tikrai nesitik\u0117jau, kad gali tai studijuoti! Apskritai, Edgaras geba stebinti, nes yra vienas paslaptingiausi\u0173 komandos nari\u0173\u201c, \u2013 neslepia Renata.<\/p>\n<p>Jai pritaria ir Toma \u2013 \u201eTV pagalbos\u201c komanda ne tik atrodo, bet ir yra vienas kum\u0161tis!<\/p>\n<p>\u201eMums visada labai smagu susitikti. O turb\u016bt labiausiai vieni kitus nustebintume susitik\u0119 viename i\u0161kvietime (\u0161ypsosi). Ta\u010diau da\u017eniausiai mane sugeba nustebinti Edgaras. Didis \u017emogus (ne apie \u016bg\u012f a\u0161)! Stebina jo i\u0161kalba, pokalbiuose randamos gyvenimi\u0161kos asociacijos, humoro taiklumas, sumanumas\u201c, \u2013 pripa\u017e\u012fsta ji.<\/p>\n","protected":false},"excerpt":{"rendered":"\u201eTV pagalbos\u201c komanda \u2013 R\u016bta Filejeva, Linas Jak\u0161tas, Renata \u0160akalyt\u0117-Jakovleva, Toma Arci\u0161auskait\u0117-Luko\u0161ien\u0117, Edgaras Navickas, Paulius Mork\u016bnas, \u017dilvinas \u017ditkus&hellip;\n","protected":false},"author":2,"featured_media":265886,"comment_status":"","ping_status":"","sticky":false,"template":"","format":"standard","meta":{"footnotes":"","_share_on_mastodon":"0"},"categories":[17],"tags":[81,37,39,36,38,40,46],"class_list":["post-265885","post","type-post","status-publish","format-standard","has-post-thumbnail","category-verslas","tag-business","tag-lietuva","tag-lietuviu","tag-lithuania","tag-lithuanian","tag-lt","tag-verslas"],"share_on_mastodon":{"url":"https:\/\/pubeurope.com\/@lt\/117192103315083397","error":""},"_links":{"self":[{"href":"https:\/\/www.europesays.com\/lt\/wp-json\/wp\/v2\/posts\/265885","targetHints":{"allow":["GET"]}}],"collection":[{"href":"https:\/\/www.europesays.com\/lt\/wp-json\/wp\/v2\/posts"}],"about":[{"href":"https:\/\/www.europesays.com\/lt\/wp-json\/wp\/v2\/types\/post"}],"author":[{"embeddable":true,"href":"https:\/\/www.europesays.com\/lt\/wp-json\/wp\/v2\/users\/2"}],"replies":[{"embeddable":true,"href":"https:\/\/www.europesays.com\/lt\/wp-json\/wp\/v2\/comments?post=265885"}],"version-history":[{"count":0,"href":"https:\/\/www.europesays.com\/lt\/wp-json\/wp\/v2\/posts\/265885\/revisions"}],"wp:featuredmedia":[{"embeddable":true,"href":"https:\/\/www.europesays.com\/lt\/wp-json\/wp\/v2\/media\/265886"}],"wp:attachment":[{"href":"https:\/\/www.europesays.com\/lt\/wp-json\/wp\/v2\/media?parent=265885"}],"wp:term":[{"taxonomy":"category","embeddable":true,"href":"https:\/\/www.europesays.com\/lt\/wp-json\/wp\/v2\/categories?post=265885"},{"taxonomy":"post_tag","embeddable":true,"href":"https:\/\/www.europesays.com\/lt\/wp-json\/wp\/v2\/tags?post=265885"}],"curies":[{"name":"wp","href":"https:\/\/api.w.org\/{rel}","templated":true}]}}