{"id":265887,"date":"2026-08-31T20:52:37","date_gmt":"2026-08-31T20:52:37","guid":{"rendered":"https:\/\/www.europesays.com\/lt\/265887\/"},"modified":"2026-08-31T20:52:37","modified_gmt":"2026-08-31T20:52:37","slug":"volodymyras-zelenskis-rugsejis-gali-daug-ka-pakeisti","status":"publish","type":"post","link":"https:\/\/www.europesays.com\/lt\/265887\/","title":{"rendered":"Volodymyras Zelenskis: rugs\u0117jis gali daug k\u0105 pakeisti"},"content":{"rendered":"<p>\n                Volodymyras Zelenskis pirmadien\u012f parei\u0161k\u0117, kad JAV prezidento Donaldo Trumpo atstovai \u2013 Steve&#8217;as Witkoffas ir Jaredas Kushneris \u2013 rengiasi vizitams \u012f Rusij\u0105 ir Ukrain\u0105, ir sp\u0117jo, kad rugs\u0117jis gali atne\u0161ti poky\u010di\u0173 Rusijos ir Ukrainos karo klausimu.            <\/p>\n<p>\t\t\t\t<a href=\"https:\/\/s1.15min.lt\/images\/photos\/2026\/08\/31\/original\/press-service-of-the-president-of-ukraine-picture-alliance-svensimon-press-service-of-the-p-6a95c1d9ef8d9.jpg\" title=\" Press Service Of The President Of Ukraine \/ picture alliance \/ SvenSimon-Press Service Of The P\" class=\"image-link\" rel=\"nofollow noopener\" target=\"_blank\"><br \/>\n\t\t\t<img decoding=\"async\" alt=\"Press Service Of The President Of Ukraine \/ picture alliance \/ SvenSimon-Press Service Of The P\" src=\"https:\/\/www.europesays.com\/lt\/wp-content\/uploads\/2026\/08\/press-service-of-the-president-of-ukraine-picture-alliance-svensimon-press-service-of-the-p-6a95c1d9.jpeg\" itemprop=\"image\" width=\"970\" height=\"580\" fetchpriority=\"high\"\/>\t\t\t\t\t<\/a><\/p>\n<p>\n        Press Service Of The President Of Ukraine \/ picture alliance \/ SvenSimon-Press Service Of The P \t<\/p>\n","protected":false},"excerpt":{"rendered":"Volodymyras Zelenskis pirmadien\u012f parei\u0161k\u0117, kad JAV prezidento Donaldo Trumpo atstovai \u2013 Steve&#8217;as Witkoffas ir Jaredas Kushneris \u2013 rengiasi&hellip;\n","protected":false},"author":2,"featured_media":265888,"comment_status":"","ping_status":"","sticky":false,"template":"","format":"standard","meta":{"footnotes":"","_share_on_mastodon":"0"},"categories":[15],"tags":[25,30,31,34,35,24,32,33,37,39,36,38,40,23,22,44,28,29,26,27,74,75,76],"class_list":["post-265887","post","type-post","status-publish","format-standard","has-post-thumbnail","category-pasaulis","tag-antrastes","tag-breaking-news","tag-breakingnews","tag-featured-news","tag-featurednews","tag-headlines","tag-latest-news","tag-latestnews","tag-lietuva","tag-lietuviu","tag-lithuania","tag-lithuanian","tag-lt","tag-naujienos","tag-news","tag-pasaulis","tag-populiariausios-naujienos","tag-populiariausiosnaujienos","tag-top-stories","tag-topstories","tag-world","tag-world-news","tag-worldnews"],"share_on_mastodon":{"url":"https:\/\/pubeurope.com\/@lt\/117192107807087904","error":""},"_links":{"self":[{"href":"https:\/\/www.europesays.com\/lt\/wp-json\/wp\/v2\/posts\/265887","targetHints":{"allow":["GET"]}}],"collection":[{"href":"https:\/\/www.europesays.com\/lt\/wp-json\/wp\/v2\/posts"}],"about":[{"href":"https:\/\/www.europesays.com\/lt\/wp-json\/wp\/v2\/types\/post"}],"author":[{"embeddable":true,"href":"https:\/\/www.europesays.com\/lt\/wp-json\/wp\/v2\/users\/2"}],"replies":[{"embeddable":true,"href":"https:\/\/www.europesays.com\/lt\/wp-json\/wp\/v2\/comments?post=265887"}],"version-history":[{"count":0,"href":"https:\/\/www.europesays.com\/lt\/wp-json\/wp\/v2\/posts\/265887\/revisions"}],"wp:featuredmedia":[{"embeddable":true,"href":"https:\/\/www.europesays.com\/lt\/wp-json\/wp\/v2\/media\/265888"}],"wp:attachment":[{"href":"https:\/\/www.europesays.com\/lt\/wp-json\/wp\/v2\/media?parent=265887"}],"wp:term":[{"taxonomy":"category","embeddable":true,"href":"https:\/\/www.europesays.com\/lt\/wp-json\/wp\/v2\/categories?post=265887"},{"taxonomy":"post_tag","embeddable":true,"href":"https:\/\/www.europesays.com\/lt\/wp-json\/wp\/v2\/tags?post=265887"}],"curies":[{"name":"wp","href":"https:\/\/api.w.org\/{rel}","templated":true}]}}