{"id":265891,"date":"2026-08-31T20:57:08","date_gmt":"2026-08-31T20:57:08","guid":{"rendered":"https:\/\/www.europesays.com\/lt\/265891\/"},"modified":"2026-08-31T20:57:08","modified_gmt":"2026-08-31T20:57:08","slug":"jav-rinku-apzvalga-naftos-kainos-sove-i-virsu-del-nauju-jav-ir-irano-susiremimu","status":"publish","type":"post","link":"https:\/\/www.europesays.com\/lt\/265891\/","title":{"rendered":"JAV rink\u0173 ap\u017evalga: naftos kainos \u0161ov\u0117 \u012f vir\u0161\u0173 d\u0117l nauj\u0173 JAV ir Irano susir\u0117mim\u0173"},"content":{"rendered":"<p class=\"content-paragraph\">Technologij\u0173 sektoriaus indeksas \u201eNasdaq\u201c smuko 0,12% ir u\u017esidar\u0117 ties 26.370,89 punkto riba, o plataus masto \u201eS&amp;P 500\u201c nukrito 0,33% iki 7.686,14 punkto. \u201eDow Jones Industrial Average\u201c indeksas smuktel\u0117jo 0,7% iki 53.185,90 punkto.<\/p>\n<p class=\"content-paragraph\">\u201eBrent\u201c r\u016b\u0161ies naftos kaina pirmadien\u012f pakilo beveik 3% ir v\u0117lyvosios prekybos metu svyravo apie 90,49 USD u\u017e barel\u012f po to, kai JAV ir Iranas sekmadien\u012f pirm\u0105 kart\u0105 per ma\u017edaug m\u0117nes\u012f apsikeit\u0117 sm\u016bgiais.<\/p>\n","protected":false},"excerpt":{"rendered":"Technologij\u0173 sektoriaus indeksas \u201eNasdaq\u201c smuko 0,12% ir u\u017esidar\u0117 ties 26.370,89 punkto riba, o plataus masto \u201eS&amp;P 500\u201c nukrito&hellip;\n","protected":false},"author":2,"featured_media":265892,"comment_status":"","ping_status":"","sticky":false,"template":"","format":"standard","meta":{"footnotes":"","_share_on_mastodon":"0"},"categories":[17],"tags":[81,37,39,36,38,40,46],"class_list":["post-265891","post","type-post","status-publish","format-standard","has-post-thumbnail","category-verslas","tag-business","tag-lietuva","tag-lietuviu","tag-lithuania","tag-lithuanian","tag-lt","tag-verslas"],"share_on_mastodon":{"url":"https:\/\/pubeurope.com\/@lt\/117192126868036779","error":""},"_links":{"self":[{"href":"https:\/\/www.europesays.com\/lt\/wp-json\/wp\/v2\/posts\/265891","targetHints":{"allow":["GET"]}}],"collection":[{"href":"https:\/\/www.europesays.com\/lt\/wp-json\/wp\/v2\/posts"}],"about":[{"href":"https:\/\/www.europesays.com\/lt\/wp-json\/wp\/v2\/types\/post"}],"author":[{"embeddable":true,"href":"https:\/\/www.europesays.com\/lt\/wp-json\/wp\/v2\/users\/2"}],"replies":[{"embeddable":true,"href":"https:\/\/www.europesays.com\/lt\/wp-json\/wp\/v2\/comments?post=265891"}],"version-history":[{"count":0,"href":"https:\/\/www.europesays.com\/lt\/wp-json\/wp\/v2\/posts\/265891\/revisions"}],"wp:featuredmedia":[{"embeddable":true,"href":"https:\/\/www.europesays.com\/lt\/wp-json\/wp\/v2\/media\/265892"}],"wp:attachment":[{"href":"https:\/\/www.europesays.com\/lt\/wp-json\/wp\/v2\/media?parent=265891"}],"wp:term":[{"taxonomy":"category","embeddable":true,"href":"https:\/\/www.europesays.com\/lt\/wp-json\/wp\/v2\/categories?post=265891"},{"taxonomy":"post_tag","embeddable":true,"href":"https:\/\/www.europesays.com\/lt\/wp-json\/wp\/v2\/tags?post=265891"}],"curies":[{"name":"wp","href":"https:\/\/api.w.org\/{rel}","templated":true}]}}