{"id":265893,"date":"2026-08-31T20:58:36","date_gmt":"2026-08-31T20:58:36","guid":{"rendered":"https:\/\/www.europesays.com\/lt\/265893\/"},"modified":"2026-08-31T20:58:36","modified_gmt":"2026-08-31T20:58:36","slug":"pareigunai-potvyniu-auku-skaicius-nepale-isaugo-iki-939-dingusiuju-sumazejo-iki-3-925","status":"publish","type":"post","link":"https:\/\/www.europesays.com\/lt\/265893\/","title":{"rendered":"Pareig\u016bnai: potvyni\u0173 auk\u0173 skai\u010dius Nepale i\u0161augo iki 939, dingusi\u0173j\u0173 suma\u017e\u0117jo iki 3 925"},"content":{"rendered":"<p>Kinijos valstybin\u0117 \u017einiasklaida anks\u010diau patvirtino, kad Tibete po tre\u010diadien\u012f \u012fvykusios katastrofos \u017euvo 16 \u017emoni\u0173, o 546 dingo be \u017einios, taigi bendras \u017euvusi\u0173j\u0173 skai\u010dius padid\u0117jo iki 955, o dingusi\u0173j\u0173 skai\u010dius suma\u017e\u0117jo iki 4 471.<\/p>\n<p>Nepale dingusi\u0173 asmen\u0173 s\u0105ra\u0161e yra 592 u\u017esienie\u010diai.<\/p>\n<p>Ta\u010diau buvo patikslintas dingusi\u0173 darbuotoj\u0173, dirbusi\u0173 hidroelektrini\u0173 projektuose prie up\u0117s, kuria praskriejo srauni potvynio srov\u0117, skai\u010dius: anks\u010diau buvo skelbta, kad dingo 933 \u017emon\u0117s, bet iki pirmadienio vakaro \u0161is skai\u010dius buvo suma\u017eintas iki 639.<\/p>\n<p>Savo pirmadienio vakaro ataskaitoje Nepalo nelaimi\u0173 valdymo agent\u016bra pamin\u0117jo 3 333 dingusius \u0161alies pilie\u010dius.<\/p>\n<p>\u012e \u0161\u012f skai\u010di\u0173 \u012ftraukti dingusieji Nuvakoto rajone, kuriame nerandama 1 158 \u017emoni\u0173, taip pat dar 865 ding\u0119 asmenys Rasuvos rajone.<\/p>\n<p>Tarp dingusi\u0173j\u0173 yra 45 Nepalo kariai, 38 policijos ir ginkluot\u0173j\u0173 paj\u0117g\u0173 pareig\u016bnai bei 18 muitin\u0117s ir imigracijos pareig\u016bn\u0173.<\/p>\n<p>Indijos Utar Prade\u0161o valstijos pareig\u016bnai prane\u0161\u0117, kad i\u0161 upi\u0173, atitekan\u010di\u0173 i\u0161 Nepalo, i\u0161trauk\u0117 17 k\u016bn\u0173, kurie, kaip manoma, yra potvyni\u0173 aukos.<\/p>\n<p>Indijos pareig\u016bnai bando nustatyti k\u016bn\u0173 tapatybes, \u012f bendr\u0105 auk\u0173 skai\u010di\u0173 jie n\u0117ra \u012ftraukti.<\/p>\n","protected":false},"excerpt":{"rendered":"Kinijos valstybin\u0117 \u017einiasklaida anks\u010diau patvirtino, kad Tibete po tre\u010diadien\u012f \u012fvykusios katastrofos \u017euvo 16 \u017emoni\u0173, o 546 dingo be&hellip;\n","protected":false},"author":2,"featured_media":265894,"comment_status":"","ping_status":"","sticky":false,"template":"","format":"standard","meta":{"footnotes":"","_share_on_mastodon":"0"},"categories":[15],"tags":[25,30,31,34,35,24,32,33,37,39,36,38,40,23,22,44,28,29,26,27,74,75,76],"class_list":["post-265893","post","type-post","status-publish","format-standard","has-post-thumbnail","category-pasaulis","tag-antrastes","tag-breaking-news","tag-breakingnews","tag-featured-news","tag-featurednews","tag-headlines","tag-latest-news","tag-latestnews","tag-lietuva","tag-lietuviu","tag-lithuania","tag-lithuanian","tag-lt","tag-naujienos","tag-news","tag-pasaulis","tag-populiariausios-naujienos","tag-populiariausiosnaujienos","tag-top-stories","tag-topstories","tag-world","tag-world-news","tag-worldnews"],"share_on_mastodon":{"url":"https:\/\/pubeurope.com\/@lt\/117192130947417337","error":""},"_links":{"self":[{"href":"https:\/\/www.europesays.com\/lt\/wp-json\/wp\/v2\/posts\/265893","targetHints":{"allow":["GET"]}}],"collection":[{"href":"https:\/\/www.europesays.com\/lt\/wp-json\/wp\/v2\/posts"}],"about":[{"href":"https:\/\/www.europesays.com\/lt\/wp-json\/wp\/v2\/types\/post"}],"author":[{"embeddable":true,"href":"https:\/\/www.europesays.com\/lt\/wp-json\/wp\/v2\/users\/2"}],"replies":[{"embeddable":true,"href":"https:\/\/www.europesays.com\/lt\/wp-json\/wp\/v2\/comments?post=265893"}],"version-history":[{"count":0,"href":"https:\/\/www.europesays.com\/lt\/wp-json\/wp\/v2\/posts\/265893\/revisions"}],"wp:featuredmedia":[{"embeddable":true,"href":"https:\/\/www.europesays.com\/lt\/wp-json\/wp\/v2\/media\/265894"}],"wp:attachment":[{"href":"https:\/\/www.europesays.com\/lt\/wp-json\/wp\/v2\/media?parent=265893"}],"wp:term":[{"taxonomy":"category","embeddable":true,"href":"https:\/\/www.europesays.com\/lt\/wp-json\/wp\/v2\/categories?post=265893"},{"taxonomy":"post_tag","embeddable":true,"href":"https:\/\/www.europesays.com\/lt\/wp-json\/wp\/v2\/tags?post=265893"}],"curies":[{"name":"wp","href":"https:\/\/api.w.org\/{rel}","templated":true}]}}