{"id":265897,"date":"2026-08-31T21:04:37","date_gmt":"2026-08-31T21:04:37","guid":{"rendered":"https:\/\/www.europesays.com\/lt\/265897\/"},"modified":"2026-08-31T21:04:37","modified_gmt":"2026-08-31T21:04:37","slug":"ft-fedorovas-pateike-amerikai-neiprasta-pasiulyma","status":"publish","type":"post","link":"https:\/\/www.europesays.com\/lt\/265897\/","title":{"rendered":"FT: Fedorovas pateik\u0117 Amerikai ne\u012fprast\u0105 pasi\u016blym\u0105"},"content":{"rendered":"<p>Apie tai M.Fedorovas kalb\u0117jo interviu leidiniui \u201eFinancial Times\u201c (FT).<\/p>\n<p>Pasak buvusio ministro, jis b\u016bt\u0173 \u201elabai laimingas gal\u0117damas pad\u0117ti Amerikai sukurti dron\u0173 armij\u0105 \u2013 ypa\u010d mainais \u012f \u201ePatriot\u201c raketas-per\u0117m\u0117jus, kad gal\u0117tume i\u0161gyventi \u0161i\u0105 \u017eiem\u0105\u201c.<\/p>\n<p>\u201eEsu pasireng\u0119s tokiems mainams\u201c, \u2013 pabr\u0117\u017e\u0117 jis.<\/p>\n<p>M.Fedorovas taip pat nekomentavo, ar planuoja susitikimus Va\u0161ingtone su Donaldo Trumpo administracijos atstovais.<\/p>\n<p> Tapo Italijos gynybos ministro patar\u0117ju <\/p>\n<p>Rugpj\u016b\u010dio 28 dien\u0105 M.Fedorovas prane\u0161\u0117 tap\u0119s Italijos gynybos ministro Guido Crosetto patar\u0117ju gynybos inovacij\u0173 klausimais. Jie jau aptar\u0117 bepilo\u010di\u0173 orlaivi\u0173, autonomini\u0173 sistem\u0173, oro gynybos ir \u201edefense tech\u201c ekosistemos pl\u0117tr\u0105.<\/p>\n<p>Pasak M Fedorovo, G.Crosetto asmeni\u0161kai pasi\u016bl\u0117 jam prisijungti prie darbo kaip patar\u0117jui. Eidamas \u0161ias pareigas jis pad\u0117s Italijai pl\u0117toti \u0161iuolaikines gynybos technologijas, tobulinti gynybos srit\u012f ir prisitaikyti prie nauj\u0173 saugumo i\u0161\u0161\u016bki\u0173.<\/p>\n<p>Apie tai, kad G.Crosetto pasi\u016bl\u0117 M.Fedorovui patar\u0117jo pareigas, paai\u0161k\u0117jo liepos pabaigoje. Ministras laikra\u0161\u010diui \u201eLa Repubblica\u201c pasakojo, kad paskambino M.Fedorovui kit\u0105 dien\u0105 po jo atleidimo. Pasak ministro, \u0161is buvo sujaudintas tokio pasi\u016blymo ir pri\u0117m\u0117 j\u012f kaip pagarbos ir draugyst\u0117s \u017eenkl\u0105.<\/p>\n","protected":false},"excerpt":{"rendered":"Apie tai M.Fedorovas kalb\u0117jo interviu leidiniui \u201eFinancial Times\u201c (FT). Pasak buvusio ministro, jis b\u016bt\u0173 \u201elabai laimingas gal\u0117damas pad\u0117ti&hellip;\n","protected":false},"author":2,"featured_media":265898,"comment_status":"","ping_status":"","sticky":false,"template":"","format":"standard","meta":{"footnotes":"","_share_on_mastodon":"0"},"categories":[15],"tags":[25,30,31,34,35,24,32,33,37,39,36,38,40,23,22,44,28,29,26,27,74,75,76],"class_list":["post-265897","post","type-post","status-publish","format-standard","has-post-thumbnail","category-pasaulis","tag-antrastes","tag-breaking-news","tag-breakingnews","tag-featured-news","tag-featurednews","tag-headlines","tag-latest-news","tag-latestnews","tag-lietuva","tag-lietuviu","tag-lithuania","tag-lithuanian","tag-lt","tag-naujienos","tag-news","tag-pasaulis","tag-populiariausios-naujienos","tag-populiariausiosnaujienos","tag-top-stories","tag-topstories","tag-world","tag-world-news","tag-worldnews"],"share_on_mastodon":{"url":"https:\/\/pubeurope.com\/@lt\/117192154537415346","error":""},"_links":{"self":[{"href":"https:\/\/www.europesays.com\/lt\/wp-json\/wp\/v2\/posts\/265897","targetHints":{"allow":["GET"]}}],"collection":[{"href":"https:\/\/www.europesays.com\/lt\/wp-json\/wp\/v2\/posts"}],"about":[{"href":"https:\/\/www.europesays.com\/lt\/wp-json\/wp\/v2\/types\/post"}],"author":[{"embeddable":true,"href":"https:\/\/www.europesays.com\/lt\/wp-json\/wp\/v2\/users\/2"}],"replies":[{"embeddable":true,"href":"https:\/\/www.europesays.com\/lt\/wp-json\/wp\/v2\/comments?post=265897"}],"version-history":[{"count":0,"href":"https:\/\/www.europesays.com\/lt\/wp-json\/wp\/v2\/posts\/265897\/revisions"}],"wp:featuredmedia":[{"embeddable":true,"href":"https:\/\/www.europesays.com\/lt\/wp-json\/wp\/v2\/media\/265898"}],"wp:attachment":[{"href":"https:\/\/www.europesays.com\/lt\/wp-json\/wp\/v2\/media?parent=265897"}],"wp:term":[{"taxonomy":"category","embeddable":true,"href":"https:\/\/www.europesays.com\/lt\/wp-json\/wp\/v2\/categories?post=265897"},{"taxonomy":"post_tag","embeddable":true,"href":"https:\/\/www.europesays.com\/lt\/wp-json\/wp\/v2\/tags?post=265897"}],"curies":[{"name":"wp","href":"https:\/\/api.w.org\/{rel}","templated":true}]}}