{"id":265899,"date":"2026-08-31T21:12:40","date_gmt":"2026-08-31T21:12:40","guid":{"rendered":"https:\/\/www.europesays.com\/lt\/265899\/"},"modified":"2026-08-31T21:12:40","modified_gmt":"2026-08-31T21:12:40","slug":"baznycia-padave-i-teisma-14-mete-reikalauja-pinigu","status":"publish","type":"post","link":"https:\/\/www.europesays.com\/lt\/265899\/","title":{"rendered":"Ba\u017eny\u010dia padav\u0117 \u012f teism\u0105 14-met\u0119: reikalauja pinig\u0173"},"content":{"rendered":"\n<p>\u017dem\u0117, kurioje stovi Barto\u0161ewski\u0173 \u0161eimos namas, kadaise priklaus\u0117 \u0160v. Jono Jeruzalie\u010dio parapijai.\u00a0<\/p>\n<p>1931 metais klebonas j\u0105 i\u0161nuomojo sodinink\u0173 bendrijai. 1994 metais parapija teritorij\u0105 susigr\u0105\u017eino. Tuomet klebonas gyventojus informavo, kad jie turi pasira\u0161yti nuomos sutartis. Jis persp\u0117jo, kad atsisakiusiems tai padaryti gr\u0117s i\u0161keldinimas.<\/p>\n<p>Patrycja Barto\u0161ewska pasira\u0161\u0117 nuomos sutart\u012f, ta\u010diau 2024 met\u0173 rugs\u0117j\u012f arkivyskupija j\u0105 nutrauk\u0117. D\u0117l to nuo 2025 met\u0173 rugs\u0117jo Barto\u0161ewski\u0173 \u0161eimai skai\u010diuojamas mokestis u\u017e naudojim\u0105si sklypu be sutarties \u2013 2946 zlotai (apie 68 eurus) per m\u0117nes\u012f.<\/p>\n<p>\u0160i\u0173 met\u0173 saus\u012f pasikeit\u0117 gyvenviet\u0117s <a href=\"https:\/\/www.tv3.lt\/naujiena\/gyvenimas\/uz-sias-nuodemes-atleidima-gali-suteikti-tik-popiezius-stai-kokios-jos-n1547653\" target=\"_blank\" rel=\"nofollow noopener\">savininkas<\/a> \u2013 juo tapo <a href=\"https:\/\/www.tv3.lt\/rubrika\/naujienos\/verslas\/nekilnojamasis-turtas\" target=\"_blank\" class=\"phrase\" rel=\"nofollow noopener\">nekilnojamojo turto<\/a> pl\u0117tros bendrov\u0117, kuri \u0161ioje vietoje planuoja pastatyti modernius daugiabu\u010dius. Ta\u010diau pirmiausia visi dabartiniai gyventojai turi i\u0161sikelti i\u0161 Maltos gyvenviet\u0117s. U\u017e \u0161\u012f proces\u0105 kol kas atsakinga arkivyskupija.<\/p>\n<p>Siekdama paspartinti gyventoj\u0173 i\u0161sikraustym\u0105, arkivyskupija i\u0161siunt\u0117 jiems ie\u0161kinius d\u0117l apmok\u0117jimo u\u017e naudojim\u0105si nekilnojamuoju turtu be sutarties. Tok\u012f ie\u0161kin\u012f gavo ir Barto\u0161ewski\u0173 \u0161eima.<\/p>\n<p> Arkivyskupija reikalauja pinig\u0173 <\/p>\n<p>Arkivyskupija pareikalavo daugiau kaip 17 t\u016bkst. zlot\u0173 (apie 392 eurus) ir pal\u016bkan\u0173 u\u017e gyvenim\u0105 Maltos gyvenviet\u0117je be sutarties nuo 2025 met\u0173 rugs\u0117jo. Ta\u010diau \u0161eima iki \u0161iol nei\u0161sik\u0117l\u0117, tod\u0117l \u0161i suma toliau auga.<\/p>\n<p>Poznan\u0117s arkivyskupijai atstovauja advokatas Jacekas Masiota. Anks\u010diau kalb\u0117damas su \u201eGazeta Wyborcza\u201c jis tikino, kad Ba\u017eny\u010dia jam u\u017edraud\u0117 imtis bet koki\u0173 neeti\u0161k\u0173 veiksm\u0173 gyvenviet\u0117s gyventoj\u0173 at\u017evilgiu. Ta\u010diau redakcijai jo paklausus apie ie\u0161kin\u012f 14-metei, advokatas \u0161io klausimo jau nekomentavo.<\/p>\n<p>\u201eGazeta Wyborcza\u201c taip pat band\u0117 gauti Poznan\u0117s arkivyskupijos kunigo atstovo komentar\u0105, ta\u010diau nes\u0117kmingai.<\/p>\n<p>Arkivyskupijos atstovas kartu pabr\u0117\u017eia, kad jo klientas yra pasireng\u0119s atsisakyti reikalavim\u0173 d\u0117l skol\u0173 tiems gyventojams, kurie pasira\u0161ys susitarimus ir i\u0161sikels i\u0161 gyvenviet\u0117s.<\/p>\n<p>\n                                        \u0160altinis:<br \/>\n                                                                                    tv3.lt\n                                                                                <\/p>\n<p>Kvie\u010diame atrasti nauj\u0105 tv3.lt turin\u012f! Nuo \u0161iol portale j\u016bs\u0173 laukia ne tik <a href=\"https:\/\/www.tv3.lt\/testai\" rel=\"nofollow noopener\" target=\"_blank\">kasdien nauji testai<\/a>, bet ir <a href=\"https:\/\/www.tv3.lt\/kryziazodziai\" rel=\"nofollow noopener\" target=\"_blank\">kry\u017eia\u017eod\u017eiai <\/a>\u2013 i\u0161bandykite savo \u017einias, spr\u0119skite ir smagiai praleiskite laik\u0105. <\/p>\n","protected":false},"excerpt":{"rendered":"\u017dem\u0117, kurioje stovi Barto\u0161ewski\u0173 \u0161eimos namas, kadaise priklaus\u0117 \u0160v. Jono Jeruzalie\u010dio parapijai.\u00a0 1931 metais klebonas j\u0105 i\u0161nuomojo sodinink\u0173&hellip;\n","protected":false},"author":2,"featured_media":265900,"comment_status":"","ping_status":"","sticky":false,"template":"","format":"standard","meta":{"footnotes":"","_share_on_mastodon":"0"},"categories":[15],"tags":[38571,25,30,31,57,43,34,35,55,48,24,54,51,49,50,32,33,37,39,36,38,40,45,23,22,44,28,29,53,42,56,47,26,27,41,46,58,74,75,76,52],"class_list":["post-265899","post","type-post","status-publish","format-standard","has-post-thumbnail","category-pasaulis","tag-2026-08-31-172616","tag-antrastes","tag-breaking-news","tag-breakingnews","tag-daiktai","tag-dienos-kronika","tag-featured-news","tag-featurednews","tag-gatves-tekstai","tag-gyvenimas","tag-headlines","tag-interneto-pievos","tag-keliones","tag-kultura","tag-laisvalaikis","tag-latest-news","tag-latestnews","tag-lietuva","tag-lietuviu","tag-lithuania","tag-lithuanian","tag-lt","tag-mokslas-ir-it","tag-naujienos","tag-news","tag-pasaulis","tag-populiariausios-naujienos","tag-populiariausiosnaujienos","tag-projektai","tag-rinktiniai-tekstai","tag-simtmecio-portalas","tag-sportas","tag-top-stories","tag-topstories","tag-tv3-lt","tag-verslas","tag-video","tag-world","tag-world-news","tag-worldnews","tag-zaidimai"],"share_on_mastodon":{"url":"","error":"Validation failed: Text character limit of 500 exceeded"},"_links":{"self":[{"href":"https:\/\/www.europesays.com\/lt\/wp-json\/wp\/v2\/posts\/265899","targetHints":{"allow":["GET"]}}],"collection":[{"href":"https:\/\/www.europesays.com\/lt\/wp-json\/wp\/v2\/posts"}],"about":[{"href":"https:\/\/www.europesays.com\/lt\/wp-json\/wp\/v2\/types\/post"}],"author":[{"embeddable":true,"href":"https:\/\/www.europesays.com\/lt\/wp-json\/wp\/v2\/users\/2"}],"replies":[{"embeddable":true,"href":"https:\/\/www.europesays.com\/lt\/wp-json\/wp\/v2\/comments?post=265899"}],"version-history":[{"count":0,"href":"https:\/\/www.europesays.com\/lt\/wp-json\/wp\/v2\/posts\/265899\/revisions"}],"wp:featuredmedia":[{"embeddable":true,"href":"https:\/\/www.europesays.com\/lt\/wp-json\/wp\/v2\/media\/265900"}],"wp:attachment":[{"href":"https:\/\/www.europesays.com\/lt\/wp-json\/wp\/v2\/media?parent=265899"}],"wp:term":[{"taxonomy":"category","embeddable":true,"href":"https:\/\/www.europesays.com\/lt\/wp-json\/wp\/v2\/categories?post=265899"},{"taxonomy":"post_tag","embeddable":true,"href":"https:\/\/www.europesays.com\/lt\/wp-json\/wp\/v2\/tags?post=265899"}],"curies":[{"name":"wp","href":"https:\/\/api.w.org\/{rel}","templated":true}]}}