{"id":265903,"date":"2026-08-31T21:16:36","date_gmt":"2026-08-31T21:16:36","guid":{"rendered":"https:\/\/www.europesays.com\/lt\/265903\/"},"modified":"2026-08-31T21:16:36","modified_gmt":"2026-08-31T21:16:36","slug":"garsus-zurnalistas-celtic-pateike-dar-viena-pasiulyma-uz-gvida-gineiti","status":"publish","type":"post","link":"https:\/\/www.europesays.com\/lt\/265903\/","title":{"rendered":"Garsus \u017eurnalistas: \u201eCeltic\u201c pateik\u0117 dar vien\u0105 pasi\u016blym\u0105 u\u017e Gvid\u0105 Gineit\u012f"},"content":{"rendered":"<p>Glazgo \u201eCeltic\u201c pateik\u0117 nauj\u0105 pasi\u016blym\u0105 u\u017e Lietuvos rinktin\u0117s saug\u0105 Gvid\u0105 Gineit\u012f. 22-ej\u0173 futbolininkas vasar\u0105 i\u0161lieka vienu pagrindini\u0173 \u0160kotijos \u010dempion\u0173 taikiniu, ta\u010diau pirmasis pasi\u016blymas \u201eTorino\u201c klubui buvo atmestas.<\/p>\n<p>Italijos \u017eurnalistas Matteo Moretto prane\u0161\u0117, kad \u201eCeltic\u201c atnaujino derybas ir pateik\u0117 nauj\u0105 pasi\u016blym\u0105 u\u017e lietuv\u012f. Tiksli naujos si\u016blomos sumos vert\u0117 kol kas neskelbiama, ta\u010diau ankstesnis Glazgo ekipos pasi\u016blymas siek\u0117 apie 7,5 mln. eur\u0173<\/p>\n<p>\u201eTorino\u201c u\u017e saug\u0105 tikisi gauti ma\u017edaug 10,5 mln. eur\u0173, tod\u0117l klubus vis dar skiria reik\u0161mingas vertinimo skirtumas. Tiesa, italai jau kiek suma\u017eino savo reikalavimus. Anks\u010diau Italijos \u017einiasklaida skelb\u0117 ir apie 7,5 mln. eur\u0173 pasi\u016blym\u0105, o Turino ekipa anks\u010diau \u017eaid\u0117jo vert\u0119 vertino net 15 mln. eur\u0173.<\/p>\n<p>G. Gineitis \u201eTorino\u201c pagrindin\u0117je komandoje \u017eaid\u017eia jau tre\u010di\u0105 sezon\u0105 ir yra tap\u0119s reguliariu \u201eSerie A\u201c ekipos saugu. Lietuvis vertinamas d\u0117l darbo abiejose aik\u0161t\u0117s pus\u0117se, energijos bei geb\u0117jimo \u017eaisti abejose aik\u0161t\u0117s pus\u0117se.<\/p>\n<p>\u201eCeltic\u201c susidom\u0117jimas lietuviu nesl\u016bgo net po nes\u0117km\u0117s UEFA \u010cempion\u0173 lygos atrankoje. Vis d\u0117lto sandorio baigtis priklausys nuo to, ar \u0160kotijos klubui pavyks priart\u0117ti prie \u201eTorino\u201c keliam\u0173 finansini\u0173 reikalavim\u0173 iki per\u0117jim\u0173 lango pabaigos.<\/p>\n","protected":false},"excerpt":{"rendered":"Glazgo \u201eCeltic\u201c pateik\u0117 nauj\u0105 pasi\u016blym\u0105 u\u017e Lietuvos rinktin\u0117s saug\u0105 Gvid\u0105 Gineit\u012f. 22-ej\u0173 futbolininkas vasar\u0105 i\u0161lieka vienu pagrindini\u0173 \u0160kotijos&hellip;\n","protected":false},"author":2,"featured_media":265904,"comment_status":"","ping_status":"","sticky":false,"template":"","format":"standard","meta":{"footnotes":"","_share_on_mastodon":"0"},"categories":[19],"tags":[57,43,55,48,54,51,49,50,37,39,36,38,40,45,23,44,53,42,56,47,112,104,46,58,52],"class_list":["post-265903","post","type-post","status-publish","format-standard","has-post-thumbnail","category-sportas","tag-daiktai","tag-dienos-kronika","tag-gatves-tekstai","tag-gyvenimas","tag-interneto-pievos","tag-keliones","tag-kultura","tag-laisvalaikis","tag-lietuva","tag-lietuviu","tag-lithuania","tag-lithuanian","tag-lt","tag-mokslas-ir-it","tag-naujienos","tag-pasaulis","tag-projektai","tag-rinktiniai-tekstai","tag-simtmecio-portalas","tag-sportas","tag-sportas-lt","tag-sports","tag-verslas","tag-video","tag-zaidimai"],"share_on_mastodon":{"url":"https:\/\/pubeurope.com\/@lt\/117192201422569983","error":""},"_links":{"self":[{"href":"https:\/\/www.europesays.com\/lt\/wp-json\/wp\/v2\/posts\/265903","targetHints":{"allow":["GET"]}}],"collection":[{"href":"https:\/\/www.europesays.com\/lt\/wp-json\/wp\/v2\/posts"}],"about":[{"href":"https:\/\/www.europesays.com\/lt\/wp-json\/wp\/v2\/types\/post"}],"author":[{"embeddable":true,"href":"https:\/\/www.europesays.com\/lt\/wp-json\/wp\/v2\/users\/2"}],"replies":[{"embeddable":true,"href":"https:\/\/www.europesays.com\/lt\/wp-json\/wp\/v2\/comments?post=265903"}],"version-history":[{"count":0,"href":"https:\/\/www.europesays.com\/lt\/wp-json\/wp\/v2\/posts\/265903\/revisions"}],"wp:featuredmedia":[{"embeddable":true,"href":"https:\/\/www.europesays.com\/lt\/wp-json\/wp\/v2\/media\/265904"}],"wp:attachment":[{"href":"https:\/\/www.europesays.com\/lt\/wp-json\/wp\/v2\/media?parent=265903"}],"wp:term":[{"taxonomy":"category","embeddable":true,"href":"https:\/\/www.europesays.com\/lt\/wp-json\/wp\/v2\/categories?post=265903"},{"taxonomy":"post_tag","embeddable":true,"href":"https:\/\/www.europesays.com\/lt\/wp-json\/wp\/v2\/tags?post=265903"}],"curies":[{"name":"wp","href":"https:\/\/api.w.org\/{rel}","templated":true}]}}