{"id":265913,"date":"2026-08-31T21:29:56","date_gmt":"2026-08-31T21:29:56","guid":{"rendered":"https:\/\/www.europesays.com\/lt\/265913\/"},"modified":"2026-08-31T21:29:56","modified_gmt":"2026-08-31T21:29:56","slug":"premjeras-apie-zmonos-idarbinimo-aplinkybes-as-niekaip-nesusijes","status":"publish","type":"post","link":"https:\/\/www.europesays.com\/lt\/265913\/","title":{"rendered":"Premjeras apie \u017emonos \u012fdarbinimo aplinkybes: a\u0161 niekaip nesusij\u0119s"},"content":{"rendered":"\n<p>\u201eSuprantu, kad \u010dia yra ka\u017ekokia spekuliacija, neva a\u0161 ka\u017ekaip susij\u0119s su \u012fdarbinimo aplinkyb\u0117mis, bet a\u0161 niekaip nesusij\u0119s su tomis aplinkyb\u0117mis\u201c, \u2013 \u017eurnalistams pirmadien\u012f sak\u0117 M. Sinkevi\u010dius.<\/p>\n<p>\u201eTiesiog patikslinsiu \u2013 mano \u017emona jokiai partijai iki \u0161iol nepriklauso ir turb\u016bt neplanuoja priklausyti. Gal \u010dia kartais bandoma susumuoti (&#8230;) ir ji papuola \u012f tuos minimus socialdemokratus\u201c, \u2013 pabr\u0117\u017e\u0117 ministras pirmininkas.\u00a0<\/p>\n<p>Jo teigimu, \u017emoni\u0173 \u012fdarbinimas turi priklausyti nuo j\u0173 kompetencij\u0173, o ne nuo priklausymo partijai. Vis tik, kaip nurod\u0117 M. Sinkevi\u010dius, Kauno rajono savivaldyb\u0117 gali ai\u0161kintis \u012fvykio aplinkybes, jeigu matyt\u0173, kad \u201ejas verta ai\u0161kintis\u201c.<\/p>\n<p>\u201e\u017dmon\u0117s turi darbuotis ir u\u017eimti pozicijas, atsi\u017evelgiant \u012f j\u0173 kvalifikacij\u0105 ir kompetencijas, o ne \u012f partin\u012f priklausomum\u0105, partin\u012f biliet\u0105. Partinis bilietas \u0161iuo atveju tur\u0117t\u0173 b\u016bti nei pliusas, nei minusas \u2013 kitaip tariant, nei ka\u017ekoks papildomas elementas \u012fsidarbinimo galimyb\u0117ms, nei ka\u017ekoks trukdis t\u0105 daryti\u201c, \u2013 sak\u0117 Vyriausyb\u0117s vadovas.\u00a0<\/p>\n<p>Kaip skelbta, pastar\u0105j\u012f tre\u010diadien\u012f Seimo Antikorupcijos komisija tur\u0117jo nuspr\u0119sti, ar prad\u0117ti tyrim\u0105 d\u0117l vie\u0161\u0173j\u0173 finans\u0173 valdymo bei \u012fdarbinimo aplinkybi\u0173 Kauno rajono savivaldyb\u0117je bei jai pavald\u017eioje \u012fstaigoje \u201eRaudondvario dvaras\u201c.\u00a0<\/p>\n<p>Vis d\u0117lto balsavimas \u0161iuo klausimu ne\u012fvyko \u2013 pos\u0117dyje nebuvo kvorumo d\u0117l jame nedalyvavusi\u0173 socialdemokrat\u0173. Kitas pos\u0117dis numatytas tre\u010diadien\u012f \u2013 rugs\u0117jo 2-\u0105j\u0105. Jame, pasak M. Sinkevi\u010diaus, dalyvaus ir jo bendrapartie\u010diai.<\/p>\n<p>\u201eTai nerei\u0161kia, kad jis (pos\u0117dis \u2013 ELTA) ne\u012fvyks artimiausiu metu. Manau, tuos klausimus bus proga apsvarstyti ir socialdemokratai tuose svarstymuose dalyvaus\u201c, \u2013 kalb\u0117jo M. Sinkevi\u010dius.\u00a0<\/p>\n<p>\u201eD\u0117l Kauno rajono savivaldyb\u0117s a\u0161 tikrai neinformuotas \u2013 turb\u016bt jie veikia reglamento nustatytose r\u0117muose \u2013 bet, manau, kad \u0161itoje vietoje tas vie\u0161umas, atvirumas diskusijai ir svarstymai yra reikalingi. Ir \u010dia turb\u016bt nuo tos diskusijos ir tos temos turb\u016bt pab\u0117gti ne\u012fmanoma ir nereik\u0117t\u0173 bandyti\u201c, \u2013 pabr\u0117\u017e\u0117 premjeras.\u00a0<\/p>\n<p>    STT: Sinkevi\u010dien\u0117 pareigas gavo be konkurso <\/p>\n<p>ELTA primena, kad <a href=\"https:\/\/www.tv3.lt\/programos\/lrt\" target=\"_blank\" class=\"phrase\" rel=\"nofollow noopener\">LRT<\/a> Tyrim\u0173 skyrius paskelb\u0117, jog ministro pirmininko Mindaugo Sinkevi\u010diaus sutuoktin\u0117 <a href=\"https:\/\/www.tv3.lt\/gaires\/aiste-sinkeviciene\" target=\"_blank\" rel=\"nofollow noopener\">Aist\u0117 Sinkevi\u010dien\u0117<\/a> ne tik be konkurso tapo Kauno rajono savivaldyb\u0117s Vie\u0161\u0173j\u0173 ir tarptautini\u0173 ry\u0161i\u0173 skyriaus ved\u0117ja, bet ir dirba savivaldybei pavald\u017eiame \u201eRaudondvario dvare\u201c.<\/p>\n<p>     <a href=\"https:\/\/www.tv3.lt\/Uploads\/UGallery\/photos\/c8\/ea\/b3\/cd\/c8eab3cdcc08c88b3b342041d0817a84.jpg\" data-fancybox=\"photos-embed\" data-caption=\"Mindaugas Sinkevi\u010dius su \u017emona (nuotr. Elta)\" target=\"_self\" rel=\"nofollow noopener\"> <img decoding=\"async\" class=\"photo-inside-article\" align=\"center\" alt=\"Mindaugas Sinkevi\u010dius su \u017emona (nuotr. Elta)\" title=\"Mindaugas Sinkevi\u010dius su \u017emona (nuotr. Elta)\" src=\"https:\/\/www.europesays.com\/lt\/wp-content\/uploads\/2026\/08\/1788211796_357_c8eab3cdcc08c88b3b342041d0817a84.jpg\" width=\"684\" height=\"654\" loading=\"lazy\" \/> <\/a>       <\/p>\n<p>Nurodoma, kad A. Sinkevi\u010dien\u0117 dvare dirba 0,5 etato vie\u0161\u0173j\u0173 ry\u0161i\u0173 specialiste nuotoliniu b\u016bdu. Tiesa, jos kontaktai vie\u0161ai neskelbiami, o \u012fstaigos direktor\u0117s pavaduotoja apie toki\u0105 koleg\u0119 teig\u0117 ne\u017einanti. Pasak jos, dvare n\u0117ra konkretaus \u017emogaus, atsakingo u\u017e ry\u0161ius su visuomene, jais r\u016bpinasi \u012fstaigos vadov\u0117.<\/p>\n<p>M. Sinkevi\u010diaus sutuoktin\u0117\u00a0Kauno rajono savivaldyb\u0117je dirba nuo 2013 met\u0173. 2023 metais gr\u012f\u017eusi i\u0161 motinyst\u0117s atostog\u0173, ji tapo Vie\u0161\u0173j\u0173 ir tarptautini\u0173 ry\u0161i\u0173 skyriaus vyriausi\u0105ja specialiste, o 2024 met\u0173 liep\u0105 \u2013 be konkurso paskirta skyriaus ved\u0117ja.<\/p>\n<p>A. Sinkevi\u010dien\u0117s pajamos pernai vir\u0161ijo 73,5 t\u016bkst. eur\u0173. Ma\u017edaug ketvirtadal\u012f \u0161ios sumos ji gavo u\u017e darb\u0105 \u201eRaudondvario dvare\u201c.<\/p>\n<p>Kvie\u010diame atrasti nauj\u0105 tv3.lt turin\u012f! Nuo \u0161iol portale j\u016bs\u0173 laukia ne tik <a href=\"https:\/\/www.tv3.lt\/testai\" rel=\"nofollow noopener\" target=\"_blank\">kasdien nauji testai<\/a>, bet ir <a href=\"https:\/\/www.tv3.lt\/kryziazodziai\" rel=\"nofollow noopener\" target=\"_blank\">kry\u017eia\u017eod\u017eiai <\/a>\u2013 i\u0161bandykite savo \u017einias, spr\u0119skite ir smagiai praleiskite laik\u0105. <\/p>\n","protected":false},"excerpt":{"rendered":"\u201eSuprantu, kad \u010dia yra ka\u017ekokia spekuliacija, neva a\u0161 ka\u017ekaip susij\u0119s su \u012fdarbinimo aplinkyb\u0117mis, bet a\u0161 niekaip nesusij\u0119s su&hellip;\n","protected":false},"author":2,"featured_media":265914,"comment_status":"","ping_status":"","sticky":false,"template":"","format":"standard","meta":{"footnotes":"","_share_on_mastodon":"0"},"categories":[13],"tags":[38574,25,30,31,57,43,34,35,55,48,24,54,51,49,50,32,33,37,39,36,38,40,45,23,22,44,28,29,53,42,56,47,26,27,41,46,58,52],"class_list":["post-265913","post","type-post","status-publish","format-standard","has-post-thumbnail","category-lietuva","tag-2026-08-31-133000","tag-antrastes","tag-breaking-news","tag-breakingnews","tag-daiktai","tag-dienos-kronika","tag-featured-news","tag-featurednews","tag-gatves-tekstai","tag-gyvenimas","tag-headlines","tag-interneto-pievos","tag-keliones","tag-kultura","tag-laisvalaikis","tag-latest-news","tag-latestnews","tag-lietuva","tag-lietuviu","tag-lithuania","tag-lithuanian","tag-lt","tag-mokslas-ir-it","tag-naujienos","tag-news","tag-pasaulis","tag-populiariausios-naujienos","tag-populiariausiosnaujienos","tag-projektai","tag-rinktiniai-tekstai","tag-simtmecio-portalas","tag-sportas","tag-top-stories","tag-topstories","tag-tv3-lt","tag-verslas","tag-video","tag-zaidimai"],"share_on_mastodon":{"url":"","error":"Validation failed: Text character limit of 500 exceeded"},"_links":{"self":[{"href":"https:\/\/www.europesays.com\/lt\/wp-json\/wp\/v2\/posts\/265913","targetHints":{"allow":["GET"]}}],"collection":[{"href":"https:\/\/www.europesays.com\/lt\/wp-json\/wp\/v2\/posts"}],"about":[{"href":"https:\/\/www.europesays.com\/lt\/wp-json\/wp\/v2\/types\/post"}],"author":[{"embeddable":true,"href":"https:\/\/www.europesays.com\/lt\/wp-json\/wp\/v2\/users\/2"}],"replies":[{"embeddable":true,"href":"https:\/\/www.europesays.com\/lt\/wp-json\/wp\/v2\/comments?post=265913"}],"version-history":[{"count":0,"href":"https:\/\/www.europesays.com\/lt\/wp-json\/wp\/v2\/posts\/265913\/revisions"}],"wp:featuredmedia":[{"embeddable":true,"href":"https:\/\/www.europesays.com\/lt\/wp-json\/wp\/v2\/media\/265914"}],"wp:attachment":[{"href":"https:\/\/www.europesays.com\/lt\/wp-json\/wp\/v2\/media?parent=265913"}],"wp:term":[{"taxonomy":"category","embeddable":true,"href":"https:\/\/www.europesays.com\/lt\/wp-json\/wp\/v2\/categories?post=265913"},{"taxonomy":"post_tag","embeddable":true,"href":"https:\/\/www.europesays.com\/lt\/wp-json\/wp\/v2\/tags?post=265913"}],"curies":[{"name":"wp","href":"https:\/\/api.w.org\/{rel}","templated":true}]}}