{"id":265917,"date":"2026-08-31T21:38:42","date_gmt":"2026-08-31T21:38:42","guid":{"rendered":"https:\/\/www.europesays.com\/lt\/265917\/"},"modified":"2026-08-31T21:38:42","modified_gmt":"2026-08-31T21:38:42","slug":"nato-reagavo-skubiai-prie-baltijos-saliu-pastebeti-rusijos-orlaiviai","status":"publish","type":"post","link":"https:\/\/www.europesays.com\/lt\/265917\/","title":{"rendered":"NATO reagavo skubiai: prie Baltijos \u0161ali\u0173 pasteb\u0117ti Rusijos orlaiviai"},"content":{"rendered":"\n<p>Rugpj\u016b\u010dio 24 dien\u0105 NATO oro policijos naikintuvai skrido atpa\u017einti dviej\u0173 \u0161turmo l\u0117ktuv\u0173 SU-24. Orlaiviai skrido be \u012fjungt\u0173 radiolokacini\u0173 atsakikli\u0173, be skryd\u017eio plan\u0173, <a href=\"https:\/\/www.tv3.lt\/radijas-internetu\" target=\"_blank\" class=\"phrase\" rel=\"nofollow noopener\">radijo<\/a> ry\u0161io su Regioniniu skryd\u017ei\u0173 valdymo centru (RSVC) nepalaik\u0117.<\/p>\n<p>T\u0105 pa\u010di\u0105 dien\u0105 oro policija skrido atpa\u017einti ir dviej\u0173 \u0161turmo l\u0117ktuv\u0173 SU-24M. \u0160ie taip pat skrido be \u012fjungt\u0173 radiolokacini\u0173 atsakikli\u0173, be skryd\u017eio plan\u0173, radijo ry\u0161io su RSVC nepalaik\u0117.<\/p>\n<p>NATO oro policijos misija Baltijos \u0161alyse vykdoma i\u0161 <a href=\"https:\/\/www.tv3.lt\/rubrika\/naujienos\/lietuva\" target=\"_blank\" class=\"phrase\" rel=\"nofollow noopener\">Lietuvos<\/a> ir Estijos.<\/p>\n<p>\n                                        \u0160altinis:<br \/>\n                                                                                    BNS\n                                                                                <\/p>\n<p>Kvie\u010diame atrasti nauj\u0105 tv3.lt turin\u012f! Nuo \u0161iol portale j\u016bs\u0173 laukia ne tik <a href=\"https:\/\/www.tv3.lt\/testai\" rel=\"nofollow noopener\" target=\"_blank\">kasdien nauji testai<\/a>, bet ir <a href=\"https:\/\/www.tv3.lt\/kryziazodziai\" rel=\"nofollow noopener\" target=\"_blank\">kry\u017eia\u017eod\u017eiai <\/a>\u2013 i\u0161bandykite savo \u017einias, spr\u0119skite ir smagiai praleiskite laik\u0105. <\/p>\n","protected":false},"excerpt":{"rendered":"Rugpj\u016b\u010dio 24 dien\u0105 NATO oro policijos naikintuvai skrido atpa\u017einti dviej\u0173 \u0161turmo l\u0117ktuv\u0173 SU-24. Orlaiviai skrido be \u012fjungt\u0173 radiolokacini\u0173&hellip;\n","protected":false},"author":2,"featured_media":265918,"comment_status":"","ping_status":"","sticky":false,"template":"","format":"standard","meta":{"footnotes":"","_share_on_mastodon":"0"},"categories":[15],"tags":[38575,25,30,31,57,43,34,35,55,48,24,54,51,49,50,32,33,37,39,36,38,40,45,23,22,44,28,29,53,42,56,47,26,27,41,46,58,74,75,76,52],"class_list":["post-265917","post","type-post","status-publish","format-standard","has-post-thumbnail","category-pasaulis","tag-2026-08-31-163543","tag-antrastes","tag-breaking-news","tag-breakingnews","tag-daiktai","tag-dienos-kronika","tag-featured-news","tag-featurednews","tag-gatves-tekstai","tag-gyvenimas","tag-headlines","tag-interneto-pievos","tag-keliones","tag-kultura","tag-laisvalaikis","tag-latest-news","tag-latestnews","tag-lietuva","tag-lietuviu","tag-lithuania","tag-lithuanian","tag-lt","tag-mokslas-ir-it","tag-naujienos","tag-news","tag-pasaulis","tag-populiariausios-naujienos","tag-populiariausiosnaujienos","tag-projektai","tag-rinktiniai-tekstai","tag-simtmecio-portalas","tag-sportas","tag-top-stories","tag-topstories","tag-tv3-lt","tag-verslas","tag-video","tag-world","tag-world-news","tag-worldnews","tag-zaidimai"],"share_on_mastodon":{"url":"","error":"Validation failed: Text character limit of 500 exceeded"},"_links":{"self":[{"href":"https:\/\/www.europesays.com\/lt\/wp-json\/wp\/v2\/posts\/265917","targetHints":{"allow":["GET"]}}],"collection":[{"href":"https:\/\/www.europesays.com\/lt\/wp-json\/wp\/v2\/posts"}],"about":[{"href":"https:\/\/www.europesays.com\/lt\/wp-json\/wp\/v2\/types\/post"}],"author":[{"embeddable":true,"href":"https:\/\/www.europesays.com\/lt\/wp-json\/wp\/v2\/users\/2"}],"replies":[{"embeddable":true,"href":"https:\/\/www.europesays.com\/lt\/wp-json\/wp\/v2\/comments?post=265917"}],"version-history":[{"count":0,"href":"https:\/\/www.europesays.com\/lt\/wp-json\/wp\/v2\/posts\/265917\/revisions"}],"wp:featuredmedia":[{"embeddable":true,"href":"https:\/\/www.europesays.com\/lt\/wp-json\/wp\/v2\/media\/265918"}],"wp:attachment":[{"href":"https:\/\/www.europesays.com\/lt\/wp-json\/wp\/v2\/media?parent=265917"}],"wp:term":[{"taxonomy":"category","embeddable":true,"href":"https:\/\/www.europesays.com\/lt\/wp-json\/wp\/v2\/categories?post=265917"},{"taxonomy":"post_tag","embeddable":true,"href":"https:\/\/www.europesays.com\/lt\/wp-json\/wp\/v2\/tags?post=265917"}],"curies":[{"name":"wp","href":"https:\/\/api.w.org\/{rel}","templated":true}]}}