{"id":265921,"date":"2026-08-31T22:00:11","date_gmt":"2026-08-31T22:00:11","guid":{"rendered":"https:\/\/www.europesays.com\/lt\/265921\/"},"modified":"2026-08-31T22:00:11","modified_gmt":"2026-08-31T22:00:11","slug":"akiplesiska-vagyste-ieskomas-porsche-vairuotojas-pavoges-degalu-uz-145-eurus-tv3-lt","status":"publish","type":"post","link":"https:\/\/www.europesays.com\/lt\/265921\/","title":{"rendered":"Akipl\u0117\u0161i\u0161ka vagyst\u0117: ie\u0161komas \u201ePorsche\u201c vairuotojas, pavog\u0119s degal\u0173 u\u017e 145 eurus &#8211; tv3.lt"},"content":{"rendered":"<ol>\n<li><a href=\"https:\/\/news.google.com\/rss\/articles\/CBMivgFBVV95cUxPRlNaVFVBbDRUbXprMDlmMF94Y2M2TXd4T19pQXVpNHFXczBCTWpEVVZJb2VXQ2dPQW9MWjZSV1Bxb1BieUxwRzlTYXBockFZRDhPcDl4UTg2SFRfdHNlWGRTMUFlcVRGWEQyNTlfdG8tTVlOMkNqdTM5TFJXTzhCRHF2dGltal9MOURiMFJBXzBDeVpKTDRsRGkxb1paX21xN1JKVElGbHEtaUdoOFJhZmdfNzdiNk1SUnlBaGRR?oc=5\" target=\"_blank\" rel=\"nofollow noopener\">Akipl\u0117\u0161i\u0161ka vagyst\u0117: ie\u0161komas \u201ePorsche\u201c vairuotojas, pavog\u0119s degal\u0173 u\u017e 145 eurus<\/a>&nbsp;&nbsp;tv3.lt<\/li>\n<li><a href=\"https:\/\/news.google.com\/rss\/articles\/CBMi5AFBVV95cUxOUkQtVkhhM0hqYlBmeFpFUlVHWjBTSndfakdBaExmZU5iTzZzVFZ3eFZ4ZGwySHhFeXFwOFNibFJDNkFjeFRKTlo1Zy1zZUE2akhVVm1yRktEN1NhNm5sUk9ta2VSV1ljTEN4WDhyRWNWa1UwVjR6QWdoMDVLQ0FhSTg4UzFScEt6R0dRX1pieUwyQ3pESGlmRklDM3lxUndDMnlwZG5ZcnoxSGlvWFZYYnpUc2h6eDhKZWYwQ2hsenF0WE9wNERZdU54THpvbmdQdVFZMFdnVXdwZHY1Y1NZT1lUUDE?oc=5\" target=\"_blank\" rel=\"nofollow noopener\">Vogti kuro vyras \u012f degalin\u0119 atva\u017eiavo prabangiu \u201ePorshe\u201c \u2013 policija pra\u0161o pagalbos<\/a>&nbsp;&nbsp;Lrytas<\/li>\n<li><a href=\"https:\/\/news.google.com\/rss\/articles\/CBMiqAFBVV95cUxNemRxX2l4eFVZeHFvaDllTmJCSVFLMGc5LWFBOG5FREVaRU1NV3ZoWHNPWTJ6NWxMWGtRWmZzazZ3dHVlVEFEbzRIUDNvcEFmbUhnMjVJSDNObWxKUDk0UjRNN0x4eC1FdUNiX3Z4dzdRNWRCTHZUeFE0dFpNTEpnenNIOVZRdEVaQ2lvZk9rclo0b2NFMVJqZFNlMW5mMTJneHI1UG5lUU4?oc=5\" target=\"_blank\" rel=\"nofollow noopener\">Policija ie\u0161ko \u201ePorsche\u201c vairuotojo<\/a>&nbsp;&nbsp;15min.lt<\/li>\n<li><a href=\"https:\/\/news.google.com\/rss\/articles\/CBMitwFBVV95cUxOQXVRS1REeDUxbC03Q0ZlRjItdnZvbnQ4b0RuNHhyLXN3bTA1R3E3RzJldUFtbk9UWUlPenhMRy1qNzZGamNZX2xtREMxQlltZlVkM0luWkhqdUE0SGFlVEFTcVBCdThfWXExQjJvUnNWX2NqNHNwY3ZPMDFOMDVuaHBfX0NvVThPaklDb3FCNkMyYjJJLTlvTHliVGgyN0hWYy1KTlV0N2c5OXlMUmZiWUpIQU5fczg?oc=5\" target=\"_blank\" rel=\"nofollow noopener\">Alytaus policija tiria vagyst\u0119: degalai nebuvo dalijami u\u017e dyk\u0105<\/a>&nbsp;&nbsp;KaunoDiena.lt<\/li>\n<li><a href=\"https:\/\/news.google.com\/rss\/articles\/CBMisgFBVV95cUxQOHQ3dWllYktmV2ZrdktwY21CLWdCSmo0dlNvRFZIOVMxcHQ2R2xnOWVBWlFITzE1dk9Pd0pWc1FMbDdMQ2doYU1BYXI1eXZUSEpYZzJMRTg4R1E5R3lVdW5acTBzRGVlUzJ6NlRlVUZpbGRyNFh6dEt3amxLWWxfODJWVFppTUhOMGo3VkV0M0ptZTBYS0V1cVR3cFNwNkoycGQxN0FYR1VnbUxpTkZ5T3BB?oc=5\" target=\"_blank\" rel=\"nofollow noopener\">Dauguose i\u0161 degalin\u0117s pasisavinta degal\u0173 u\u017e daugiau nei 145 eurus \u2013 policija pra\u0161o atpa\u017einti vyr\u0105<\/a>&nbsp;&nbsp;fm99.lt<\/li>\n<\/ol>\n","protected":false},"excerpt":{"rendered":"Akipl\u0117\u0161i\u0161ka vagyst\u0117: ie\u0161komas \u201ePorsche\u201c vairuotojas, pavog\u0119s degal\u0173 u\u017e 145 eurus&nbsp;&nbsp;tv3.lt Vogti kuro vyras \u012f degalin\u0119 atva\u017eiavo prabangiu \u201ePorshe\u201c&hellip;\n","protected":false},"author":2,"featured_media":265922,"comment_status":"","ping_status":"","sticky":false,"template":"","format":"standard","meta":{"footnotes":"","_share_on_mastodon":"0"},"categories":[6],"tags":[38576,25,30,31,57,43,34,35,55,48,24,54,51,49,50,32,33,37,39,36,38,40,45,23,22,44,28,29,53,42,56,47,26,27,41,46,58,52],"class_list":["post-265921","post","type-post","status-publish","format-standard","has-post-thumbnail","category-antrastes","tag-2026-08-31-140520","tag-antrastes","tag-breaking-news","tag-breakingnews","tag-daiktai","tag-dienos-kronika","tag-featured-news","tag-featurednews","tag-gatves-tekstai","tag-gyvenimas","tag-headlines","tag-interneto-pievos","tag-keliones","tag-kultura","tag-laisvalaikis","tag-latest-news","tag-latestnews","tag-lietuva","tag-lietuviu","tag-lithuania","tag-lithuanian","tag-lt","tag-mokslas-ir-it","tag-naujienos","tag-news","tag-pasaulis","tag-populiariausios-naujienos","tag-populiariausiosnaujienos","tag-projektai","tag-rinktiniai-tekstai","tag-simtmecio-portalas","tag-sportas","tag-top-stories","tag-topstories","tag-tv3-lt","tag-verslas","tag-video","tag-zaidimai"],"share_on_mastodon":{"url":"","error":"Validation failed: Text character limit of 500 exceeded"},"_links":{"self":[{"href":"https:\/\/www.europesays.com\/lt\/wp-json\/wp\/v2\/posts\/265921","targetHints":{"allow":["GET"]}}],"collection":[{"href":"https:\/\/www.europesays.com\/lt\/wp-json\/wp\/v2\/posts"}],"about":[{"href":"https:\/\/www.europesays.com\/lt\/wp-json\/wp\/v2\/types\/post"}],"author":[{"embeddable":true,"href":"https:\/\/www.europesays.com\/lt\/wp-json\/wp\/v2\/users\/2"}],"replies":[{"embeddable":true,"href":"https:\/\/www.europesays.com\/lt\/wp-json\/wp\/v2\/comments?post=265921"}],"version-history":[{"count":0,"href":"https:\/\/www.europesays.com\/lt\/wp-json\/wp\/v2\/posts\/265921\/revisions"}],"wp:featuredmedia":[{"embeddable":true,"href":"https:\/\/www.europesays.com\/lt\/wp-json\/wp\/v2\/media\/265922"}],"wp:attachment":[{"href":"https:\/\/www.europesays.com\/lt\/wp-json\/wp\/v2\/media?parent=265921"}],"wp:term":[{"taxonomy":"category","embeddable":true,"href":"https:\/\/www.europesays.com\/lt\/wp-json\/wp\/v2\/categories?post=265921"},{"taxonomy":"post_tag","embeddable":true,"href":"https:\/\/www.europesays.com\/lt\/wp-json\/wp\/v2\/tags?post=265921"}],"curies":[{"name":"wp","href":"https:\/\/api.w.org\/{rel}","templated":true}]}}