{"id":265927,"date":"2026-08-31T22:10:03","date_gmt":"2026-08-31T22:10:03","guid":{"rendered":"https:\/\/www.europesays.com\/lt\/265927\/"},"modified":"2026-08-31T22:10:03","modified_gmt":"2026-08-31T22:10:03","slug":"markkanenas-dominavo-taline-o-suomija-sutriuskino-estus","status":"publish","type":"post","link":"https:\/\/www.europesays.com\/lt\/265927\/","title":{"rendered":"Markkanenas dominavo Taline, o Suomija sutriu\u0161kino estus"},"content":{"rendered":"<p>Pasaulio \u010dempionato atrankoje u\u017etikrint\u0105 pergal\u0119 i\u0161kovojo Suomijos (5\/3) rinktin\u0117.<\/p>\n<p>Suomiai i\u0161vykoje 96:67 (21:21, 17:14, 28:11, 30:21) sutriu\u0161kino Estijos (3\/5) krep\u0161ininkus.<\/p>\n<p>Po nes\u0117kming\u0173 rungtyni\u0173 su \u0160vedija atsities\u0117 Lauri Markkanenas. Jis per 25,5 minut\u0117s peln\u0117 21 ta\u0161k\u0105 (3\/8 dvit., 3\/5 trit., 6\/8 baud.), atkovojo 10 kamuoli\u0173, atliko 2 rezultatyvius perdavimus ir blokavo 2 metimus. L. Markkanenas surinko 26 naudingumo balus.<\/p>\n<p>Rungtyni\u0173 l\u016b\u017eis \u012fvyko po ilgosios pertraukos. Suomiai tre\u010di\u0105j\u012f k\u0117lin\u012f laim\u0117jo 28:11 ir prie\u0161 lemiamas de\u0161imt minu\u010di\u0173 susikrov\u0117 20 ta\u0161k\u0173 persvar\u0105 \u2013 66:46.<\/p>\n<p>Nugal\u0117tojams Olivieris Nkamhoua peln\u0117 18 ta\u0161k\u0173, atkovojo 8 kamuolius ir atliko 4 rezultatyvius perdavimus. Edonas Maxhuni taip pat surinko 18 ta\u0161k\u0173, o Miro Little\u2019as prid\u0117jo 15.<\/p>\n<p>Estijos rinktin\u0117je rezultatyviausias buvo Kristianas Kullamae. Jis peln\u0117 15 ta\u0161k\u0173, atkovojo 4 kamuolius ir atliko 5 rezultatyvius perdavimus.<\/p>\n<p>Nes\u0117kmingai pasirod\u0117 Klaip\u0117dos \u201eNept\u016bno\u201c naujokas Henri Drellas. Jis per 16 minu\u010di\u0173 peln\u0117 2 ta\u0161kus (1\/6 dvit., 0\/4 trit.), atkovojo 3 kamuolius, atliko 3 rezultatyvius perdavimus ir surinko -4 naudingumo balus.<\/p>\n<p>Po \u0161ios pergal\u0117s Suomija L grup\u0117je pakilo \u012f antr\u0105j\u0105 viet\u0105, o Estija smuktel\u0117jo \u012f penkt\u0105j\u0105. \u012e 2027 met\u0173 pasaulio \u010dempionat\u0105 pateks trys geriausios grup\u0117s rinktin\u0117s.<\/p>\n<p>                                                                    <a href=\"https:\/\/www.sportas.lt\/naujiena\/548205\/mailto:info@sportas.lt\" rel=\"nofollow noopener\" target=\"_blank\">info@sportas.lt<\/a><\/p>\n<p>Naujien\u0173 portalo sportas.lt informacij\u0105 atgaminti visuomen\u0117s informavimo priemon\u0117se bei interneto tinklalapiuose be ra\u0161ti\u0161ko sutikimo draud\u017eiama.<\/p>\n","protected":false},"excerpt":{"rendered":"Pasaulio \u010dempionato atrankoje u\u017etikrint\u0105 pergal\u0119 i\u0161kovojo Suomijos (5\/3) rinktin\u0117. Suomiai i\u0161vykoje 96:67 (21:21, 17:14, 28:11, 30:21) sutriu\u0161kino Estijos&hellip;\n","protected":false},"author":2,"featured_media":265928,"comment_status":"","ping_status":"","sticky":false,"template":"","format":"standard","meta":{"footnotes":"","_share_on_mastodon":"0"},"categories":[19],"tags":[57,43,55,48,54,51,49,50,37,39,36,38,40,45,23,44,53,42,56,47,112,104,46,58,52],"class_list":["post-265927","post","type-post","status-publish","format-standard","has-post-thumbnail","category-sportas","tag-daiktai","tag-dienos-kronika","tag-gatves-tekstai","tag-gyvenimas","tag-interneto-pievos","tag-keliones","tag-kultura","tag-laisvalaikis","tag-lietuva","tag-lietuviu","tag-lithuania","tag-lithuanian","tag-lt","tag-mokslas-ir-it","tag-naujienos","tag-pasaulis","tag-projektai","tag-rinktiniai-tekstai","tag-simtmecio-portalas","tag-sportas","tag-sportas-lt","tag-sports","tag-verslas","tag-video","tag-zaidimai"],"share_on_mastodon":{"url":"https:\/\/pubeurope.com\/@lt\/117192413916451769","error":""},"_links":{"self":[{"href":"https:\/\/www.europesays.com\/lt\/wp-json\/wp\/v2\/posts\/265927","targetHints":{"allow":["GET"]}}],"collection":[{"href":"https:\/\/www.europesays.com\/lt\/wp-json\/wp\/v2\/posts"}],"about":[{"href":"https:\/\/www.europesays.com\/lt\/wp-json\/wp\/v2\/types\/post"}],"author":[{"embeddable":true,"href":"https:\/\/www.europesays.com\/lt\/wp-json\/wp\/v2\/users\/2"}],"replies":[{"embeddable":true,"href":"https:\/\/www.europesays.com\/lt\/wp-json\/wp\/v2\/comments?post=265927"}],"version-history":[{"count":0,"href":"https:\/\/www.europesays.com\/lt\/wp-json\/wp\/v2\/posts\/265927\/revisions"}],"wp:featuredmedia":[{"embeddable":true,"href":"https:\/\/www.europesays.com\/lt\/wp-json\/wp\/v2\/media\/265928"}],"wp:attachment":[{"href":"https:\/\/www.europesays.com\/lt\/wp-json\/wp\/v2\/media?parent=265927"}],"wp:term":[{"taxonomy":"category","embeddable":true,"href":"https:\/\/www.europesays.com\/lt\/wp-json\/wp\/v2\/categories?post=265927"},{"taxonomy":"post_tag","embeddable":true,"href":"https:\/\/www.europesays.com\/lt\/wp-json\/wp\/v2\/tags?post=265927"}],"curies":[{"name":"wp","href":"https:\/\/api.w.org\/{rel}","templated":true}]}}