{"id":265931,"date":"2026-08-31T22:51:15","date_gmt":"2026-08-31T22:51:15","guid":{"rendered":"https:\/\/www.europesays.com\/lt\/265931\/"},"modified":"2026-08-31T22:51:15","modified_gmt":"2026-08-31T22:51:15","slug":"tau-visada-busiu-pries-akis-kaune-kilo-drama-po-skyrybu-zenge-beprotiska-zingsni","status":"publish","type":"post","link":"https:\/\/www.europesays.com\/lt\/265931\/","title":{"rendered":"\u201eTau visada b\u016bsiu prie\u0161 akis\u201c \u2013 Kaune kilo drama: po skyryb\u0173 \u017eeng\u0117 beproti\u0161k\u0105 \u017eingsn\u012f"},"content":{"rendered":"\n<p style=\"text-align:justify\">Kaltinamasis Darius (visi vardai straipsnyje pakeisti \u2013 aut. past.) savo kalt\u0119 pripa\u017eino, o Marijampol\u0117s apylink\u0117s teismas jam skyr\u0117 6 m\u0117nesi\u0173 laisv\u0117s apribojim\u0105 bei \u012fpareigojo atlyginti padaryt\u0105 turtin\u0119 ir neturtin\u0119 \u017eal\u0105.<\/p>\n<p style=\"text-align:justify\">Pirmas incidentas \u012fvyko 2025 m. gegu\u017e\u0117s 27-osios nakt\u012f Kaune. Darius perlipo skardin\u0119 tvor\u0105 ir pateko \u012f jo buvusios sugyventin\u0117s Evelinos s\u016bnui Mariui priklausan\u010dio namo teritorij\u0105.<\/p>\n<p style=\"text-align:justify\">Tuo metu vyras jau buvo nepageidaujamas tuose namuose. Evelina teisme pasakojo, kad po konflikto papra\u0161\u0117 jo i\u0161eiti ir u\u017edraud\u0117 gr\u012f\u017eti.<\/p>\n<p>     Tvor\u0105 perlipo dar kart\u0105 <\/p>\n<p style=\"text-align:justify\">Konfliktas tuo nesibaig\u0117. Liepos 15-osios nakt\u012f Darius atsid\u016br\u0117 kitame Evelinai priklausan\u010diame sklype Kauno rajone.<\/p>\n<p style=\"text-align:justify\">Ten jis i\u0161dau\u017e\u0117 sodo namelio lang\u0105 ir per j\u012f pateko \u012f vid\u0173. Vaizdo kamera u\u017efiksavo, kaip vyras lipa pro lang\u0105, o burnoje laiko \u017eibintuv\u0117l\u012f. Pasteb\u0117j\u0119s kamer\u0105 jis sutriko, ta\u010diau vis tiek \u012fsibrov\u0117 \u012f patalp\u0105.<\/p>\n<p style=\"text-align:justify\">I\u0161 namelio niekas nedingo. Vis d\u0117lto, Evelina policijai nurod\u0117, kad buvusio sugyventinio elgesys j\u0105 g\u0105sdino ir, jos vertinimu, buvo susij\u0119s su j\u0173 i\u0161siskyrimu.<\/p>\n<p style=\"text-align:justify\">T\u0105 pa\u010di\u0105 dien\u0105 apie 12.40 val. Darius v\u0117l pasirod\u0117 prie Mariaus namo Kaune. Jis perlipo ir apgadino skardin\u0119 tvor\u0105 bei pateko \u012f priva\u010di\u0105 teritorij\u0105.<\/p>\n<p> \u017dinut\u0117se \u2013 grasinantis tonas <\/p>\n<p style=\"text-align:justify\">Byloje buvo pateiktas ir buvusi\u0173 sugyventini\u0173 susira\u0161in\u0117jimas. Evelina Dariui para\u0161\u0117: \u201eOk gal\u0117si policijoj ai\u0161kintis.\u201c<\/p>\n<p style=\"text-align:justify\">Vyras atsak\u0117: \u201eTau visada b\u016bsiu prie\u0161 akis \u2013 nori tu to ar nenori.\u201c. V\u0117liau moteris para\u0161\u0117: \u201eDar tik \u012f\u017eenk \u012f sod\u0105\u201c, o Darius atra\u0161\u0117: \u201ePolicijoj jau tu gal\u0117si ai\u0161kintis.\u201c<\/p>\n<p style=\"text-align:justify\">Teisme Darius kalt\u0119 pripa\u017eino visi\u0161kai. Jis ai\u0161kino, kad su Evelina gyveno kartu, ta\u010diau po konflikto buvo i\u0161pra\u0161ytas i\u0161 nam\u0173. Pasak jo, dal\u012f savo daikt\u0173 i\u0161sive\u017e\u0117, kitus paliko.<\/p>\n<p style=\"text-align:justify\">Vyras pripa\u017eino, kad gegu\u017e\u0119 perlipo tvor\u0105, o liep\u0105 pateko ir \u012f sodo namel\u012f. Jis sak\u0117 suprat\u0119s, kad \u012f priva\u010di\u0105 teritorij\u0105 patenka prie\u0161 savinink\u0173 vali\u0105.<\/p>\n<p> Moteris kalb\u0117jo apie nesaugumo jausm\u0105 <\/p>\n<p style=\"text-align:justify\">Evelina teisme nurod\u0117, kad po i\u0161siskyrimo jaut\u0117si nesaugi. Ji pasakojo buvusi ilgai persekiojama, d\u0117l to ra\u0161iusi parei\u0161kimus policijai, o buv\u0119s sugyventinis es\u0105 ra\u0161in\u0117jo ir jos aplinkos \u017emon\u0117ms.<\/p>\n<p style=\"text-align:justify\">Moteris ai\u0161kino, kad psichologin\u0117 \u012ftampa t\u0119s\u0117si kelis m\u0117nesius. Jai teko vartoti vaistus, o \u012fsibrovimai \u012f jai ir s\u016bnui priklausan\u010dias teritorijas dar labiau sustiprino nerim\u0105.<\/p>\n<p style=\"text-align:justify\">Teismas nustat\u0117, kad d\u0117l apgadintos tvoros Mariui padaryta 400 eur\u0173 turtin\u0117 \u017eala. Evelina pra\u0161\u0117 2 t\u016bkst. eur\u0173 neturtin\u0117s \u017ealos atlyginimo, ta\u010diau teismas \u0161i\u0105 sum\u0105 suma\u017eino iki 1 t\u016bkst. eur\u0173.<\/p>\n<p>         Kalt\u0119 pripa\u017eino, bausm\u0119 suma\u017eino <\/p>\n<p style=\"text-align:justify\">Skirdamas bausm\u0119 teismas \u012fvertino, kad Darius kalt\u0119 pripa\u017eino ir nuo\u0161ird\u017eiai gail\u0117josi. Atsakomyb\u0119 sunkinan\u010di\u0173 aplinkybi\u0173 nenustatyta.<\/p>\n<p style=\"text-align:justify\">Vis d\u0117lto, teismas atsi\u017evelg\u0117 ir \u012f tai, kad vyras neteis\u0117tai \u012f priva\u010dias teritorijas pateko ne vien\u0105 kart\u0105. Nusikalstamos veikos buvo t\u0119stin\u0117s, o vienu atveju jis i\u0161dau\u017e\u0117 lang\u0105, kitu \u2013 apgadino tvor\u0105.<\/p>\n<p style=\"text-align:justify\">Kadangi byla i\u0161nagrin\u0117ta sutrumpinto \u012frodym\u0173 tyrimo tvarka, paskirta 9 m\u0117nesi\u0173 laisv\u0117s apribojimo bausm\u0117 suma\u017einta tre\u010ddaliu.<\/p>\n<p style=\"text-align:justify\">Galutinai Dariui skirti 6 m\u0117nesiai laisv\u0117s apribojimo. Jis \u012fpareigotas dalyvauti elgesio pataisos programoje.<\/p>\n<p style=\"text-align:justify\">I\u0161 jo taip pat priteista 2,8 t\u016bkst. eur\u0173 Evelinos advokato i\u0161laidoms padengti. Nuosprendis per 20 dien\u0173 nuo jo paskelbimo dienos gali b\u016bti skund\u017eiamas Kauno apygardos teismui.<\/p>\n<p>\n                                        \u0160altinis:<br \/>\n                                                                                    tv3.lt\n                                                                                <\/p>\n<p>Kvie\u010diame atrasti nauj\u0105 tv3.lt turin\u012f! Nuo \u0161iol portale j\u016bs\u0173 laukia ne tik <a href=\"https:\/\/www.tv3.lt\/testai\" rel=\"nofollow noopener\" target=\"_blank\">kasdien nauji testai<\/a>, bet ir <a href=\"https:\/\/www.tv3.lt\/kryziazodziai\" rel=\"nofollow noopener\" target=\"_blank\">kry\u017eia\u017eod\u017eiai <\/a>\u2013 i\u0161bandykite savo \u017einias, spr\u0119skite ir smagiai praleiskite laik\u0105. <\/p>\n","protected":false},"excerpt":{"rendered":"Kaltinamasis Darius (visi vardai straipsnyje pakeisti \u2013 aut. past.) savo kalt\u0119 pripa\u017eino, o Marijampol\u0117s apylink\u0117s teismas jam skyr\u0117&hellip;\n","protected":false},"author":2,"featured_media":265932,"comment_status":"","ping_status":"","sticky":false,"template":"","format":"standard","meta":{"footnotes":"","_share_on_mastodon":"0"},"categories":[13],"tags":[38577,25,30,31,57,43,34,35,55,48,24,54,51,49,50,32,33,37,39,36,38,40,45,23,22,44,28,29,53,42,56,47,26,27,41,46,58,52],"class_list":["post-265931","post","type-post","status-publish","format-standard","has-post-thumbnail","category-lietuva","tag-2026-08-31-204000","tag-antrastes","tag-breaking-news","tag-breakingnews","tag-daiktai","tag-dienos-kronika","tag-featured-news","tag-featurednews","tag-gatves-tekstai","tag-gyvenimas","tag-headlines","tag-interneto-pievos","tag-keliones","tag-kultura","tag-laisvalaikis","tag-latest-news","tag-latestnews","tag-lietuva","tag-lietuviu","tag-lithuania","tag-lithuanian","tag-lt","tag-mokslas-ir-it","tag-naujienos","tag-news","tag-pasaulis","tag-populiariausios-naujienos","tag-populiariausiosnaujienos","tag-projektai","tag-rinktiniai-tekstai","tag-simtmecio-portalas","tag-sportas","tag-top-stories","tag-topstories","tag-tv3-lt","tag-verslas","tag-video","tag-zaidimai"],"share_on_mastodon":{"url":"","error":"Validation failed: Text character limit of 500 exceeded"},"_links":{"self":[{"href":"https:\/\/www.europesays.com\/lt\/wp-json\/wp\/v2\/posts\/265931","targetHints":{"allow":["GET"]}}],"collection":[{"href":"https:\/\/www.europesays.com\/lt\/wp-json\/wp\/v2\/posts"}],"about":[{"href":"https:\/\/www.europesays.com\/lt\/wp-json\/wp\/v2\/types\/post"}],"author":[{"embeddable":true,"href":"https:\/\/www.europesays.com\/lt\/wp-json\/wp\/v2\/users\/2"}],"replies":[{"embeddable":true,"href":"https:\/\/www.europesays.com\/lt\/wp-json\/wp\/v2\/comments?post=265931"}],"version-history":[{"count":0,"href":"https:\/\/www.europesays.com\/lt\/wp-json\/wp\/v2\/posts\/265931\/revisions"}],"wp:featuredmedia":[{"embeddable":true,"href":"https:\/\/www.europesays.com\/lt\/wp-json\/wp\/v2\/media\/265932"}],"wp:attachment":[{"href":"https:\/\/www.europesays.com\/lt\/wp-json\/wp\/v2\/media?parent=265931"}],"wp:term":[{"taxonomy":"category","embeddable":true,"href":"https:\/\/www.europesays.com\/lt\/wp-json\/wp\/v2\/categories?post=265931"},{"taxonomy":"post_tag","embeddable":true,"href":"https:\/\/www.europesays.com\/lt\/wp-json\/wp\/v2\/tags?post=265931"}],"curies":[{"name":"wp","href":"https:\/\/api.w.org\/{rel}","templated":true}]}}