{"id":265933,"date":"2026-08-31T22:54:06","date_gmt":"2026-08-31T22:54:06","guid":{"rendered":"https:\/\/www.europesays.com\/lt\/265933\/"},"modified":"2026-08-31T22:54:06","modified_gmt":"2026-08-31T22:54:06","slug":"savaites-horoskopas-rugpjucio-27-d-rugsejo-2-d-menulio-uztemimas-zuvyse-griaus-senus-pamatus-15min-lt","status":"publish","type":"post","link":"https:\/\/www.europesays.com\/lt\/265933\/","title":{"rendered":"Savait\u0117s horoskopas (rugpj\u016b\u010dio 27 d. \u2013 rugs\u0117jo 2 d.): M\u0117nulio u\u017etemimas \u017duvyse griaus senus pamatus &#8211; 15min.lt"},"content":{"rendered":"<ol>\n<li><a href=\"https:\/\/news.google.com\/rss\/articles\/CBMi8AFBVV95cUxOUm5ycVF0VFhnOXhYR0hmSVRVa1h6NllWdmNlUFZ3TkMtdEd2NHBNZThTM0hKUFZvTEFtSTNwMGdSWVFIcy16TTFGeWVBVFRPQ2VSX1N1eUViQlR3S25Zd1hkY0RUZHByNW9oUnlFVEZ2RDNiOXZ6aVczUWhDUFRoRy1xUV9LT1U2NVRmMmg5UzVoYjNPMnA4QnM3dGQ5ZmJzeE9od0NGOEtydzRiMWl6dUpNalJObHpOS3JGOWVjZTRPdm9POXRPemlSWWpqT3REdTdYM1JiWVMtU3V4TEhHZkZBaTluYjk4bWl2RlRpbG0?oc=5\" target=\"_blank\" rel=\"nofollow noopener\">Savait\u0117s horoskopas (rugpj\u016b\u010dio 27 d. \u2013 rugs\u0117jo 2 d.): M\u0117nulio u\u017etemimas \u017duvyse griaus senus pamatus<\/a>&nbsp;&nbsp;15min.lt<\/li>\n<li><a href=\"https:\/\/news.google.com\/rss\/articles\/CBMiygFBVV95cUxNYVJUNk1NWWdkQ0tabFl6V2xOWVJHenZBTEE3UTN5aEFmT0U4U2VPNndkUnJPdnBEdTJld29CTVJ5SmVhNHpJUHZ0N2tVXzRZUENwX25XYnBMR3BpanZtOXR6bW1qeWZDUUo4OGVON2FpZmV5dHdodFhSSk5SMU1XOEpEbHlSTVo0Z3RGdXotSW5DRlAyekhqMXRBQXo3SWNzNk9KZThaalVnbDV3eG1RbkFFYWIxNWQ1OFprRVpiY3VCWU1tQWpzVWRB?oc=5\" target=\"_blank\" rel=\"nofollow noopener\">3 Zodiako \u017eenklams \u017evaig\u017ed\u0117s rodo klamp\u0173 ir pavojing\u0105 laik\u0105: nesakykite, kad ne\u012fsp\u0117jo<\/a>&nbsp;&nbsp;tv3.lt<\/li>\n<li><a href=\"https:\/\/news.google.com\/rss\/articles\/CBMizgFBVV95cUxNNE1SRTM4QS1MbVpQN204bjdnOENaeG5FcGh0djBrMlRzYkZrbFgtbXQxWnpqV2YyUXpIcFluV3pZTXZqTE15Qkw1TEJ3Tk5BU1NCLTc4QkJKMXFSS0hpTnhuYVpPTjFRYjllY1pkbWJSckQtd0R0TlRXdjUtZFpVZHQzYnFyQXR6NjZuZVdVYnIxMFVfNFFaa1dVZEllWE5xeXNjc0ljNTBlRm5neVRlRmU5QmY0LW4yMGJldGZFTjRNMmpUZjhka3FvSkU0Zw?oc=5\" target=\"_blank\" rel=\"nofollow noopener\">Palmira: \u0161ios dienos M\u0117nulio u\u017etemimas pridarys daug problem\u0173<\/a>&nbsp;&nbsp;Lrytas<\/li>\n<li><a href=\"https:\/\/news.google.com\/rss\/articles\/CBMi0wFBVV95cUxQTklrV2g1aV85UnRmZGFZQ1dnaDk0NHdlYUlwTGU3M21MdnJqNjFxcGVCRUFOQm8xam9aWEdKLUJxTl8ydlVtT3RGRC01NURoZHRUNWpuaHJPaFhtUnc2RlpFd1hsYzliaTV2R3pTeDd3ZEk3bnM0UzZmRU1VQWRIRzRjdENWaDFSNG13N0FlY3I4cDhtc2J3UzFSYTM3MV83QURxWmJJbnRWdnRMcDJvdWhSd1JLOTRzSGV0OVNhcmF5bHh2WGw3c3UzWkcxb2x2amNV?oc=5\" target=\"_blank\" rel=\"nofollow noopener\">Rugpj\u016b\u010dio 28-osios horoskopas: 4 \u017eenklams \u017evaig\u017ed\u0117s ruo\u0161ia netik\u0117t\u0105 pos\u016bk\u012f<\/a>&nbsp;&nbsp;15min.lt<\/li>\n<li><a href=\"https:\/\/news.google.com\/rss\/articles\/CBMikAFBVV95cUxOWjdzdGh0LXJIYmZ5bVVOUXVONGZnZ2YwVGdpM2VCT2ZnVGF1U0hhb2g4SVcxWm1ja0hKdllMaHVDSDBtRzhOYnUybWFSY2ZNV180Z0lZcDFadnZMQzZIOXFKdDBxMkVqVmx2LVlWR3ZyNUxPTktjV3RBdVZpYjYxTENhSjJaay05T0V4aTNURmU?oc=5\" target=\"_blank\" rel=\"nofollow noopener\">Trys Zodiako \u017eenklai, kurie \u0161iandien skins savo elgesio vaisius<\/a>&nbsp;&nbsp;Vakar\u0173 ekspresas<\/li>\n<\/ol>\n","protected":false},"excerpt":{"rendered":"Savait\u0117s horoskopas (rugpj\u016b\u010dio 27 d. \u2013 rugs\u0117jo 2 d.): M\u0117nulio u\u017etemimas \u017duvyse griaus senus pamatus&nbsp;&nbsp;15min.lt 3 Zodiako \u017eenklams&hellip;\n","protected":false},"author":2,"featured_media":265934,"comment_status":"","ping_status":"","sticky":false,"template":"","format":"standard","meta":{"footnotes":"","_share_on_mastodon":"0"},"categories":[21],"tags":[113,37,39,36,38,40,114],"class_list":["post-265933","post","type-post","status-publish","format-standard","has-post-thumbnail","category-pramogos","tag-entertainment","tag-lietuva","tag-lietuviu","tag-lithuania","tag-lithuanian","tag-lt","tag-pramogos"],"share_on_mastodon":{"url":"https:\/\/pubeurope.com\/@lt\/117192587027353468","error":""},"_links":{"self":[{"href":"https:\/\/www.europesays.com\/lt\/wp-json\/wp\/v2\/posts\/265933","targetHints":{"allow":["GET"]}}],"collection":[{"href":"https:\/\/www.europesays.com\/lt\/wp-json\/wp\/v2\/posts"}],"about":[{"href":"https:\/\/www.europesays.com\/lt\/wp-json\/wp\/v2\/types\/post"}],"author":[{"embeddable":true,"href":"https:\/\/www.europesays.com\/lt\/wp-json\/wp\/v2\/users\/2"}],"replies":[{"embeddable":true,"href":"https:\/\/www.europesays.com\/lt\/wp-json\/wp\/v2\/comments?post=265933"}],"version-history":[{"count":0,"href":"https:\/\/www.europesays.com\/lt\/wp-json\/wp\/v2\/posts\/265933\/revisions"}],"wp:featuredmedia":[{"embeddable":true,"href":"https:\/\/www.europesays.com\/lt\/wp-json\/wp\/v2\/media\/265934"}],"wp:attachment":[{"href":"https:\/\/www.europesays.com\/lt\/wp-json\/wp\/v2\/media?parent=265933"}],"wp:term":[{"taxonomy":"category","embeddable":true,"href":"https:\/\/www.europesays.com\/lt\/wp-json\/wp\/v2\/categories?post=265933"},{"taxonomy":"post_tag","embeddable":true,"href":"https:\/\/www.europesays.com\/lt\/wp-json\/wp\/v2\/tags?post=265933"}],"curies":[{"name":"wp","href":"https:\/\/api.w.org\/{rel}","templated":true}]}}