{"id":265935,"date":"2026-08-31T23:00:52","date_gmt":"2026-08-31T23:00:52","guid":{"rendered":"https:\/\/www.europesays.com\/lt\/265935\/"},"modified":"2026-08-31T23:00:52","modified_gmt":"2026-08-31T23:00:52","slug":"kaune-visiskai-girta-pensininke-sukele-avarija","status":"publish","type":"post","link":"https:\/\/www.europesays.com\/lt\/265935\/","title":{"rendered":"Kaune visi\u0161kai girta pensinink\u0117 suk\u0117l\u0117 avarij\u0105"},"content":{"rendered":"<p>Kaip ra\u0161oma Kauno policijos suvestin\u0117je, rugpj\u016b\u010dio 30 d. apie 18 val. Kaune, \u0160iaur\u0117s pr., automobilis \u201eMINI\u201c, vairuojamas neblaivios moters (gim. 1955 m.), kliud\u0117 stovint\u012f automobil\u012f \u201eVolkswagen\u201c.\u00a0<\/p>\n<p>Vairuotojai nustatytas sunkus girtumo laipsnis \u2013 2,54 prom.<\/p>\n<p>Prad\u0117tas ikiteisminis tyrimas d\u0117l vairavimo esant neblaiviam, kai girtumas vir\u0161ija 1,5 prom.<\/p>\n<p>Dar vienas neblaivus vairuotojas t\u0105dien, apie 14.30 val., pri\u010diuptas Nuokaln\u0117s \u2013 Salako g. sankirtoje. Kaip paai\u0161k\u0117jo, automobil\u012f \u201eMercedes-Benz\u201c vairavo neblaivus vyras (gim. 1977 m.). Jam nustatytas vidutinis girtumo laipsnis \u2013 2,14 prom.<\/p>\n","protected":false},"excerpt":{"rendered":"Kaip ra\u0161oma Kauno policijos suvestin\u0117je, rugpj\u016b\u010dio 30 d. apie 18 val. Kaune, \u0160iaur\u0117s pr., automobilis \u201eMINI\u201c, vairuojamas neblaivios&hellip;\n","protected":false},"author":2,"featured_media":265936,"comment_status":"","ping_status":"","sticky":false,"template":"","format":"standard","meta":{"footnotes":"","_share_on_mastodon":"0"},"categories":[13],"tags":[25,30,31,34,35,24,32,33,37,39,36,38,40,23,22,28,29,26,27],"class_list":["post-265935","post","type-post","status-publish","format-standard","has-post-thumbnail","category-lietuva","tag-antrastes","tag-breaking-news","tag-breakingnews","tag-featured-news","tag-featurednews","tag-headlines","tag-latest-news","tag-latestnews","tag-lietuva","tag-lietuviu","tag-lithuania","tag-lithuanian","tag-lt","tag-naujienos","tag-news","tag-populiariausios-naujienos","tag-populiariausiosnaujienos","tag-top-stories","tag-topstories"],"share_on_mastodon":{"url":"https:\/\/pubeurope.com\/@lt\/117192614568965671","error":""},"_links":{"self":[{"href":"https:\/\/www.europesays.com\/lt\/wp-json\/wp\/v2\/posts\/265935","targetHints":{"allow":["GET"]}}],"collection":[{"href":"https:\/\/www.europesays.com\/lt\/wp-json\/wp\/v2\/posts"}],"about":[{"href":"https:\/\/www.europesays.com\/lt\/wp-json\/wp\/v2\/types\/post"}],"author":[{"embeddable":true,"href":"https:\/\/www.europesays.com\/lt\/wp-json\/wp\/v2\/users\/2"}],"replies":[{"embeddable":true,"href":"https:\/\/www.europesays.com\/lt\/wp-json\/wp\/v2\/comments?post=265935"}],"version-history":[{"count":0,"href":"https:\/\/www.europesays.com\/lt\/wp-json\/wp\/v2\/posts\/265935\/revisions"}],"wp:featuredmedia":[{"embeddable":true,"href":"https:\/\/www.europesays.com\/lt\/wp-json\/wp\/v2\/media\/265936"}],"wp:attachment":[{"href":"https:\/\/www.europesays.com\/lt\/wp-json\/wp\/v2\/media?parent=265935"}],"wp:term":[{"taxonomy":"category","embeddable":true,"href":"https:\/\/www.europesays.com\/lt\/wp-json\/wp\/v2\/categories?post=265935"},{"taxonomy":"post_tag","embeddable":true,"href":"https:\/\/www.europesays.com\/lt\/wp-json\/wp\/v2\/tags?post=265935"}],"curies":[{"name":"wp","href":"https:\/\/api.w.org\/{rel}","templated":true}]}}