{"id":265937,"date":"2026-08-31T23:13:19","date_gmt":"2026-08-31T23:13:19","guid":{"rendered":"https:\/\/www.europesays.com\/lt\/265937\/"},"modified":"2026-08-31T23:13:19","modified_gmt":"2026-08-31T23:13:19","slug":"rugsejo-1-osios-horoskopas-itempta-ryta-keis-ryztingiems-veiksmams-palanki-diena-gyvenimas","status":"publish","type":"post","link":"https:\/\/www.europesays.com\/lt\/265937\/","title":{"rendered":"Rugs\u0117jo 1-osios horoskopas: \u012ftempt\u0105 ryt\u0105 keis ry\u017etingiems veiksmams palanki diena | Gyvenimas"},"content":{"rendered":"<p>Dienai \u012fsib\u0117g\u0117jus atmosfera keisis. Merkurijaus ir Marso s\u0105veika suteiks daugiau ry\u017eto, ai\u0161kumo ir noro veikti. Bus lengviau i\u0161sakyti savo mintis, priimti sprendimus, spr\u0119sti u\u017esit\u0119susias problemas ir pagaliau imtis to, kas kur\u012f laik\u0105 buvo atid\u0117liojama.<\/p>\n<p>Tiesa, tiesumas \u0161iandien gali b\u016bti ir privalumas, ir tr\u016bkumas \u2013 verta pagalvoti ne tik apie tai, k\u0105 sakome, bet ir kaip m\u016bs\u0173 \u017eod\u017eius i\u0161girs kiti.<\/p>\n<p>Su\u017einokite, k\u0105 \u017evaig\u017ed\u0117s \u0161iandien \u017eada kiekvienam Zodiako \u017eenklui.<\/p>\n<p>  Avinas <a href=\"https:\/\/s1.15min.lt\/images\/photos\/2025\/03\/21\/original\/avinas_1920x1080-67dd5f03a7997.jpg\" rel=\"content-image nofollow noopener\" title=\"15min nuotr.\/Avinas\" target=\"_blank\"><img decoding=\"async\" alt=\"15min nuotr.\/Avinas\" rel=\"content-image\" src=\"https:\/\/www.europesays.com\/lt\/wp-content\/uploads\/2026\/08\/1788217995_359_avinas_1920x1080-67dd5f03a7997.jpg\" style=\"width: auto; height: auto;\"\/><\/a> <\/p>\n<p>15min nuotr.\/Avinas<\/p>\n<p>Ryte j\u016bs\u0173 \u012fprast\u0105 ritm\u0105 gali kiek sujaukti abejon\u0117s, nerimas ar tiesiog netinkamai pasirinktas laikas. Emocin\u0117 \u012ftampa gali paveikti bendravim\u0105 ir geb\u0117jim\u0105 susikaupti, tod\u0117l pasistenkite pernelyg ne\u012fklimpti \u012f smulkmenas. Kelias link norimo rezultato \u0161iandien neb\u016btinai bus tiesus.<\/p>\n<p>Dienai \u012fsib\u0117g\u0117jus mintys taps gerokai ai\u0161kesn\u0117s. Atsiras ry\u017eto ne tik kalb\u0117ti apie savo sumanymus, bet ir prad\u0117ti juos \u012fgyvendinti. Tik pasisaugokite pernelyg tiesaus tono \u2013 tai, kas jums atrodo nuo\u0161irdu, kitam gali nuskamb\u0117ti per grie\u017etai.<\/p>\n<p>Ypa\u010d palanki diena spr\u0119sti su \u0161eima, namais, sveikata ar darbu susijusius klausimus.<\/p>\n<p> Jautis <a href=\"https:\/\/s1.15min.lt\/images\/photos\/2025\/03\/21\/original\/jautis_1920x1080-67dd5f050c547.jpg\" rel=\"content-image nofollow noopener\" title=\"15min nuotr.\/Jautis\" target=\"_blank\"><img decoding=\"async\" alt=\"15min nuotr.\/Jautis\" rel=\"content-image\" src=\"https:\/\/www.europesays.com\/lt\/wp-content\/uploads\/2026\/08\/1788217996_78_jautis_1920x1080-67dd5f050c547.jpg\" style=\"width: auto; height: auto;\"\/><\/a> <\/p>\n<p>15min nuotr.\/Jautis<\/p>\n<p>Pirmoji kalendorinio rudens diena prasid\u0117s nekaip: galimi bendravimo nesklandumai ar nedideli v\u0117lavimai. Galite pasijusti nesuprasti arba patys ne visai tiksliai i\u0161sakyti tai, k\u0105 tur\u0117jote omenyje. Neskub\u0117kite priimti sprendimo vien tam, kad klausimas b\u016bt\u0173 kuo grei\u010diau u\u017ebaigtas. \u0160iandien naudingiau koreguoti ir tobulinti tai, kas jau prad\u0117ta, nei imtis radikali\u0173 permain\u0173.<\/p>\n<p>V\u0117liau pasitik\u0117jimas savimi sugr\u012f\u0161, o sprendimai taps greitesni ir prakti\u0161kesni. Puikus metas sutvarkyti reikalus, i\u0161siai\u0161kinti neai\u0161ki\u0105 situacij\u0105 ar pajudinti \u012fstrigus\u012f projekt\u0105. Papildom\u0105 energijos antpl\u016bd\u012f panaudokite problemoms spr\u0119sti ir atsikratyti to, kas j\u016bs\u0173 gyvenime tapo nereikalinga na\u0161ta.<\/p>\n<p> Dvyniai <a href=\"https:\/\/s1.15min.lt\/images\/photos\/2025\/03\/21\/original\/dvyniai_1920x1080-67dd5f0462cd6.jpg\" rel=\"content-image nofollow noopener\" title=\"15min nuotr.\/Dvyniai\" target=\"_blank\"><img decoding=\"async\" alt=\"15min nuotr.\/Dvyniai\" rel=\"content-image\" src=\"https:\/\/www.europesays.com\/lt\/wp-content\/uploads\/2026\/08\/1788217996_439_dvyniai_1920x1080-67dd5f0462cd6.jpg\" style=\"width: auto; height: auto;\"\/><\/a> <\/p>\n<p>15min nuotr.\/Dvyniai<\/p>\n<p>Ryte gali kilti \u0161iokia tokia \u012ftampa \u0161eimoje ar tarp draug\u0173. J\u016bs\u0173 \u017eod\u017eiai gali b\u016bti suprasti ne taip, kaip tik\u0117jot\u0117s, o artimas \u017emogus gali pasirodyti sunkiai \u012ftikinamas ar nepatenkintas. Abejon\u0117s apsunkins galutin\u012f apsisprendim\u0105, tod\u0117l neskub\u0117kite rinktis vienos pus\u0117s.<\/p>\n<p>Kantryb\u0117 ir lankstumas \u0161iandien bus geriausi j\u016bs\u0173 s\u0105jungininkai. V\u0117liau situacija gerokai pager\u0117s \u2013 atsiras daugiau energijos, entuziazmo ir pasitik\u0117jimo savo mintimis. Gal\u0117site kalb\u0117ti atvirai, imtis iniciatyvos ir dirbti savo tempu. Tinkamas metas spr\u0119sti tiek asmeninius, tiek profesinius klausimus.<\/p>\n<p>  V\u0117\u017eys  <a href=\"https:\/\/s1.15min.lt\/images\/photos\/2025\/03\/21\/original\/vezys_1920x1080-67dd5f0bc84b1.jpg\" rel=\"content-image nofollow noopener\" title=\"15min nuotr.\/V\u0117\u017eys\" target=\"_blank\"><img decoding=\"async\" alt=\"15min nuotr.\/V\u0117\u017eys\" rel=\"content-image\" src=\"https:\/\/www.europesays.com\/lt\/wp-content\/uploads\/2026\/08\/1788217997_126_vezys_1920x1080-67dd5f0bc84b1.jpg\" style=\"width: auto; height: auto;\"\/><\/a> <\/p>\n<p>15min nuotr.\/V\u0117\u017eys<\/p>\n<p>Dienos prad\u017eioje b\u016bkite atidesni bendraudami. Net nekaltas komentaras gali b\u016bti suprastas kaip kritika, tod\u0117l prie\u0161 k\u0105 nors pasakydami pagalvokite, kaip tai gali nuskamb\u0117ti kitam \u017emogui. Priimti galutin\u012f sprendim\u0105 taip pat gali b\u016bti sunkiau \u2013 kol kas jums gali tr\u016bkti visos reikalingos informacijos.<\/p>\n<p>\u0160iandien gali kilti \u012fdomi\u0173 id\u0117j\u0173, o j\u016bs\u0173 geb\u0117jimas paveikti kitus bus stipresnis nei \u012fprastai. Tai, k\u0105 pasakysite ar padarysite, gali atverti netik\u0117t\u0105 galimyb\u0119. Taip pat galb\u016bt labiau nor\u0117sis veikti, nei ilgai svarstyti, ir b\u016btent veiksmas gali atne\u0161ti geriausi\u0173 rezultat\u0173.<\/p>\n<p> Li\u016btas <a href=\"https:\/\/s1.15min.lt\/images\/photos\/2025\/03\/21\/original\/liutas_1920x1080-67dd5f06b5714.jpg\" rel=\"content-image nofollow noopener\" title=\"15min nuotr.\/Li\u016btas\" target=\"_blank\"><img decoding=\"async\" alt=\"15min nuotr.\/Li\u016btas\" rel=\"content-image\" src=\"https:\/\/www.europesays.com\/lt\/wp-content\/uploads\/2026\/08\/1788217998_704_liutas_1920x1080-67dd5f06b5714.jpg\" style=\"width: auto; height: auto;\"\/><\/a> <\/p>\n<p>15min nuotr.\/Li\u016btas<\/p>\n<p>Ryte galimi nesusipratimai d\u0117l pinig\u0173, nuomoni\u0173 ar skirting\u0173 \u012fsitikinim\u0173. Vis d\u0117lto neskub\u0117kite to vertinti neigiamai \u2013 sul\u0117t\u0117j\u0119s tempas gali pad\u0117ti pasteb\u0117ti tai, k\u0105 anks\u010diau praleidote. Jei nepavyksta ai\u0161kiai perteikti savo minties, galb\u016bt \u0161iuo metu geriau jos apskritai nei\u0161sakyti.<\/p>\n<p>Dienai \u012fsib\u0117g\u0117jus situacija keisis. Bus lengviau susikaupti, atsirinkti prioritetus ir spr\u0119sti sud\u0117tingus klausimus. J\u016bs\u0173 protas bus a\u0161trus, o geb\u0117jimas rasti i\u0161eit\u012f i\u0161 keblios situacijos \u2013 ypa\u010d stiprus.<\/p>\n<p>Tai tinkamas metas imtis problemos, kuri anks\u010diau atrod\u0117 per daug paini.<\/p>\n<p> Mergel\u0117 <\/p>\n<p>Ryte galite susidurti su nedidele kli\u016btimi, v\u0117lavimu ar plan\u0173 pasikeitimu.<\/p>\n<p>Santyki\u0173 r\u016bpes\u010diai ar kit\u0173 \u017emoni\u0173 reikalavimai gali bla\u0161kyti, ta\u010diau neleiskite jiems i\u0161sekinti j\u016bs\u0173 energijos. Tai, kas \u0161iandien atrodo kaip trukdis, ilgainiui gali paskatinti atlikti labai reikalingus pakeitimus.<\/p>\n<p>Svarbiuose pokalbiuose ir naujuose reikaluose i\u0161 prad\u017ei\u0173 geriau steb\u0117ti situacij\u0105, o ne skub\u0117ti. V\u0117liau nuotaika taps daug lengvesn\u0117.<\/p>\n<p>\u0160iandiena &#8211; puikus metas bendravimui su draugais, naujoms pa\u017eintims ir nuo\u0161ird\u017eiam sav\u0119s i\u0161rei\u0161kimui. Jei \u0161irdis sako, kad verta ka\u017ek\u0105 padaryti spontani\u0161kai, \u0161\u012fkart galite jos paklausyti.<\/p>\n<p> <a href=\"https:\/\/s1.15min.lt\/images\/photos\/2025\/03\/21\/original\/mergele_1920x1080-67dd5f076a2ff.jpg\" rel=\"content-image nofollow noopener\" title=\"15min nuotr.\/Mergel\u0117\" target=\"_blank\"><img decoding=\"async\" alt=\"15min nuotr.\/Mergel\u0117\" rel=\"content-image\" src=\"https:\/\/www.europesays.com\/lt\/wp-content\/uploads\/2026\/08\/1788217999_627_mergele_1920x1080-67dd5f076a2ff.jpg\" style=\"width: auto; height: auto;\"\/><\/a> <\/p>\n<p>15min nuotr.\/Mergel\u0117<\/p>\n","protected":false},"excerpt":{"rendered":"Dienai \u012fsib\u0117g\u0117jus atmosfera keisis. Merkurijaus ir Marso s\u0105veika suteiks daugiau ry\u017eto, ai\u0161kumo ir noro veikti. Bus lengviau i\u0161sakyti&hellip;\n","protected":false},"author":2,"featured_media":265938,"comment_status":"","ping_status":"","sticky":false,"template":"","format":"standard","meta":{"footnotes":"","_share_on_mastodon":"0"},"categories":[21],"tags":[113,37,39,36,38,40,114],"class_list":["post-265937","post","type-post","status-publish","format-standard","has-post-thumbnail","category-pramogos","tag-entertainment","tag-lietuva","tag-lietuviu","tag-lithuania","tag-lithuanian","tag-lt","tag-pramogos"],"share_on_mastodon":{"url":"https:\/\/pubeurope.com\/@lt\/117192662104655232","error":""},"_links":{"self":[{"href":"https:\/\/www.europesays.com\/lt\/wp-json\/wp\/v2\/posts\/265937","targetHints":{"allow":["GET"]}}],"collection":[{"href":"https:\/\/www.europesays.com\/lt\/wp-json\/wp\/v2\/posts"}],"about":[{"href":"https:\/\/www.europesays.com\/lt\/wp-json\/wp\/v2\/types\/post"}],"author":[{"embeddable":true,"href":"https:\/\/www.europesays.com\/lt\/wp-json\/wp\/v2\/users\/2"}],"replies":[{"embeddable":true,"href":"https:\/\/www.europesays.com\/lt\/wp-json\/wp\/v2\/comments?post=265937"}],"version-history":[{"count":0,"href":"https:\/\/www.europesays.com\/lt\/wp-json\/wp\/v2\/posts\/265937\/revisions"}],"wp:featuredmedia":[{"embeddable":true,"href":"https:\/\/www.europesays.com\/lt\/wp-json\/wp\/v2\/media\/265938"}],"wp:attachment":[{"href":"https:\/\/www.europesays.com\/lt\/wp-json\/wp\/v2\/media?parent=265937"}],"wp:term":[{"taxonomy":"category","embeddable":true,"href":"https:\/\/www.europesays.com\/lt\/wp-json\/wp\/v2\/categories?post=265937"},{"taxonomy":"post_tag","embeddable":true,"href":"https:\/\/www.europesays.com\/lt\/wp-json\/wp\/v2\/tags?post=265937"}],"curies":[{"name":"wp","href":"https:\/\/api.w.org\/{rel}","templated":true}]}}