{"id":265939,"date":"2026-08-31T23:22:59","date_gmt":"2026-08-31T23:22:59","guid":{"rendered":"https:\/\/www.europesays.com\/lt\/265939\/"},"modified":"2026-08-31T23:22:59","modified_gmt":"2026-08-31T23:22:59","slug":"seb-bankui-lietuvoje-vadovaus-vilius-juzikis","status":"publish","type":"post","link":"https:\/\/www.europesays.com\/lt\/265939\/","title":{"rendered":"SEB bankui Lietuvoje vadovaus Vilius Juzikis"},"content":{"rendered":"<p>Vilius Juzikis, dabartinis SEB banko valdybos narys ir banko Kredit\u0173 ir rizikos valdymo tarnybos\u00a0vadovas\u00a0bei vyriausiasis rizikos pareig\u016bnas, taps SEB banko vadovu Lietuvoje. Paskyrimas \u012fsigalios 2027 m. sausio 1 d., gavus atitinkam\u0173 prie\u017ei\u016bros institucij\u0173 pritarim\u0105. Vilius Juzikis pakeis dabartin\u0119 banko vadov\u0119 Sonat\u0105 Gutauskait\u0119-Bubnelien\u0119, kuri, kaip skelbta anks\u010diau, nuo rugs\u0117jo 1 d. prad\u0117s eiti SEB Baltijos \u0161ali\u0173 tarnybos vadov\u0117s pareigas.\u00a0<\/p>\n<p>\u201eVilius Juzikis yra itin patyr\u0119s vadovas, gerai pa\u017e\u012fstantis SEB, turintis stipr\u0173 verslo supratim\u0105 ir reik\u0161ming\u0105 verslo bankininkyst\u0117s, kreditavimo bei rizikos valdymo patirt\u012f. Jo nuoseklus d\u0117mesys klientams, gilus rizikos valdymo i\u0161manymas ir ind\u0117lis \u012f SEB pl\u0117tr\u0105 Lietuvoje pad\u0117s mums toliau stiprinant savo pozicijas ir padedant klientams besikei\u010dian\u010dioje aplinkoje\u201c, \u2013 sako Sonata Gutauskait\u0117-Bubnelien\u0117, SEB banko valdybos pirminink\u0117 ir b\u016bsima SEB Baltijos \u0161ali\u0173 tarnybos vadov\u0117.\u00a0<\/p>\n<p>Vilius Juzikis prie SEB prisijung\u0117 2001 m. rugpj\u016bt\u012f ir \u0117jo \u012fvairias vadovaujamas pareigas verslo bankininkyst\u0117s ir rizikos valdymo srityse. SEB banko valdybos nariu jis yra nuo 2017 m. bir\u017eelio. Per savo karjer\u0105 SEB jis \u0117jo \u012fvairias vadovaujamas pareigas, \u012fskaitant Verslo bankininkyst\u0117s tarnybos vadovo, Verslo klient\u0173 ir institucij\u0173 departamento vadovo, Kredit\u0173 departamento vadovo ir \u201eSEB lizingo\u201c vadovo pareigas. Nuo 2023 m. spalio jis yra Kredit\u0173 ir rizikos valdymo tarnybos vadovas ir banko valdybos narys, atsakingas u\u017e kredit\u0173 ir rizikos valdymo srit\u012f.\u00a0<\/p>\n<p>\u201eMan didel\u0117 garb\u0117 d\u0117l parodyto pasitik\u0117jimo ir su atsakomybe laukiu galimyb\u0117s vadovauti SEB bankui Lietuvoje prasidedant naujam etapui \u2013 SEB ple\u010diant veikl\u0105 Baltijos \u0161alyse. SEB turi labai stiprias pozicijas Lietuvos rinkoje, paremtas ilgalaikiais ry\u0161iais su klientais, profesine kompetencija ir stipria komanda. Mano siekis \u2013 kartu su kolegomis Lietuvoje, Baltijos \u0161alyse ir tarptautin\u0117je SEB grup\u0117je toliau pl\u0117toti m\u016bs\u0173 versl\u0105, i\u0161liekant patikimu partneriu klientams\u201c, \u2013 sako Vilius Juzikis.\u00a0<\/p>\n<p>Vilius Juzikis Vilniaus universitete yra \u012fgij\u0119s ekonomikos magistro laipsn\u012f, specializacija \u2013 bankininkyst\u0117, taip pat yra baig\u0119s kelias vadov\u0173 ir lyderyst\u0117s ugdymo programas, \u012fskaitant Wallenberg instituto, Baltijos \u012fmoni\u0173 valdymo instituto ir \u201eNovare Executive Program\u201c programas.\u00a0<\/p>\n<p>Iki met\u0173 pabaigos S. Gutauskait\u0117-Bubnelien\u0117 eis ir SEB Baltijos \u0161ali\u0173 tarnybos vadov\u0117s, ir SEB banko vadov\u0117s Lietuvoje pareigas. Nuo 2027 m., \u012fvykus SEB bank\u0173 susijungimui Baltijos \u0161alyse, ji taps SEB banko Baltijos \u0161alyse vadove, o Vilius Juzikis prad\u0117s eiti SEB banko Lietuvoje vadovo pareigas.\u00a0<\/p>\n<p>\u201eBNS Spaudos centre\u201c skelbiami \u012fvairi\u0173 organizacij\u0173 prane\u0161imai \u017einiasklaidai. U\u017e prane\u0161im\u0173 turin\u012f atsako juos paskelb\u0119 asmenys bei j\u0173 atstovaujamos organizacijos.<\/p>\n","protected":false},"excerpt":{"rendered":"Vilius Juzikis, dabartinis SEB banko valdybos narys ir banko Kredit\u0173 ir rizikos valdymo tarnybos\u00a0vadovas\u00a0bei vyriausiasis rizikos pareig\u016bnas, taps&hellip;\n","protected":false},"author":2,"featured_media":265940,"comment_status":"","ping_status":"","sticky":false,"template":"","format":"standard","meta":{"footnotes":"","_share_on_mastodon":"0"},"categories":[17],"tags":[81,37,39,36,38,40,46],"class_list":["post-265939","post","type-post","status-publish","format-standard","has-post-thumbnail","category-verslas","tag-business","tag-lietuva","tag-lietuviu","tag-lithuania","tag-lithuanian","tag-lt","tag-verslas"],"share_on_mastodon":{"url":"https:\/\/pubeurope.com\/@lt\/117192700945667762","error":""},"_links":{"self":[{"href":"https:\/\/www.europesays.com\/lt\/wp-json\/wp\/v2\/posts\/265939","targetHints":{"allow":["GET"]}}],"collection":[{"href":"https:\/\/www.europesays.com\/lt\/wp-json\/wp\/v2\/posts"}],"about":[{"href":"https:\/\/www.europesays.com\/lt\/wp-json\/wp\/v2\/types\/post"}],"author":[{"embeddable":true,"href":"https:\/\/www.europesays.com\/lt\/wp-json\/wp\/v2\/users\/2"}],"replies":[{"embeddable":true,"href":"https:\/\/www.europesays.com\/lt\/wp-json\/wp\/v2\/comments?post=265939"}],"version-history":[{"count":0,"href":"https:\/\/www.europesays.com\/lt\/wp-json\/wp\/v2\/posts\/265939\/revisions"}],"wp:featuredmedia":[{"embeddable":true,"href":"https:\/\/www.europesays.com\/lt\/wp-json\/wp\/v2\/media\/265940"}],"wp:attachment":[{"href":"https:\/\/www.europesays.com\/lt\/wp-json\/wp\/v2\/media?parent=265939"}],"wp:term":[{"taxonomy":"category","embeddable":true,"href":"https:\/\/www.europesays.com\/lt\/wp-json\/wp\/v2\/categories?post=265939"},{"taxonomy":"post_tag","embeddable":true,"href":"https:\/\/www.europesays.com\/lt\/wp-json\/wp\/v2\/tags?post=265939"}],"curies":[{"name":"wp","href":"https:\/\/api.w.org\/{rel}","templated":true}]}}