{"id":26594,"date":"2025-10-27T15:10:23","date_gmt":"2025-10-27T15:10:23","guid":{"rendered":"https:\/\/www.europesays.com\/lt\/26594\/"},"modified":"2025-10-27T15:10:23","modified_gmt":"2025-10-27T15:10:23","slug":"mociute-tapsianti-r-vilkiene-paviesino-ypatingus-kadrus-salia-jos-ir-besilaukianti-dukra-lrytas","status":"publish","type":"post","link":"https:\/\/www.europesays.com\/lt\/26594\/","title":{"rendered":"Mo\u010diute tapsianti R. Vilkien\u0117 pavie\u0161ino ypatingus kadrus: \u0161alia jos \u2013 ir besilaukianti dukra &#8211; Lrytas"},"content":{"rendered":"<ol>\n<li><a href=\"https:\/\/news.google.com\/rss\/articles\/CBMi8AFBVV95cUxNaGVpMEVYLTk1ODdzaERZa0t2MUd2VFRQTWs4TnJWRTBGZFRuTXZzWVp4dUNTM0ZmQ0h1ZkRrN2VIazRweEtNcW9lRWJFTXF1MF81dFYwTlJuZndtSXh5aHdUb0QyQWl0clZBOFB5anFpclZvVlk4TktlcEhJbWRxYm43RWhQUUFOX2JYRV9sNjQ3SVdDUlFUay1Xb25zWk1IdjE3WWI4OURoTjlhcDdHZXFEZWlIa0xfcHZQVktPYWtsalhBeVRKOUx3bVJkdHVzYnRxTXpiY3NuY2d5TU00S3E5cFNVT1lWUF9XRE0zNFI?oc=5\" target=\"_blank\" rel=\"nofollow noopener\">Mo\u010diute tapsianti R. Vilkien\u0117 pavie\u0161ino ypatingus kadrus: \u0161alia jos \u2013 ir besilaukianti dukra<\/a>&nbsp;&nbsp;Lrytas<\/li>\n<li><a href=\"https:\/\/news.google.com\/rss\/articles\/CBMioAFBVV95cUxPeThNZ2JtT3RrdzU1Tnc3R1NwOUJ4NURwd2d0UTVaU3JDMTFzSEhaamxTaUM1S290QTJOcklUYXV6ZXozYTlNUUxuUE5IUndwWDFPcFA3RmN2a3FIYlZYSUpTZ2hxOHd2djRvbC16WFIwbldqdWo4bzJfNTl3cGVlT1p1MTJLcU13WmhWOEtueFVVWkNGWDJyNGZZdVJjdlRs?oc=5\" target=\"_blank\" rel=\"nofollow noopener\">Rasa Vilkien\u0117 taps mo\u010diute: an\u016bkei jau i\u0161rinko vard\u0105 su gilia mintimi<\/a>&nbsp;&nbsp;Vakar\u0173 ekspresas<\/li>\n<li><a href=\"https:\/\/news.google.com\/rss\/articles\/CBMiqAFBVV95cUxOSHJTM3FJbmtKMXNWblRUZE9Gc3JDU0hPdElMdGY2cFdOYUJYSmsySm0tSG9pUTJBOG91c3NhS2cyVFJFVTlrUlMzWHNrN3c5YTlxQ0oyUksyQlRmQlI1RnpuUXdHejBzYWJ6bXY5MGFPRzdVZ3FBMEZ2WTcxYV9FbjVFT1Y5eG5IX3VSdm9ZXzgybWJvSjRBLTJTdGJZTWwzQjZMUWgzODg?oc=5\" target=\"_blank\" rel=\"nofollow noopener\">Mo\u010diute tapsianti R. Vilkien\u0117 pasidalijo jausmingu lai\u0161ku dukroms<\/a>&nbsp;&nbsp;LNK.LT<\/li>\n<li><a href=\"https:\/\/news.google.com\/rss\/articles\/CBMiyAFBVV95cUxNcGc0TEZtWUdaUzg0c1NiWW5YUlpiUm14LTEyWFpEaFhEblBnRVhnZC1oRVc0SG11RWRvZ3NIcEhIRGlrQkhvNlpyNDdJT2kxNjQxYngyWGg4OFpFRzdkcUZqcE9OYS1Oa3V4YnhvcERxal9USDJFZElmZzdlbjNOTFUwelJ1MjFzc0dvdGJhYXNwc0ZQTEhtLWFJVTEzNmhLVVVNelhqS21iY25MUzI5QnVRZDJFalREdm1uTEU2a0JpZWhHQ3NKYw?oc=5\" target=\"_blank\" rel=\"nofollow noopener\">Mo\u010diute tapsianti Rasa Vilkien\u0117 pavie\u0161ino jautr\u0173 lai\u0161k\u0105 2 dukroms: \u201eNoriu, kad \u017einotum\u0117t\u201c<\/a>&nbsp;&nbsp;tv3.lt<\/li>\n<\/ol>\n","protected":false},"excerpt":{"rendered":"Mo\u010diute tapsianti R. Vilkien\u0117 pavie\u0161ino ypatingus kadrus: \u0161alia jos \u2013 ir besilaukianti dukra&nbsp;&nbsp;Lrytas Rasa Vilkien\u0117 taps mo\u010diute: an\u016bkei&hellip;\n","protected":false},"author":2,"featured_media":26595,"comment_status":"","ping_status":"","sticky":false,"template":"","format":"standard","meta":{"footnotes":""},"categories":[6],"tags":[25,30,31,34,35,24,32,33,37,39,36,38,40,23,22,28,29,26,27],"class_list":{"0":"post-26594","1":"post","2":"type-post","3":"status-publish","4":"format-standard","5":"has-post-thumbnail","7":"category-antrastes","8":"tag-antrastes","9":"tag-breaking-news","10":"tag-breakingnews","11":"tag-featured-news","12":"tag-featurednews","13":"tag-headlines","14":"tag-latest-news","15":"tag-latestnews","16":"tag-lietuva","17":"tag-lietuviu","18":"tag-lithuania","19":"tag-lithuanian","20":"tag-lt","21":"tag-naujienos","22":"tag-news","23":"tag-populiariausios-naujienos","24":"tag-populiariausiosnaujienos","25":"tag-top-stories","26":"tag-topstories"},"share_on_mastodon":{"url":"https:\/\/pubeurope.com\/@lt\/115446770752967464","error":""},"_links":{"self":[{"href":"https:\/\/www.europesays.com\/lt\/wp-json\/wp\/v2\/posts\/26594","targetHints":{"allow":["GET"]}}],"collection":[{"href":"https:\/\/www.europesays.com\/lt\/wp-json\/wp\/v2\/posts"}],"about":[{"href":"https:\/\/www.europesays.com\/lt\/wp-json\/wp\/v2\/types\/post"}],"author":[{"embeddable":true,"href":"https:\/\/www.europesays.com\/lt\/wp-json\/wp\/v2\/users\/2"}],"replies":[{"embeddable":true,"href":"https:\/\/www.europesays.com\/lt\/wp-json\/wp\/v2\/comments?post=26594"}],"version-history":[{"count":0,"href":"https:\/\/www.europesays.com\/lt\/wp-json\/wp\/v2\/posts\/26594\/revisions"}],"wp:featuredmedia":[{"embeddable":true,"href":"https:\/\/www.europesays.com\/lt\/wp-json\/wp\/v2\/media\/26595"}],"wp:attachment":[{"href":"https:\/\/www.europesays.com\/lt\/wp-json\/wp\/v2\/media?parent=26594"}],"wp:term":[{"taxonomy":"category","embeddable":true,"href":"https:\/\/www.europesays.com\/lt\/wp-json\/wp\/v2\/categories?post=26594"},{"taxonomy":"post_tag","embeddable":true,"href":"https:\/\/www.europesays.com\/lt\/wp-json\/wp\/v2\/tags?post=26594"}],"curies":[{"name":"wp","href":"https:\/\/api.w.org\/{rel}","templated":true}]}}