{"id":265941,"date":"2026-08-31T23:28:34","date_gmt":"2026-08-31T23:28:34","guid":{"rendered":"https:\/\/www.europesays.com\/lt\/265941\/"},"modified":"2026-08-31T23:28:34","modified_gmt":"2026-08-31T23:28:34","slug":"oficialu-liverpool-gretas-papilde-barcola","status":"publish","type":"post","link":"https:\/\/www.europesays.com\/lt\/265941\/","title":{"rendered":"Oficialu: \u201eLiverpool\u201c gretas papild\u0117 Barcola"},"content":{"rendered":"<p>\u201eLiverpool\u201c pirmadien\u012f oficialiai prane\u0161\u0117, jog i\u0161 Pary\u017eiaus \u201eSaint-Germain\u201c klubo \u012fsigijo puol\u0117j\u0105 Bradley Barcola.<\/p>\n<p>Pasak ESPN \u0161altini\u0173, Anglijos klubas u\u017e pranc\u016bz\u0105 sumok\u0117s garantuot\u0105 106 mln. svar\u0173 sterling\u0173 sum\u0105, o u\u017e priedus, priklausan\u010dius nuo rezultat\u0173, gali tekti pakloti dar 17 mln. svar\u0173 sterling\u0173.<\/p>\n<p>B. Barcola pasira\u0161\u0117 su \u201eLiverpool\u201c penkeri\u0173 met\u0173 trukm\u0117s kontrakt\u0105 ir tapo antruoju brangiausiuoju pirkiniu komandos istorijoje. <\/p>\n<p>\u201eDid\u017eiuojuosi gal\u0117damas \u017eaisti \u201eLiverpool\u201c komandoje. Jau\u010diuosi labai laimingas. Noriu laim\u0117ti \u201ePremier\u201c lyg\u0105, tai yra viena did\u017eiausi\u0173 svajoni\u0173 mano gyvenime. Noriu \u0161ioje komandoje likti ilgam laikui, tod\u0117l pasira\u0161iau ilgalaik\u0119 sutart\u012f\u201c, \u2013 kalb\u0117jo 29-uoju numeriu pa\u017eym\u0117tus mar\u0161kin\u0117lius vilk\u0117siantis B. Barcola.<\/p>\n<p>Priminsime, jog \u201eLiverpool\u201c sezon\u0105 \u201ePremier\u201c lygoje prad\u0117jo dvejomis lygiosiomis ir \u0161iuo metu savo s\u0105skaitoje turi surink\u0119s du ta\u0161kus.<\/p>\n<blockquote class=\"twitter-tweet\">\n<p lang=\"und\" dir=\"ltr\" xml:lang=\"und\">BB29 \ud83d\udcab <a href=\"https:\/\/t.co\/zOxGdxNIji\" rel=\"nofollow\">pic.twitter.com\/zOxGdxNIji<\/a><\/p>\n<p>\u2014 Liverpool FC (@LFC) <a href=\"https:\/\/x.com\/LFC\/status\/2094415075733844139?ref_src=twsrc%5Etfw\" rel=\"nofollow\">August 31, 2026<\/a><\/p><\/blockquote>\n<p>\u00a0<\/p>\n<p>                                                    <script async src=\"https:\/\/platform.twitter.com\/widgets.js\" charset=\"utf-8\"><\/script><\/p>\n","protected":false},"excerpt":{"rendered":"\u201eLiverpool\u201c pirmadien\u012f oficialiai prane\u0161\u0117, jog i\u0161 Pary\u017eiaus \u201eSaint-Germain\u201c klubo \u012fsigijo puol\u0117j\u0105 Bradley Barcola. Pasak ESPN \u0161altini\u0173, Anglijos klubas&hellip;\n","protected":false},"author":2,"featured_media":265942,"comment_status":"","ping_status":"","sticky":false,"template":"","format":"standard","meta":{"footnotes":"","_share_on_mastodon":"0"},"categories":[19],"tags":[57,43,55,48,54,51,49,50,37,39,36,38,40,45,23,44,53,42,56,47,112,104,46,58,52],"class_list":["post-265941","post","type-post","status-publish","format-standard","has-post-thumbnail","category-sportas","tag-daiktai","tag-dienos-kronika","tag-gatves-tekstai","tag-gyvenimas","tag-interneto-pievos","tag-keliones","tag-kultura","tag-laisvalaikis","tag-lietuva","tag-lietuviu","tag-lithuania","tag-lithuanian","tag-lt","tag-mokslas-ir-it","tag-naujienos","tag-pasaulis","tag-projektai","tag-rinktiniai-tekstai","tag-simtmecio-portalas","tag-sportas","tag-sportas-lt","tag-sports","tag-verslas","tag-video","tag-zaidimai"],"share_on_mastodon":{"url":"https:\/\/pubeurope.com\/@lt\/117192720559149902","error":""},"_links":{"self":[{"href":"https:\/\/www.europesays.com\/lt\/wp-json\/wp\/v2\/posts\/265941","targetHints":{"allow":["GET"]}}],"collection":[{"href":"https:\/\/www.europesays.com\/lt\/wp-json\/wp\/v2\/posts"}],"about":[{"href":"https:\/\/www.europesays.com\/lt\/wp-json\/wp\/v2\/types\/post"}],"author":[{"embeddable":true,"href":"https:\/\/www.europesays.com\/lt\/wp-json\/wp\/v2\/users\/2"}],"replies":[{"embeddable":true,"href":"https:\/\/www.europesays.com\/lt\/wp-json\/wp\/v2\/comments?post=265941"}],"version-history":[{"count":0,"href":"https:\/\/www.europesays.com\/lt\/wp-json\/wp\/v2\/posts\/265941\/revisions"}],"wp:featuredmedia":[{"embeddable":true,"href":"https:\/\/www.europesays.com\/lt\/wp-json\/wp\/v2\/media\/265942"}],"wp:attachment":[{"href":"https:\/\/www.europesays.com\/lt\/wp-json\/wp\/v2\/media?parent=265941"}],"wp:term":[{"taxonomy":"category","embeddable":true,"href":"https:\/\/www.europesays.com\/lt\/wp-json\/wp\/v2\/categories?post=265941"},{"taxonomy":"post_tag","embeddable":true,"href":"https:\/\/www.europesays.com\/lt\/wp-json\/wp\/v2\/tags?post=265941"}],"curies":[{"name":"wp","href":"https:\/\/api.w.org\/{rel}","templated":true}]}}