{"id":265953,"date":"2026-09-01T01:01:09","date_gmt":"2026-09-01T01:01:09","guid":{"rendered":"https:\/\/www.europesays.com\/lt\/265953\/"},"modified":"2026-09-01T01:01:09","modified_gmt":"2026-09-01T01:01:09","slug":"pergale-dziaugesis-m-blazevicius-reze-apie-rinktines-situacija-sudina","status":"publish","type":"post","link":"https:\/\/www.europesays.com\/lt\/265953\/","title":{"rendered":"Pergale d\u017eiaug\u0119sis M. Bla\u017eevi\u010dius r\u0117\u017e\u0117 apie rinktin\u0117s situacij\u0105: \u201e\u0160\u016bdina\u201c"},"content":{"rendered":"<p>\u201eLabai faina laim\u0117t, \u2013 po rungtyni\u0173 pripa\u017eino auk\u0161ta\u016bgis. \u2013 Ai\u0161ku, tendencija nesikei\u010dia \u2013 viena pergal\u0117 i\u0161 dviej\u0173, bet esame gyvi, tai bent jau ka\u017ekas.\u201c<\/p>\n<p>M. Bla\u017eevi\u010dius per beveik 35 aik\u0161tel\u0117je praleistas minutes peln\u0117 11 ta\u0161k\u0173, sugrieb\u0117 6 kamuolius, atliko 3 rezultatyvius perdavimus, per\u0117m\u0117 2 kamuolius ir i\u0161provokavo 6 pra\u017eangas.<\/p>\n<p>Po pirm\u0173j\u0173 dviej\u0173 k\u0117lini\u0173 lietuviai buvo praleid\u0119 net 46 ta\u0161kus, ta\u010diau antrojoje rungtyni\u0173 pus\u0117je prie\u0161ininkams leido \u012fmesti vos 27-is.<\/p>\n<p>Paklaustas, ar \u0161i dvikova neprimena prie\u0161 savait\u0119 toje pa\u010dioje arenoje vykusi\u0173 draugi\u0161k\u0173 rungtyni\u0173 su Mi\u010digano universitetu, kai po pirmosios pus\u0117s did\u017eiuliu skirtumu atsilik\u0119 lietuviai tre\u010diajame ir ketvirtajame k\u0117liniuose i\u0161kovojo galing\u0105 pergal\u0119, auk\u0161ta\u016bgis su tuo nesutiko.<\/p>\n<p>\u201eNesaky\u010diau, kad buvo pana\u0161ios rungtyn\u0117s \u012f Mi\u010digano. Netur\u0117jom tokio didelio minuso, strategi\u0161kai buvo pasiruo\u0161\u0119 ir visas rungtynse stabiliai \u017eaid\u0117m savo gynybas. Tiesiog mes juos kankinom, b\u0117gom \u012f greit\u0105 puolim\u0105, j\u0173 rotacija buvo trumpesn\u0117 \u2013 toks buvo m\u016bs\u0173 planas. Jie pavargo grei\u010diau, m\u016bs\u0173 fizi\u0161kumas i\u0161liko\u201c, \u2013 apie \u017eaidimo taktik\u0105 kalb\u0117jo M. Bla\u017eevi\u010dius.<\/p>\n<p>\u201eMes, kaip treneris sako, kruop\u0105 po kruopos d\u0117jom, d\u0117jom ir tas pavyko, \u2013 v\u0117liau t\u0119s\u0117 \u017eaid\u0117jas. \u2013 Jie prad\u0117jo nervuotis \u2013 technin\u0117 pra\u017eanga, nesportin\u0117 pra\u017eanga. Mes i\u0161likom \u0161altesni ir viskas.\u201c<\/p>\n<p>Vos per tris dienas Lietuvos rinktin\u0117s \u017eaidimas, atrodo, pasikeit\u0117 gan ry\u0161kiai. Pasikeit\u0117 ir galutinis rezultatas.<\/p>\n<p>\u201eNemanau, kad mes gal\u0117jom atrodyt blogiau po Turkijos, \u2013 pripa\u017eino M. Bla\u017eevi\u010dius. \u2013 Nemanau, kad buvo ka\u017ekokia \u012ftampa d\u0117l \u0161ito dalyko.\u201c<\/p>\n<p>Savo form\u0105 apib\u016bdin\u0119s kaip ka\u017ekiek geresn\u0119, M. Bla\u017eevi\u010dius rinktin\u0117s situacij\u0105 atrankos \u012f pasaulio \u010dempionat\u0105 turnyre apib\u016bdino labai atvirai.<\/p>\n<p>\u201e\u0160\u016bdina, \u2013 r\u0117\u017e\u0117 krep\u0161ininkas. \u2013 Prasta situacija yra, bet nieko negalim pakeist d\u0117l praeities. Kaip ir sakiau \u2013 reikia \u017ei\u016br\u0117ti \u012f ateit\u012f. Reik\u0117s laim\u0117ti rungtynes namie prie\u0161 turkus, tur\u0117sim dvi rungtynes prie\u0161 serbus \u2013 vienas i\u0161vykoj ir vienas namie \u2013 ir bosniai i\u0161vykoj.\u201c<\/p>\n<p>Nors apie rinktin\u0117s situacij\u0105 pasisak\u0117 spalvingai, apie daugyb\u0117s \u017eaid\u0117j\u0173 neatvykimus dar kart\u0105 paklaustas M. Bla\u017eevi\u010dius nebuvo link\u0119s pernelyg i\u0161sipl\u0117sti.<\/p>\n<p>\u201eDienos gale esu \u017eaid\u0117jas, a\u0161 nenoriu komentuot apie \u0161ituos visus dalykus. A\u0161 atva\u017eiuoju, \u017eaid\u017eiu ir kovoju u\u017e Lietuv\u0105. A\u0161 manau, tam yra kiti \u017emon\u0117s, kurie u\u017eima kitas pareigas federacijoj \u2013 juos reikt\u0173 klausti apie \u0161ituos visus klausimus. Mes ateinam, mes \u017eaid\u017eiam, mes kovojam u\u017e Lietuv\u0105 ir viskas.\u201c<\/p>\n","protected":false},"excerpt":{"rendered":"\u201eLabai faina laim\u0117t, \u2013 po rungtyni\u0173 pripa\u017eino auk\u0161ta\u016bgis. \u2013 Ai\u0161ku, tendencija nesikei\u010dia \u2013 viena pergal\u0117 i\u0161 dviej\u0173, bet&hellip;\n","protected":false},"author":2,"featured_media":265954,"comment_status":"","ping_status":"","sticky":false,"template":"","format":"standard","meta":{"footnotes":"","_share_on_mastodon":"0"},"categories":[6],"tags":[25,30,31,34,35,24,32,33,37,39,36,38,40,23,22,28,29,26,27],"class_list":["post-265953","post","type-post","status-publish","format-standard","has-post-thumbnail","category-antrastes","tag-antrastes","tag-breaking-news","tag-breakingnews","tag-featured-news","tag-featurednews","tag-headlines","tag-latest-news","tag-latestnews","tag-lietuva","tag-lietuviu","tag-lithuania","tag-lithuanian","tag-lt","tag-naujienos","tag-news","tag-populiariausios-naujienos","tag-populiariausiosnaujienos","tag-top-stories","tag-topstories"],"share_on_mastodon":{"url":"https:\/\/pubeurope.com\/@lt\/117193086268613350","error":""},"_links":{"self":[{"href":"https:\/\/www.europesays.com\/lt\/wp-json\/wp\/v2\/posts\/265953","targetHints":{"allow":["GET"]}}],"collection":[{"href":"https:\/\/www.europesays.com\/lt\/wp-json\/wp\/v2\/posts"}],"about":[{"href":"https:\/\/www.europesays.com\/lt\/wp-json\/wp\/v2\/types\/post"}],"author":[{"embeddable":true,"href":"https:\/\/www.europesays.com\/lt\/wp-json\/wp\/v2\/users\/2"}],"replies":[{"embeddable":true,"href":"https:\/\/www.europesays.com\/lt\/wp-json\/wp\/v2\/comments?post=265953"}],"version-history":[{"count":0,"href":"https:\/\/www.europesays.com\/lt\/wp-json\/wp\/v2\/posts\/265953\/revisions"}],"wp:featuredmedia":[{"embeddable":true,"href":"https:\/\/www.europesays.com\/lt\/wp-json\/wp\/v2\/media\/265954"}],"wp:attachment":[{"href":"https:\/\/www.europesays.com\/lt\/wp-json\/wp\/v2\/media?parent=265953"}],"wp:term":[{"taxonomy":"category","embeddable":true,"href":"https:\/\/www.europesays.com\/lt\/wp-json\/wp\/v2\/categories?post=265953"},{"taxonomy":"post_tag","embeddable":true,"href":"https:\/\/www.europesays.com\/lt\/wp-json\/wp\/v2\/tags?post=265953"}],"curies":[{"name":"wp","href":"https:\/\/api.w.org\/{rel}","templated":true}]}}