{"id":265955,"date":"2026-09-01T01:07:08","date_gmt":"2026-09-01T01:07:08","guid":{"rendered":"https:\/\/www.europesays.com\/lt\/265955\/"},"modified":"2026-09-01T01:07:08","modified_gmt":"2026-09-01T01:07:08","slug":"kurtinaitis-apie-gandus-del-naujo-trenerio-kilusi-sarsala-ir-nurkiciaus-stabdymo-subtilybes","status":"publish","type":"post","link":"https:\/\/www.europesays.com\/lt\/265955\/","title":{"rendered":"Kurtinaitis \u2013 apie gandus d\u0117l naujo trenerio, kilus\u012f \u0161ar\u0161al\u0105 ir Nurki\u010diaus stabdymo subtilybes"},"content":{"rendered":"<p>\u00a0Lietuvos rinktin\u0117 pasaulio \u010dempionato atrankos turnyre i\u0161kovojo itin svarbi\u0105 pergal\u0119 siekiant patekti \u012f pirmenybes.<\/p>\n<p>M\u016bsi\u0161kiai namuose paties\u0117 Bosnijos ir Hercegovinos nacionalin\u0119 komand\u0105, o po pergal\u0117s rinktin\u0117s strategas Rimas Kurtinaitis d\u017eiaug\u0117si nutrauktu nes\u0117kmingu ruo\u017eu ir d\u0117kojo atvykusiems \u017eaid\u0117jams.<\/p>\n<p>\u201eD\u017eiaugiuosi, kad laim\u0117jome. Buvome geresni su klaidomis, padar\u0117me j\u0173 tik 8. Ne taip gerai sek\u0117si kovoti d\u0117l kamuoli\u0173, bet kovojome gerai. Neturiu klausim\u0173 \u017eaid\u0117jams, kurie kovojo ir laim\u0117jo\u201c, \u2013 sak\u0117 treneris.<\/p>\n<p>\u2013 Ar po \u0161ios pergal\u0117s at\u0117jo palengv\u0117jimas?<\/p>\n<p>\u2013 Gerai, kad laim\u0117jome. Nor\u0117\u010diau i\u0161skirti komand\u0105, j\u0105 irgi lie\u010dia tas triuk\u0161mas. Kalbate apie vadovus, trenerius, bet tai palie\u010dia komand\u0105. D\u017eiaugiuosi, kad vyrai kov\u0117si, nesudreb\u0117jo, nepasidav\u0117, gerai kov\u0117si. Matome 2 savai\u010di\u0173 \u012fdirbio rezultat\u0105. Tai n\u0117ra ilgas laikas, kad ka\u017ek\u0105 radikaliai pakeistume. \u0116jome, kritome d\u0117l kamuoli\u0173. Esu d\u0117kingas vyrams, kurie susirinko. Giname Lietuvos garb\u0119, ne federacijos. T\u0105 pergal\u0119 skiriu Lietuvai.<\/p>\n<p>\u2013 Kokios buvo tos id\u0117jos stabdyti J. Nurki\u010di\u0173?<\/p>\n<p>\u2013 Startavome su Ka\u010dinu, kuris gyn\u0117si prie\u0161 Nurki\u010di\u0173. Nor\u0117jome i\u0161saugoti \u0104\u017euol\u0105 ir Marek\u0105. Turb\u016bt pastebite, \u012feiname \u012f ne\u012fprastas pozicijas, kad saugotume lyderius. Buvome pasiruo\u0161\u0119 zonin\u0119 gynyb\u0105, keliskart ji suveik\u0117, tada suklydome ir nu\u0117m\u0117me. Turime \u017eaid\u0117j\u0173, su kuriais negalime gintis asmeni\u0161kai, t\u0105 dar\u0117me ir Turkijoje paskutiniame k\u0117linyje.<\/p>\n<p>\u2013 D\u0117l ko pavyko i\u0161sisukti tik su 8 klaidomis?<\/p>\n<p>\u2013 Sek\u0117te draugi\u0161kas rungtynes, dar\u0117me po 18\u201320 klaid\u0173. Akcentavome at\u0161okusius kamuolius, ne visada turime tam paj\u0117gum\u0105, ypa\u010d Turkijoje. Kovojome gerai ir vienas akcent\u0173 buvo klaidos ir kamuoliai. Per 2 savaites ka\u017ekiek prisibeld\u0117me. Saugojome kamuol\u012f, buvo kvail\u0173 klaid\u0173, bet be j\u0173 su\u017eaisti ne\u012fmanoma.<\/p>\n<p>\u2013 Kaip pavyko atlaikyti t\u0105 kontakt\u0105 prie\u0161 J. Nurki\u010di\u0173?<\/p>\n<p>\u2013 Nekomentuoju teis\u0117j\u0173 darbo, jie dirba savo darb\u0105. Visi \u017emon\u0117s klysta. Manau, gal\u0117jo duoti mums \u017eaisti kie\u010diau nuo prad\u017ei\u0173, bet prisitaik\u0117me. D\u017eiaugiuosi, kad vedan\u010dius \u017eaid\u0117jus i\u0161saugojome iki pabaigos.<\/p>\n<p>\u2013 Kaip vertinate \u0161io \u201elango\u201c rezultat\u0105?<\/p>\n<p>\u2013 Maksimumas b\u016bt\u0173 2 pergal\u0117s, bet taip ne\u012fvyko. Nei gerai, nei blogai. Kad i\u0161liktume temoje, kovoje d\u0117l \u010dempionato, b\u016bt\u0173 gerai.<\/p>\n<p>\u2013 Prie\u0161 tai jau buvote pasitrauk\u0119s, ar dabar galite apib\u016bdinti savo ateit\u012f rinktin\u0117je? Kalbama, kad yra kas jus pakeis lapkrit\u012f, galb\u016bt D. Songaila.<\/p>\n<p>\u2013 Ne\u017einau, dar su asociacija nekalb\u0117jau. Mano situacija tokia: buvau i\u0161\u0117j\u0119s, bet kadangi susiklost\u0117 tokios aplinkyb\u0117s, gr\u012f\u017eau. O kod\u0117l lapkrit\u012f? Nes jie \u017eaid\u017eia Europos taur\u0119. Lapkrit\u012f galvojate nebe\u017eais? Ar pasikeis kas nors?<\/p>\n<p>\u2013 Kaip galima apib\u016bdinti D. Motiej\u016bno rodyt\u0105 form\u0105?<\/p>\n<p>\u2013 Jis yra patyr\u0119s \u017eaid\u0117jas, turi autoritet\u0105 komandoje, duoda gerus patarimus, dirba pilna j\u0117ga. Paj\u0117gumas toks, koks yra. Esu d\u0117kingas jam, kad atvyko, pad\u0117jo pasiruo\u0161ti ir kiek gal\u0117jo sudalyvavo.<\/p>\n<p>\u2013 Kaip \u0161iame \u201elange\u201c atsiskleid\u0117 D. Stenionis?<\/p>\n<p>\u2013 Buvome j\u012f jau syk\u012f pasikviet\u0119, bet jis buvo traumuotas, tur\u0117jo ger\u0105 sezon\u0105 Latvijoje. Ne\u017ei\u016brint \u012f \u016bg\u012f, \u017emogus i\u0161 did\u017eiosios raid\u0117s, sugina visus pikenrolus staigumu. Niekas taip neatakavo, kaip mus g\u0105sdino d\u0117l \u016bgio, nieko pana\u0161aus nebuvo. Puolime labai greitas, produktyvus, turi ger\u0105 krep\u0161ininko IQ, skaito situacijas. Gaila, \u0161iandien ne\u012fkrito keli jo metimai. Jis turi ger\u0105 metim\u0105. Yra dr\u0105sus, morali\u0161kai tvirtas, nereaguoja \u012f aplink\u0105. Geras \u017eaid\u0117jas. Tur\u0117t\u0173 tur\u0117ti ger\u0105 ateit\u012f, man keista, kad jis iki \u0161iol be kontrakto, bet kiek \u017einau, ka\u017ekas j\u012f \u017eada paimti.<\/p>\n<p>\u2013 Ar po \u201elango\u201c galite atviriau kalb\u0117ti apie prie\u017eastis, kod\u0117l \u017eaid\u0117j\u0173 n\u0117ra, ir ar n\u0117ra nerimo d\u0117l lapkri\u010dio?<\/p>\n<p>\u2013 Patys \u017einote atsakymus. A\u0161 toki\u0173 dalyk\u0173 nekomentuoju. Esu treneris, mane pakviet\u0117, a\u0161 nepatenkintas savo rezultatu atsistatydinau, bet gr\u012f\u017eau kaip treneris atgal. Nelabai reaguoju, k\u0105 ra\u0161ote apie mane, \u012f krep\u0161in\u012f at\u0117jau b\u016bdamas 10-ties, man 66-eri, atidaviau jam tok\u012f laik\u0105, buvau vienas pradinink\u0173, \u017eaid\u0117me olimpiadas, nelabai reaguoju. Nemalonu, kad mane padar\u0117 liaudies prie\u0161u. Ar k\u0105 \u012f\u017eeid\u017eiau, ar kaip? Gaila. \u010cia \u017emogi\u0161kumo dalykai, j\u0173 tr\u016bksta. Dirba asociacija, daug \u017emoni\u0173 apie j\u0105, visi pritaria asociacijos veiklai. Reik\u0117s \u2013 pasitrauksiu, nereik\u0117s \u2013 liksiu.<\/p>\n<p>\u2013 Po praeito \u201elango\u201c gr\u012f\u017eote, nes niekas nesutiko perimti komandos. Jei atsiras, kas sutiks, trauksit\u0117s?<\/p>\n<p>\u2013 Svarstysiu, klausiate juoda ar balta, sud\u0117tinga atsakyti, turiu reikal\u0173 be rinktin\u0117s. Krep\u0161inis mano gyvenimas, b\u016bna ger\u0173, blog\u0173 rungtyni\u0173. Nemanau, kad nusipelniau \u0161ar\u0161alo.<\/p>\n<p>\u2013 Ar pana\u0161\u0173 \u0161ar\u0161al\u0105 esate aplink rinktin\u0119 mat\u0119s anks\u010diau?<\/p>\n<p>\u2013 Nestandartin\u0117 situacija. Pralaim\u0117jome italams, tur\u0117jome laim\u0117ti, labai to tik\u0117jausi. Bet nepralaim\u0117jome viso reikalo, buvome temoje \u2013 3\/3. \u0160ar\u0161alas buvo prasid\u0117j\u0119s anks\u010diau. Per mano gyvenim\u0105 ma\u010diau laikus, kai rinktin\u0119 garbino 100 t\u016bkst. oro uoste ir kada r\u0117k\u0117 \u201eg\u0117da\u201c oro uoste. Tai n\u0117ra naujiena. Taip grei\u010diausiai ir bus. Nemanau, kad \u010dia teisinga. Vyrai atva\u017eiuoja, \u017eaid\u017eia, kartais pavyksta, kartais ne, bet r\u0117kti oro uoste \u201eg\u0117da\u201c, neteisinga.<\/p>\n<p>\u2013 Ar ramyb\u0119 perduodate ir komandai?<\/p>\n<p>\u2013 \u012e kiekvieno vid\u0173 ne\u012fl\u012fsiu. Tokie dalykai veikia komand\u0105, tiesiogiai ar ne, ramesn\u0117 atmosfera b\u016bt\u0173 patogesn\u0117 ruo\u0161tis, bet turime ruo\u0161tis tokiomis s\u0105lygomis. Vyrai dirbo gerai, neturiu joki\u0173 klaustuk\u0173, niekada nepasteb\u0117jau, kad sudvejot\u0173, k\u0105 dar\u0117. Min\u0117jau, su Turkija buvo kito kalibro komanda, bet nereikia m\u016bs\u0173 smerkti, kad sutikome paj\u0117gesn\u0119 komand\u0105. M\u016bs\u0173 nesmerk\u0117, kai prie\u0161 \u201eDream team\u201c pralo\u0161\u0117me 50 ta\u0161k\u0173. Tuo metu visi suprato, kad lygiai skirtingi, tai pri\u0117m\u0117 kaip duotyb\u0119. Vakar man\u0119s paklaus\u0117, ar atsistatydinsiu, nors rungtyn\u0117s nesu\u017eaistos. Nejau rinktinei linkime blogumo, taigi m\u016bs\u0173 Lietuvos rinktin\u0117, mes gi neginame ka\u017ekieno, vyrai stengiasi, gri\u016bna. A\u0161 nelemiu nei federacijos, nei prezidento rinkim\u0173. A\u0161 at\u0117jau, Europos \u010dempionate \u017eaid\u0117me gerai. Visada galima geriau. Dabar \u017eaid\u017eiame pras\u010diau, taip jau yra. O kad ka\u017ekas ka\u017ek\u0105 i\u0161rinko, ateis ka\u017ekas, a\u0161 tame nedalyvauju. Turi 5 an\u016bkus, turiu 5 \u0161unis, turiu k\u0105 veikti.<\/p>\n<p>\u2013 Ar d\u017eiaugiat\u0117s V. Dambrausko triumfu su \u201eSabah\u201c?<\/p>\n<p>\u2013 Pasaulinis \u012fvykis, tai \u012fvyko pirm\u0105syk. Labai gerai j\u012f pa\u017e\u012fstu, d\u017eiaugiuosi jo ir \u201eSabah\u201c s\u0117kme krep\u0161inyje ir futbole. Manau, jis atliko labai didel\u012f darb\u0105, i\u0161vesdamas komand\u0105 \u012f \u010cempion\u0173 lyg\u0105.<\/p>\n<p>\u00a0<\/p>\n","protected":false},"excerpt":{"rendered":"\u00a0Lietuvos rinktin\u0117 pasaulio \u010dempionato atrankos turnyre i\u0161kovojo itin svarbi\u0105 pergal\u0119 siekiant patekti \u012f pirmenybes. M\u016bsi\u0161kiai namuose paties\u0117 Bosnijos&hellip;\n","protected":false},"author":2,"featured_media":265956,"comment_status":"","ping_status":"","sticky":false,"template":"","format":"standard","meta":{"footnotes":"","_share_on_mastodon":"0"},"categories":[6],"tags":[25,30,31,57,43,34,35,55,48,24,54,51,49,50,32,33,37,39,36,38,40,45,23,22,44,28,29,53,42,56,47,112,26,27,46,58,52],"class_list":["post-265955","post","type-post","status-publish","format-standard","has-post-thumbnail","category-antrastes","tag-antrastes","tag-breaking-news","tag-breakingnews","tag-daiktai","tag-dienos-kronika","tag-featured-news","tag-featurednews","tag-gatves-tekstai","tag-gyvenimas","tag-headlines","tag-interneto-pievos","tag-keliones","tag-kultura","tag-laisvalaikis","tag-latest-news","tag-latestnews","tag-lietuva","tag-lietuviu","tag-lithuania","tag-lithuanian","tag-lt","tag-mokslas-ir-it","tag-naujienos","tag-news","tag-pasaulis","tag-populiariausios-naujienos","tag-populiariausiosnaujienos","tag-projektai","tag-rinktiniai-tekstai","tag-simtmecio-portalas","tag-sportas","tag-sportas-lt","tag-top-stories","tag-topstories","tag-verslas","tag-video","tag-zaidimai"],"share_on_mastodon":{"url":"","error":"Validation failed: Text character limit of 500 exceeded"},"_links":{"self":[{"href":"https:\/\/www.europesays.com\/lt\/wp-json\/wp\/v2\/posts\/265955","targetHints":{"allow":["GET"]}}],"collection":[{"href":"https:\/\/www.europesays.com\/lt\/wp-json\/wp\/v2\/posts"}],"about":[{"href":"https:\/\/www.europesays.com\/lt\/wp-json\/wp\/v2\/types\/post"}],"author":[{"embeddable":true,"href":"https:\/\/www.europesays.com\/lt\/wp-json\/wp\/v2\/users\/2"}],"replies":[{"embeddable":true,"href":"https:\/\/www.europesays.com\/lt\/wp-json\/wp\/v2\/comments?post=265955"}],"version-history":[{"count":0,"href":"https:\/\/www.europesays.com\/lt\/wp-json\/wp\/v2\/posts\/265955\/revisions"}],"wp:featuredmedia":[{"embeddable":true,"href":"https:\/\/www.europesays.com\/lt\/wp-json\/wp\/v2\/media\/265956"}],"wp:attachment":[{"href":"https:\/\/www.europesays.com\/lt\/wp-json\/wp\/v2\/media?parent=265955"}],"wp:term":[{"taxonomy":"category","embeddable":true,"href":"https:\/\/www.europesays.com\/lt\/wp-json\/wp\/v2\/categories?post=265955"},{"taxonomy":"post_tag","embeddable":true,"href":"https:\/\/www.europesays.com\/lt\/wp-json\/wp\/v2\/tags?post=265955"}],"curies":[{"name":"wp","href":"https:\/\/api.w.org\/{rel}","templated":true}]}}