{"id":265963,"date":"2026-09-01T01:20:13","date_gmt":"2026-09-01T01:20:13","guid":{"rendered":"https:\/\/www.europesays.com\/lt\/265963\/"},"modified":"2026-09-01T01:20:13","modified_gmt":"2026-09-01T01:20:13","slug":"dominykas-dirkstys-viesumoje-uzfiksuotas-su-kita-garsia-mergina-stai-ka-veike","status":"publish","type":"post","link":"https:\/\/www.europesays.com\/lt\/265963\/","title":{"rendered":"Dominykas Dirkstys vie\u0161umoje u\u017efiksuotas su kita garsia mergina: \u0161tai k\u0105 veik\u0117"},"content":{"rendered":"\n<p>Kiek anks\u010diau internaut\u0173 d\u0117mes\u012f\u00a0patrauk\u0117 vaizdo \u012fra\u0161e skamb\u0117jusi daina. D. Dirkstys ir I. \u0160ad\u017ei\u016bt\u0117 \u0161oko pagal k\u016brin\u012f \u201eOlialia pupyt\u0117s\u201c, kuris daugeliui siejasi su buvusia kovotojo mylim\u0105ja O.\u00a0Pikul.<\/p>\n<p> Pasirod\u0117 vie\u0161umoje <\/p>\n<p>Pirmadienio vakar\u0105 <a href=\"https:\/\/www.tv3.lt\/gaires\/lietuvos-vyru-krepsinio-rinktine\" target=\"_blank\" class=\"phrase\" rel=\"nofollow noopener\">Lietuvos krep\u0161inio rinktin\u0117<\/a> susitinka su bosniais.\u00a0<\/p>\n<p>Kaip paai\u0161k\u0117jo, rungtynes stebi ir kovotojas <a href=\"https:\/\/www.tv3.lt\/gaires\/dominykas-dirkstys\" target=\"_blank\" rel=\"nofollow noopener\">Dominykas Dirkstys<\/a>. Tiesa, jam kompanij\u0105 palaik\u0117\u00a018-met\u0117\u00a0sprinter\u0117 <a href=\"https:\/\/www.tv3.lt\/gaires\/ieva-sadziute\" target=\"_blank\" rel=\"nofollow noopener\">Ieva \u0160ad\u017ei\u016bt\u0117<\/a>.<\/p>\n<p>        <a href=\"https:\/\/www.tv3.lt\/Uploads\/UGallery\/photos\/22\/ff\/7c\/d5\/22ff7cd5250bba8c1eeddfd865060573.jpg\" data-fancybox=\"photos-embed\" data-caption=\"Dominykas Dirkstys, Ieva \u0160ad\u017ei\u016bt\u0117\" target=\"_self\" rel=\"nofollow noopener\"> <img decoding=\"async\" class=\"photo-inside-article\" align=\"center\" alt=\"Dominykas Dirkstys, Ieva \u0160ad\u017ei\u016bt\u0117\" title=\"Dominykas Dirkstys, Ieva \u0160ad\u017ei\u016bt\u0117\" src=\"https:\/\/www.europesays.com\/lt\/wp-content\/uploads\/2026\/09\/22ff7cd5250bba8c1eeddfd865060573.jpg\" width=\"684\" height=\"654\" loading=\"lazy\" \/> <\/a>       <\/p>\n<p>Neilgai trukus vaizdo \u012fra\u0161e su kovotoju pasirod\u017eiusi mergina patrauk\u0117 internaut\u0173 d\u0117mes\u012f.<\/p>\n<p>Naujien\u0173 portalas <a href=\"https:\/\/www.tv3.lt\/programos\/tv3\/pilna\" target=\"_blank\" class=\"phrase\" rel=\"nofollow noopener\">tv3<\/a>.lt \u0161i\u0105 vasar\u0105 ra\u0161\u0117 apie I. \u0160ad\u017ei\u016bt\u0119, dalyvavusia\u00a0Jud\u017eine (JAV) vykstan\u010diame Pasaulio jaunimo (U20) \u010dempionate.<\/p>\n<p>T\u0105kart\u00a0ji distancij\u0105 \u012fveik\u0117 per 11,83 sek., savo atrankos b\u0117gime u\u017e\u0117m\u0117 6 viet\u0105, o galutin\u0117je \u012fskaitoje tarp 64 lengvaatle\u010di\u0173 liko 45-ta. B\u0117gik\u0117s pademonstruotas rezultatas \u2013 penktas karjeroje, o iki asmeninio rekordo, pasiekto \u0161\u012f bir\u017eel\u012f, pritr\u016bko 0,12 sek.<\/p>\n<p>\u201eAtva\u017eiavau \u012f \u010dempionat\u0105 nor\u0117dama pagerinti asmenin\u012f rekord\u0105. B\u016bt\u0173 buv\u0119 labai smagu patekti ir \u012f pusfinal\u012f. Visgi teko b\u0117gti esant nuliniam v\u0117jui \u2013 nebuvo, kas mane past\u016bm\u0117t\u0173, o ir kar\u0161tis t\u0105 valand\u0105 nebuvo toks, kok\u012f m\u0117gstame mes, sprinteriai, tad rezultatas galb\u016bt n\u0117ra toks, apie kok\u012f svajojau. Visgi esu labai laiminga gal\u0117jusi atstovauti <a href=\"https:\/\/www.tv3.lt\/rubrika\/naujienos\/lietuva\" target=\"_blank\" class=\"phrase\" rel=\"nofollow noopener\">Lietuvai<\/a> tokio lygio var\u017eybose\u201c, \u2013 \u012fsp\u016bd\u017eiais dalijosi I. \u0160ad\u017ei\u016bt\u0117.<\/p>\n<p>           <a href=\"https:\/\/www.tv3.lt\/Uploads\/UGallery\/photos\/55\/ea\/ef\/21\/55eaef21b595d845752ef41bbdfa3eee.jpg\" data-fancybox=\"photos-embed\" data-caption=\"Ieva \u0160ad\u017ei\u016bt\u0117 (nuotr. Organizatori\u0173)\" target=\"_self\" rel=\"nofollow noopener\"> <img decoding=\"async\" class=\"photo-inside-article\" align=\"center\" alt=\"Ieva \u0160ad\u017ei\u016bt\u0117 (nuotr. Organizatori\u0173)\" title=\"Ieva \u0160ad\u017ei\u016bt\u0117 (nuotr. Organizatori\u0173)\" src=\"https:\/\/www.europesays.com\/lt\/wp-content\/uploads\/2026\/09\/55eaef21b595d845752ef41bbdfa3eee.jpg\" width=\"684\" height=\"654\" loading=\"lazy\" \/> <\/a><br \/>\nIeva \u0160ad\u017ei\u016bt\u0117 (nuotr. Organizatori\u0173) <\/p>\n<p>\u201eStadionas yra \u012fsp\u016bdingas, takas, kaip ir visi sako, \u2013 labai greitas. Pati atmosfera nuostabi, aplink gausu nuostabi\u0173, gerai \u017einom\u0173 sportinink\u0173, gera b\u016bti \u0161alia, steb\u0117ti, kaip jie ap\u0161ilin\u0117ja, kaip ruo\u0161iasi startui\u2026 Tikrai ne\u012fkainojama patirtis, padariau tai, k\u0105 \u0161iuo metu galiu geriausiai, o dabar toliau dirbsiu ir, tikiuosi, kitas sezonas man atne\u0161 nuostabius rezultatus\u201c, \u2013 apibendrino\u00a0sprinter\u0117.<\/p>\n<p>    Pikul atsakas <\/p>\n<p>Primename, kad \u012f j\u0173 bendr\u0105 vaizdo \u012fra\u0161\u0105 sureagavo ir O. Pikul. Socialiniuose tinkluose\u00a0moteris sak\u0117, kad jau anks\u010diau d\u0117l min\u0117tos merginos yra kil\u0119 konflikt\u0173. Ji pasakojo:<\/p>\n<p>\u201eKad suprastum\u0117te, kas \u010dia vyksta, tai \u0161itas \u0161okis ir \u0161is video buvo skirtas man. Netgi mano daina u\u017ed\u0117ta, tod\u0117l, kad mes tur\u0117jome konflikt\u0105, kur\u00a0buvo \u012ftraukta \u0161ita mergina. Tuo metu Dominykas neatvyko \u012f mano s\u016bnaus gimtadien\u012f, nes jis po Klaip\u0117d\u0105 lakst\u0117 240 kilometr\u0173 per valand\u0105 grei\u010diu ir tai padar\u0117 net \u0161e\u0161is kartus, kur greitis vietomis 70, kitur 40, ir laikino jos \u012fra\u0161us&#8230;<\/p>\n<p>        <a href=\"https:\/\/www.tv3.lt\/Uploads\/UGallery\/photos\/fc\/72\/df\/85\/fc72df857d0af8fbab01612341d2bc0b.jpg\" data-fancybox=\"photos-embed\" data-caption=\"Oksanos Pikul atostogos Kipre\" target=\"_self\" rel=\"nofollow noopener\"> <img decoding=\"async\" class=\"photo-inside-article\" align=\"center\" alt=\"Oksanos Pikul atostogos Kipre\" title=\"Oksanos Pikul atostogos Kipre\" src=\"https:\/\/www.europesays.com\/lt\/wp-content\/uploads\/2026\/09\/fc72df857d0af8fbab01612341d2bc0b.jpg\" width=\"684\" height=\"654\" loading=\"lazy\" \/> <\/a><br \/>\nOksanos Pikul atostogos Kipre (nuotr. asm. archyvo) <\/p>\n<p>Tai buvo man skirta. Sakysit, kad susireik\u0161minau \u2013 gal. Lai b\u016bna. Kaip supratote, a\u0161 esu u\u017e tikrum\u0105, u\u017e disciplin\u0105. Tikrai su laiku atsisijojau, kas yra juoda, kas yra balta.<\/p>\n<p>Ne visuomet i\u0161kart supranti \u017emogi\u0161kuosius\u00a0faktorius, nesupranti, kas per \u017emogus. Buvo daug kalb\u0117ta, koks jis disciplinuotas, kiek jis sportuoja, koks jis bus puikus pavyzdys mano s\u016bnui, bet rezultate matome, kad disciplinos ten n\u0117ra,\u00a0naktimis lakstymas su svetimu automobiliu baisuliniais grei\u010diais, vie\u0161oje erdv\u0117je \u017eaidimai ir t. t. Tikrai nor\u0117josi i\u0161sibraukti, palikti, i\u0161sitrinti\u201c.<\/p>\n<p>     <a href=\"https:\/\/www.tv3.lt\/Uploads\/UGallery\/photos\/ee\/90\/ac\/28\/ee90ac28a8bb146b3d834422f0ad3391.jpg\" data-fancybox=\"photos-embed\" data-caption=\"Oksana Pikul, Dominykas Dirkstys (nuotr. BNS)\" target=\"_self\" rel=\"nofollow noopener\"> <img decoding=\"async\" class=\"photo-inside-article\" align=\"center\" alt=\"Oksana Pikul, Dominykas Dirkstys (nuotr. BNS)\" title=\"Oksana Pikul, Dominykas Dirkstys (nuotr. BNS)\" src=\"https:\/\/www.europesays.com\/lt\/wp-content\/uploads\/2026\/09\/ee90ac28a8bb146b3d834422f0ad3391.jpg\" width=\"684\" height=\"654\" loading=\"lazy\" \/> <\/a>        <\/p>\n<p>Kvie\u010diame atrasti nauj\u0105 tv3.lt turin\u012f! Nuo \u0161iol portale j\u016bs\u0173 laukia ne tik <a href=\"https:\/\/www.tv3.lt\/testai\" rel=\"nofollow noopener\" target=\"_blank\">kasdien nauji testai<\/a>, bet ir <a href=\"https:\/\/www.tv3.lt\/kryziazodziai\" rel=\"nofollow noopener\" target=\"_blank\">kry\u017eia\u017eod\u017eiai <\/a>\u2013 i\u0161bandykite savo \u017einias, spr\u0119skite ir smagiai praleiskite laik\u0105. <\/p>\n","protected":false},"excerpt":{"rendered":"Kiek anks\u010diau internaut\u0173 d\u0117mes\u012f\u00a0patrauk\u0117 vaizdo \u012fra\u0161e skamb\u0117jusi daina. D. Dirkstys ir I. \u0160ad\u017ei\u016bt\u0117 \u0161oko pagal k\u016brin\u012f \u201eOlialia pupyt\u0117s\u201c,&hellip;\n","protected":false},"author":2,"featured_media":265964,"comment_status":"","ping_status":"","sticky":false,"template":"","format":"standard","meta":{"footnotes":"","_share_on_mastodon":"0"},"categories":[6],"tags":[38580,25,30,31,57,43,34,35,55,48,24,54,51,49,50,32,33,37,39,36,38,40,45,23,22,44,28,29,53,42,56,47,26,27,41,46,58,52],"class_list":["post-265963","post","type-post","status-publish","format-standard","has-post-thumbnail","category-antrastes","tag-2026-08-31-202200","tag-antrastes","tag-breaking-news","tag-breakingnews","tag-daiktai","tag-dienos-kronika","tag-featured-news","tag-featurednews","tag-gatves-tekstai","tag-gyvenimas","tag-headlines","tag-interneto-pievos","tag-keliones","tag-kultura","tag-laisvalaikis","tag-latest-news","tag-latestnews","tag-lietuva","tag-lietuviu","tag-lithuania","tag-lithuanian","tag-lt","tag-mokslas-ir-it","tag-naujienos","tag-news","tag-pasaulis","tag-populiariausios-naujienos","tag-populiariausiosnaujienos","tag-projektai","tag-rinktiniai-tekstai","tag-simtmecio-portalas","tag-sportas","tag-top-stories","tag-topstories","tag-tv3-lt","tag-verslas","tag-video","tag-zaidimai"],"share_on_mastodon":{"url":"","error":"Validation failed: Text character limit of 500 exceeded"},"_links":{"self":[{"href":"https:\/\/www.europesays.com\/lt\/wp-json\/wp\/v2\/posts\/265963","targetHints":{"allow":["GET"]}}],"collection":[{"href":"https:\/\/www.europesays.com\/lt\/wp-json\/wp\/v2\/posts"}],"about":[{"href":"https:\/\/www.europesays.com\/lt\/wp-json\/wp\/v2\/types\/post"}],"author":[{"embeddable":true,"href":"https:\/\/www.europesays.com\/lt\/wp-json\/wp\/v2\/users\/2"}],"replies":[{"embeddable":true,"href":"https:\/\/www.europesays.com\/lt\/wp-json\/wp\/v2\/comments?post=265963"}],"version-history":[{"count":0,"href":"https:\/\/www.europesays.com\/lt\/wp-json\/wp\/v2\/posts\/265963\/revisions"}],"wp:featuredmedia":[{"embeddable":true,"href":"https:\/\/www.europesays.com\/lt\/wp-json\/wp\/v2\/media\/265964"}],"wp:attachment":[{"href":"https:\/\/www.europesays.com\/lt\/wp-json\/wp\/v2\/media?parent=265963"}],"wp:term":[{"taxonomy":"category","embeddable":true,"href":"https:\/\/www.europesays.com\/lt\/wp-json\/wp\/v2\/categories?post=265963"},{"taxonomy":"post_tag","embeddable":true,"href":"https:\/\/www.europesays.com\/lt\/wp-json\/wp\/v2\/tags?post=265963"}],"curies":[{"name":"wp","href":"https:\/\/api.w.org\/{rel}","templated":true}]}}