{"id":265967,"date":"2026-09-01T01:27:44","date_gmt":"2026-09-01T01:27:44","guid":{"rendered":"https:\/\/www.europesays.com\/lt\/265967\/"},"modified":"2026-09-01T01:27:44","modified_gmt":"2026-09-01T01:27:44","slug":"dar-vienas-netiketas-posukis-vilniuje-nutraukiama-25-mln-euru-vertes-sutartis","status":"publish","type":"post","link":"https:\/\/www.europesays.com\/lt\/265967\/","title":{"rendered":"Dar vienas netik\u0117tas pos\u016bkis Vilniuje: nutraukiama 2,5 mln. eur\u0173 vert\u0117s sutartis"},"content":{"rendered":"<p class=\"wp-block-paragraph\">Vilniaus apskrities atliek\u0173 tvarkymo centrui (VAATC) per\u0117mus Vilniaus mi\u0161ri\u0173 komunalini\u0173 atliek\u0173 r\u016b\u0161iavimo gamyklos (Vilniaus mechaninio biologinio apdorojimo gamykla, MBA) kontrol\u0119 ir d\u0117l regiono atliek\u0173 r\u016b\u0161iavimo susitarus su trimis \u012fmon\u0117mis, su viena j\u0173 \u2013 \u201eEkonovus\u201c \u2013 liep\u0105 pasira\u0161yta 2,5 mln. eur\u0173 vert\u0117s sutartis bus nutraukta.<\/p>\n<p class=\"wp-block-paragraph\">Kaip BNS nurod\u0117 VAATC komunikacijos vadovas Germanas Kavalskis, \u0161iuo metu sutartis yra \u201enutraukimo procese\u201c, ta\u010diau nutraukimo s\u0105lyg\u0173 jis nekomentavo.<\/p>\n<p class=\"wp-block-paragraph\">\u201eSutartis yra nutraukimo procese ir daugiau \u0161iuo klausimu negaliu pasakyti (\u2026), sutartis bus nutraukiama pagal sutarties nuostatas\u201c, \u2013 BNS pirmadien\u012f sak\u0117 G. Kavalskis.<\/p>\n<p>Skaitykite taip pat<a class=\"miv-ax-rel-link\" href=\"https:\/\/madeinvilnius.lt\/naujienos\/svietimas\/nuo-rugsejo-vilniaus-mokyklose-svarbus-pokyciai-daliai-mokiniu-teks-mokytis-biuruose\/\" rel=\"nofollow noopener\" target=\"_blank\">Nuo rugs\u0117jo Vilniaus mokyklose \u2013 svarb\u016bs poky\u010diai: daliai mokini\u0173 teks mokytis biuruose<\/a><a class=\"miv-ax-rel-link\" href=\"https:\/\/madeinvilnius.lt\/naujienos\/turizmas\/turistu-pamegtoje-europos-vietoje-netiketas-pavojus-po-zeme-mokslininkai-fiksuoja-aktyvumo-pozymius\/\" rel=\"nofollow noopener\" target=\"_blank\">Turist\u0173 pam\u0117gtoje Europos vietoje \u2013 netik\u0117tas pavojus po \u017eeme: mokslininkai fiksuoja aktyvumo po\u017eymius<\/a><\/p>\n<p class=\"wp-block-paragraph\">Su \u201eEkonovus\u201c vadovu BNS susisiekti kol kas nepavyko. Romas Draskinis anks\u010diau BNS sak\u0117 negird\u0117j\u0119s nei apie tok\u012f sprendim\u0105, nei apie galim\u0105 sutarties nutraukim\u0105.<\/p>\n<p class=\"wp-block-paragraph\">Kaip ra\u0161\u0117 BNS, atliekos nuo pirmadienio r\u016b\u0161iuojamos tik bendrov\u0117s \u201eEcoservice\u201c aik\u0161tel\u0117je prie Gari\u016bn\u0173 ir \u201eEkobaz\u0117s\u201c teritorijoje Lentvario gatv\u0117je.<\/p>\n<p class=\"wp-block-paragraph\">Tuo metu \u012f \u201eEkonovus\u201c aik\u0161teles, pasak G. Kavalskio, nei Naujoje Vilnioje, Pramon\u0117s gatv\u0117je, nei Paneriuose, Sand\u0117li\u0173 gatv\u0117je, atliekos neve\u017eamos: \u201e\u012e j\u0173 (\u201eEkonovus\u201c \u2013 BNS) aik\u0161teles atliekos niekur neb\u0117ra ve\u017eamos.\u201c<\/p>\n<p class=\"wp-block-paragraph\">Pasak VAATC atstovo, regiono atliekos \u0161iuo metu tvarkomos tik \u201eEkobaz\u0117s\u201c, \u201eEcoservice\u201c ir VAATC paj\u0117gumais.<\/p>\n<p class=\"wp-block-paragraph\">BNS ra\u0161\u0117, kad VAATC d\u0117l 100 proc. regiono atliek\u0173 r\u016b\u0161iavimo buvo susitar\u0119s su \u201eEcoservice\u201c, \u201eEkonovus\u201c ir \u201eEkobaze\u201c.<\/p>\n<p class=\"wp-block-paragraph\">VAATC su \u201eEkonovus\u201c liepos 17 dien\u0105 pasira\u0161\u0117 2,5 mln. eur\u0173 vert\u0117s \u0161e\u0161i\u0173 m\u0117nesi\u0173 trukm\u0117s arba iki tokios vert\u0117s sutart\u012f, pagal kuri\u0105 \u201eEkonovus\u201c u\u017e ton\u0105 sutvarkyt\u0173 atliek\u0173 mokami 77 eurai (be PVM). Pagal j\u0105 \u012fmon\u0117 tur\u0117jo dal\u012f sur\u016b\u0161iuot\u0173 atliek\u0173 pristatyti Vilniaus kogeneracinei j\u0117gainei (VKJ) bei dal\u012f pristatyti \u012f MBA gamykl\u0105.<\/p>\n<p class=\"wp-block-paragraph\">Vilniaus savivaldybei pra\u0117jus\u012f antradien\u012f nusprendus Naujoje Vilnioje tvarkomas komunalines atliekas ve\u017eti \u012f Paneriuose, netoli Gari\u016bn\u0173 esan\u010di\u0105 \u012fmon\u0117s \u201eEkonovus\u201c aik\u0161tel\u0119, Vilniaus ekstremali\u0173j\u0173 situacij\u0173 operacij\u0173 centras (ESOC) pra\u0117jus\u012f tre\u010diadien\u012f sprendim\u0105 pakeit\u0117 \u2013 atliekos ten nebeve\u017eamos.<\/p>\n<p class=\"wp-block-paragraph\">AAD: tyrimas Naujoje Vilnioje t\u0119siamas, Paneriuose aik\u0161tel\u0117 dar tik \u012frengiama<\/p>\n<p class=\"wp-block-paragraph\">Gyventojams piktinantis d\u0117l <a style=\"font-weight:bold;\" href=\"https:\/\/madeinvilnius.lt\/tema\/naujoji-vilnia\/\" target=\"_blank\" rel=\"nofollow noopener\">Naujojoje Vilnioje<\/a> \u201eEkonovus\u201c tvarkom\u0173 atliek\u0173, nuspr\u0119sta j\u0173 nebeve\u017eti \u012f \u010dia esan\u010di\u0105 aik\u0161tel\u0119, kuri\u0105 naudoja \u201eEkonovus\u201c nuomodamasi i\u0161 bendrov\u0117s \u201e\u0160atruva\u201c.\u00a0<\/p>\n<p class=\"wp-block-paragraph\">Kaip ra\u0161\u0117 BNS, Aplinkos apsaugos departamento (AAD) pareig\u016bnai rugpj\u016b\u010dio 10-\u0105j\u0105 pakartotinai apsilank\u0117 \u0161ioje teritorijoje ir nustat\u0117 pa\u017eeidim\u0173 \u2013 \u010dia nebuvo priemoni\u0173, u\u017etikrinan\u010di\u0173, kad pavir\u0161in\u0117s nuotekos nenutek\u0117t\u0173 \u012f \u0161alia esan\u010dias teritorijas.<\/p>\n<p class=\"wp-block-paragraph\">Be to, \u0161alia zonos, kur laikomos po r\u016b\u0161iavimo likusios netinkamos deginti atliekos, \u012frengtas pavir\u0161ini\u0173 nuotek\u0173 \u0161ulinys, jo pavir\u0161ius u\u017eter\u0161tas \u017eem\u0117mis ir atliekomis. Inspektoriai u\u017efiksavo ir kit\u0173 pa\u017eeidim\u0173.<\/p>\n<p class=\"wp-block-paragraph\">Kaip BNS nurod\u0117 AAD, rugpj\u016b\u010dio 10 dien\u0105 atliktas patikrinimas iki \u0161iol n\u0117ra baigtas, jo metu atliekami vizitai \u012f \u012fmon\u0119. Pasak aplinkosauginink\u0173, privalom\u0105j\u012f nurodym\u0105 \u201e\u0160atruva\u201c turi \u012fvykdyti iki rugs\u0117jo 11 dienos.<\/p>\n<p class=\"wp-block-paragraph\">\u201ePo rugpj\u016b\u010dio 10 dienos AAD pareig\u016bnai dar yra atlik\u0119 kelis papildomus inspekcinius vizitus. I\u0161samesn\u0119 informacij\u0105 apie patikrinimo metu nustatytas aplinkybes gal\u0117sime pateikti j\u012f u\u017ebaig\u0119 ir \u012fvertin\u0119 surinktus duomenis\u201c, \u2013 komentare BNS teig\u0117 departamentas.<\/p>\n<p class=\"wp-block-paragraph\">Tuo metu Paneriuose, Sand\u0117li\u0173 gatv\u0117je, anot aplinkosauginink\u0173, esan\u010dioje aik\u0161tel\u0117je n\u0117ra tvarkomos atliekos, nes ji dar tik \u012frengiama.<\/p>\n<p class=\"wp-block-paragraph\">Pasak AAD, \u201eEkonovus\u201c turi vien\u0105 aik\u0161tel\u0119 Liepkalnio gatv\u0117je, ta\u010diau nenustatyta, kad ten b\u016bt\u0173 ve\u017eamos r\u016b\u0161iuoti Vilniaus regiono atliekos.<\/p>\n<p class=\"wp-block-paragraph\">\u201e\u012emon\u0117s atliek\u0173 tvarkymo aik\u0161tel\u0117je Liepkalnio gatv\u0117je 172, Vilniuje, patikrinimas nebuvo atliekamas, ta\u010diau ESOC pavedus mi\u0161rias komunalines atliekas tvarkyti \u201eEkonovus\u201c AAD buvo gauta informacija, kad galimai dalis atliek\u0173 ve\u017eamos \u012f Liepkalnio gatv\u0117s aik\u0161tel\u0119. Atlikus inspekcin\u012f vizit\u0105 nustatyta, kad informacija nepasitvirtino\u201c, \u2013 komentare BNS teig\u0117 AAD.<\/p>\n<p class=\"wp-block-paragraph\">Kaip ra\u0161\u0117 BNS, \u0161iuk\u0161li\u0173 kriz\u0117 Vilniaus regione kilo d\u0117l pernyk\u0161\u010dio gaisro Vilniaus atliek\u0173 r\u016b\u0161iavimo gamykloje, iki \u0161iol neatsta\u010dius jos veiklos.<\/p>\n","protected":false},"excerpt":{"rendered":"Vilniaus apskrities atliek\u0173 tvarkymo centrui (VAATC) per\u0117mus Vilniaus mi\u0161ri\u0173 komunalini\u0173 atliek\u0173 r\u016b\u0161iavimo gamyklos (Vilniaus mechaninio biologinio apdorojimo gamykla,&hellip;\n","protected":false},"author":2,"featured_media":265968,"comment_status":"","ping_status":"","sticky":false,"template":"","format":"standard","meta":{"footnotes":"","_share_on_mastodon":"0"},"categories":[6],"tags":[25,4781,30,31,34,35,24,32,33,37,39,36,38,40,65,23,22,28,29,22820,26,27],"class_list":["post-265967","post","type-post","status-publish","format-standard","has-post-thumbnail","category-antrastes","tag-antrastes","tag-atliekos","tag-breaking-news","tag-breakingnews","tag-featured-news","tag-featurednews","tag-headlines","tag-latest-news","tag-latestnews","tag-lietuva","tag-lietuviu","tag-lithuania","tag-lithuanian","tag-lt","tag-naujiena","tag-naujienos","tag-news","tag-populiariausios-naujienos","tag-populiariausiosnaujienos","tag-siuksles","tag-top-stories","tag-topstories"],"share_on_mastodon":{"url":"https:\/\/pubeurope.com\/@lt\/117193188464329915","error":""},"_links":{"self":[{"href":"https:\/\/www.europesays.com\/lt\/wp-json\/wp\/v2\/posts\/265967","targetHints":{"allow":["GET"]}}],"collection":[{"href":"https:\/\/www.europesays.com\/lt\/wp-json\/wp\/v2\/posts"}],"about":[{"href":"https:\/\/www.europesays.com\/lt\/wp-json\/wp\/v2\/types\/post"}],"author":[{"embeddable":true,"href":"https:\/\/www.europesays.com\/lt\/wp-json\/wp\/v2\/users\/2"}],"replies":[{"embeddable":true,"href":"https:\/\/www.europesays.com\/lt\/wp-json\/wp\/v2\/comments?post=265967"}],"version-history":[{"count":0,"href":"https:\/\/www.europesays.com\/lt\/wp-json\/wp\/v2\/posts\/265967\/revisions"}],"wp:featuredmedia":[{"embeddable":true,"href":"https:\/\/www.europesays.com\/lt\/wp-json\/wp\/v2\/media\/265968"}],"wp:attachment":[{"href":"https:\/\/www.europesays.com\/lt\/wp-json\/wp\/v2\/media?parent=265967"}],"wp:term":[{"taxonomy":"category","embeddable":true,"href":"https:\/\/www.europesays.com\/lt\/wp-json\/wp\/v2\/categories?post=265967"},{"taxonomy":"post_tag","embeddable":true,"href":"https:\/\/www.europesays.com\/lt\/wp-json\/wp\/v2\/tags?post=265967"}],"curies":[{"name":"wp","href":"https:\/\/api.w.org\/{rel}","templated":true}]}}