{"id":265971,"date":"2026-09-01T02:10:03","date_gmt":"2026-09-01T02:10:03","guid":{"rendered":"https:\/\/www.europesays.com\/lt\/265971\/"},"modified":"2026-09-01T02:10:03","modified_gmt":"2026-09-01T02:10:03","slug":"renginiai-alytuje-08-31-09-06-kas-vyksta-musu-kraste","status":"publish","type":"post","link":"https:\/\/www.europesays.com\/lt\/265971\/","title":{"rendered":"Renginiai Alytuje (08.31-09.06): Kas vyksta m\u016bs\u0173 kra\u0161te?"},"content":{"rendered":"<p>Klausykite Jums patogiu metu \u2013 prenumeruokite podcast\u2019\u0105:<\/p>\n<p class=\"wp-block-paragraph\">Rugs\u0117jis Alytuje prasideda ne tik sugr\u012f\u017eimu \u012f mokyklas, bet ir rengini\u0173 savaite. Jau rugs\u0117jo 1-\u0105j\u0105 Sodo estradoje mokslo met\u0173 prad\u017ei\u0105 kvies \u0161v\u0119sti muzika, pramogos ir \u201eAteities al\u0117ja\u201c, o kitomis dienomis rengini\u0173 netr\u016bks ir ie\u0161kantiems ramesnio laisvalaikio. Senjor\u0173 lauks \u201eD\u017eiaugsmo prie\u0161pietis\u201c, Audiovizuali\u0173j\u0173 men\u0173 centre prasid\u0117s \u017eyd\u0173 istorijai ir kult\u016brai skirtas rengini\u0173 ciklas, o savait\u0117s pabaigoje duris atvers naujos fotografijos ir tapybos parodos. Kvie\u010diame su\u017einoti, kur ir k\u0105 verta aplankyti Alytuje pirm\u0105j\u0105 rugs\u0117jo savait\u0119!<\/p>\n<p class=\"wp-block-paragraph\"><a href=\"https:\/\/kinasdainava.lt\/\" data-type=\"link\" data-id=\"https:\/\/kinasdainava.lt\/\" rel=\"nofollow noopener\" target=\"_blank\">Kino teatras DAINAVA<\/a> kvie\u010dia pamatyti daug puik\u0173 kino film\u0173.<\/p>\n<p class=\"wp-block-paragraph\">Antradienis (09.01):<\/p>\n<p class=\"wp-block-paragraph\">15 val. Alytaus miesto Sodo estradoje rugs\u0117jo 1-osios \u0161vent\u0117 \u201ePails\u0117jome \u2013 laikas \u0161v\u0119sti!\u201c: mug\u0117, patir\u010di\u0173 laikas, vakaro koncertas su Gabriele Vilkickyte ir Proflame, o po koncerto \u2013 DJ programa.<\/p>\n<p><a href=\"https:\/\/fm99.lt\/wp-content\/uploads\/2026\/08\/Vilkickyte.jpg\" rel=\"nofollow noopener\" target=\"_blank\"><img loading=\"lazy\" data-lazyloaded=\"1\" decoding=\"async\" width=\"1920\" height=\"1278\" src=\"https:\/\/www.europesays.com\/lt\/wp-content\/uploads\/2026\/09\/Vilkickyte-1920x1278.jpg\" alt=\"\" class=\"wp-image-252525\" data-fancybox=\"\"  data-\/><\/a>Gabriel\u0117 Vilkickyt\u0117 (\u0161i ir vir\u0161elio nuotr. i\u0161 asmeninio daininink\u0117s archyvo)<\/p>\n<p class=\"wp-block-paragraph\">Tre\u010diadienis (09.02):<\/p>\n<p class=\"wp-block-paragraph\">11 val. Alytaus Jurgio Kun\u010dino vie\u0161ojoje bibliotekoje (Jaunimo erdv\u0117je) D\u017eiaugsmo prie\u0161pietis senjorams: Bingo turnyras, viktorina ir \u0161ildanti arbata.<\/p>\n<p class=\"wp-block-paragraph\">Ketvirtadienis (09.03):<\/p>\n<p class=\"wp-block-paragraph\">16 val. Audiovizuali\u0173j\u0173 men\u0173 centre Nataljos Cheifac paskaita\u00a0\u201e\u017dyd\u0173 rudens \u0161vent\u0117s\u201c.<\/p>\n<p class=\"wp-block-paragraph\">Penktadienis (09.04):<\/p>\n<p class=\"wp-block-paragraph\">13 val.\u00a0Audiovizuali\u0173j\u0173 men\u0173 centre vyks\u00a0min\u0117jimo renginys, skirtas \u017eymiam Izraelio skulptoriui, gimusiam Alytuje,\u00a0Saadia Bahatui (Bok\u0161ickiui). Renginio metu muziejininkas Vilmantas Dunderis pristatys \u0161ios neeilin\u0117s, Holokaust\u0105 i\u0161gyvenusios asmenyb\u0117s istorij\u0105. Alytaus \u0161v. Benedikto gimnazijos moksleiviai skaitys i\u0161traukas i\u0161 S. Bahato memuar\u0173 \u201eI\u0161 vaikyst\u0117s rojaus \u012f pragar\u0105 ir atgal\u201c, o rengin\u012f u\u017ebaigsime filmo \u201eSaadia Bahatas: vieno vaiko istorija\u201c (autorius Kostas Kaj\u0117nas) per\u017ei\u016bra.<\/p>\n<p class=\"wp-block-paragraph\">Nuo rugs\u0117jo 5 d. \u2013 Audiovizuali\u0173j\u0173 men\u0173 centre\u00a0\u2013 Lino Vitkausko ir Fausto Augustino fotografij\u0173 paroda\u00a0\u201eAtvirukai\u201c. O Alytaus Jurgio Kun\u010dino vie\u0161ojoje bibliotekoje Ramu\u010dio Prapies\u010dio ir Rimos Prapiestien\u0117s tapybos darb\u0173 paroda \u201eKai spalvos skamba skirtingai\u201c<\/p>\n<p class=\"wp-block-paragraph\">Gra\u017eios pirmosios rudens savait\u0117s Dz\u016bkijos sostin\u0117je Alytuje!<\/p>\n","protected":false},"excerpt":{"rendered":"Klausykite Jums patogiu metu \u2013 prenumeruokite podcast\u2019\u0105: Rugs\u0117jis Alytuje prasideda ne tik sugr\u012f\u017eimu \u012f mokyklas, bet ir rengini\u0173&hellip;\n","protected":false},"author":2,"featured_media":265972,"comment_status":"","ping_status":"","sticky":false,"template":"","format":"standard","meta":{"footnotes":"","_share_on_mastodon":"0"},"categories":[13],"tags":[25,30,31,34,35,24,32,33,37,39,36,38,40,23,22,28,29,26,27],"class_list":["post-265971","post","type-post","status-publish","format-standard","has-post-thumbnail","category-lietuva","tag-antrastes","tag-breaking-news","tag-breakingnews","tag-featured-news","tag-featurednews","tag-headlines","tag-latest-news","tag-latestnews","tag-lietuva","tag-lietuviu","tag-lithuania","tag-lithuanian","tag-lt","tag-naujienos","tag-news","tag-populiariausios-naujienos","tag-populiariausiosnaujienos","tag-top-stories","tag-topstories"],"share_on_mastodon":{"url":"https:\/\/pubeurope.com\/@lt\/117193357935718645","error":""},"_links":{"self":[{"href":"https:\/\/www.europesays.com\/lt\/wp-json\/wp\/v2\/posts\/265971","targetHints":{"allow":["GET"]}}],"collection":[{"href":"https:\/\/www.europesays.com\/lt\/wp-json\/wp\/v2\/posts"}],"about":[{"href":"https:\/\/www.europesays.com\/lt\/wp-json\/wp\/v2\/types\/post"}],"author":[{"embeddable":true,"href":"https:\/\/www.europesays.com\/lt\/wp-json\/wp\/v2\/users\/2"}],"replies":[{"embeddable":true,"href":"https:\/\/www.europesays.com\/lt\/wp-json\/wp\/v2\/comments?post=265971"}],"version-history":[{"count":0,"href":"https:\/\/www.europesays.com\/lt\/wp-json\/wp\/v2\/posts\/265971\/revisions"}],"wp:featuredmedia":[{"embeddable":true,"href":"https:\/\/www.europesays.com\/lt\/wp-json\/wp\/v2\/media\/265972"}],"wp:attachment":[{"href":"https:\/\/www.europesays.com\/lt\/wp-json\/wp\/v2\/media?parent=265971"}],"wp:term":[{"taxonomy":"category","embeddable":true,"href":"https:\/\/www.europesays.com\/lt\/wp-json\/wp\/v2\/categories?post=265971"},{"taxonomy":"post_tag","embeddable":true,"href":"https:\/\/www.europesays.com\/lt\/wp-json\/wp\/v2\/tags?post=265971"}],"curies":[{"name":"wp","href":"https:\/\/api.w.org\/{rel}","templated":true}]}}