{"id":265973,"date":"2026-09-01T02:18:06","date_gmt":"2026-09-01T02:18:06","guid":{"rendered":"https:\/\/www.europesays.com\/lt\/265973\/"},"modified":"2026-09-01T02:18:06","modified_gmt":"2026-09-01T02:18:06","slug":"isvydusi-skulptura-lietuvoje-asta-manchester-nesusilaike-sunku-tai-priimti","status":"publish","type":"post","link":"https:\/\/www.europesays.com\/lt\/265973\/","title":{"rendered":"I\u0161vydusi skulpt\u016br\u0105 Lietuvoje Asta Manchester nesusilaik\u0117: \u201eSunku tai priimti\u201c"},"content":{"rendered":"\n<p style=\"text-align:justify\">Pama\u010diusi, kad \u0161i skulpt\u016bra yra eksponuojama vie\u0161oje vietoje, A. Manchester atvirai i\u0161klojo, k\u0105 galvoja.\u00a0<\/p>\n<p style=\"text-align:justify\">Savo mintimis ji pasidalijo socialiniuose tinkluose.\u00a0<\/p>\n<p> Asta Manchester nesusilaik\u0117 <\/p>\n<p style=\"text-align:justify\">\u201eEsu u\u017e k\u016brybos laisv\u0119 ir \u0161iuolaikin\u012f men\u0105, ta\u010diau \u0161iuo atveju man i\u0161 ties\u0173 sunku tai priimti.<\/p>\n<p style=\"text-align:justify\">Suprantu, kad \u0161iuolaikinis menas gali provokuoti ir kelti diskusijas, ta\u010diau vadinti \u0161i\u0105 skulpt\u016br\u0105 \u201eLietuvait\u0117\u201c ir eksponuoti j\u0105 vie\u0161oje erdv\u0117je man atrodo visi\u0161kai netinkama.<\/p>\n<p style=\"text-align:justify\">Man kli\u016bva ne moters k\u016bnas. Kli\u016bva \u017eeminanti poza, pats pavadinimas ir kontekstas.<\/p>\n<p style=\"text-align:justify\">Galerijos yra vieta provokuojan\u010diam menui, kur \u017emogus pats pasirenka, ar nori j\u012f pamatyti. Ta\u010diau vie\u0161osios erdv\u0117s priklauso mums visiems \u2013 taip pat ir vaikams.<\/p>\n<p style=\"text-align:justify\">Provokacija savaime n\u0117ra pa\u017eanga.<\/p>\n<p style=\"text-align:justify\">Lietuva turi nepaprastai gra\u017ei\u0105 ir turting\u0105 kult\u016brin\u0119 tapatyb\u0119. Man nor\u0117t\u0173si, kad m\u016bs\u0173 vie\u0161osiose erdv\u0117se ji b\u016bt\u0173 atspindima su daugiau pagarbos ir orumo\u201c, \u2013 ra\u0161\u0117 A. Manchester.<\/p>\n<p>     Instagram)&#8221; class=&#8221;articlePhoto&#8221;&gt;   <a href=\"https:\/\/www.tv3.lt\/Uploads\/UGallery\/photos\/0d\/56\/fb\/38\/0d56fb38203f5741c045f84fb96609bd.jpg\" data-fancybox=\"photos-embed\" data-caption=\"Astos Manchester \u012fra\u0161as (nuotr. Instagram)\" target=\"_self\" rel=\"nofollow noopener\"> <img decoding=\"async\" class=\"photo-inside-article\" align=\"center\" alt=\"Astos Manchester \u012fra\u0161as (nuotr. Instagram)\" title=\"Astos Manchester \u012fra\u0161as (nuotr. Instagram)\" src=\"https:\/\/www.europesays.com\/lt\/wp-content\/uploads\/2026\/09\/0d56fb38203f5741c045f84fb96609bd.jpg\" width=\"684\" height=\"654\" loading=\"lazy\" \/> <\/a>       <\/p>\n<p style=\"text-align:justify\">Primename, kad M. Gaubo skulpt\u016bra \u201eLietuvait\u0117\u201c eksponuojama prie Kai\u0161iadori\u0173 kult\u016bros centro.\u00a0<\/p>\n<p style=\"text-align:justify\">Pati \u012fstaiga socialiniuose tinkluose pasisak\u0117 apie kilusias diskusijas.\u00a0<\/p>\n<p style=\"text-align:justify\">\u201ePastarosiomis dienomis prie Kai\u0161iadori\u0173 kult\u016bros centro eksponuojama Martyno Gaubo skulpt\u016bra \u201eLietuvait\u0117\u201c sulauk\u0117 daug d\u0117mesio ir skirting\u0173 vertinim\u0173. J\u0105 aplankantys kai\u0161iadorie\u010diai ir miesto sve\u010diai rodo, kad gyvas susitikimas su k\u016briniu ir nuomoni\u0173 \u012fvairov\u0117 yra platesni nei vien komentarai socialiniuose tinkluose.<\/p>\n<p style=\"text-align:justify\">Prie kult\u016bros centro \u2013 nat\u016bralios kult\u016bros ir meno erdv\u0117s \u2013 k\u016brinys \u012fgyja kontekst\u0105, kuriame gali skatinti kalb\u0117tis, m\u0105styti ir kelti klausimus. \u017dinodami, kad \u0161i skulpt\u016bra gali sulaukti skirting\u0173 reakcij\u0173, rugpj\u016b\u010dio 19 d. festivalio \u201eARS MIX\u201c metu sureng\u0117me diskusij\u0105 \u201eLietuvait\u0117: kaip suprasti \u0161iuolaikin\u012f men\u0105?\u201c. Joje vyko pagarbus ir atviras dialogas tarp menotyrinink\u0117s Evelinos Janu\u0161kait\u0117s, autoriaus Martyno Gaubo, meno vadybininki\u0173 Elenos Prusakovos ir Gintar\u0117s Masteikait\u0117s, Kai\u0161iadori\u0173 muziejaus direktoriaus Olijardo Luko\u0161evi\u010diaus bei Kai\u0161iadori\u0173 kult\u016bros centro direktor\u0117s Linos Brazionien\u0117s.<\/p>\n<p style=\"text-align:justify\">2019 m. sukurtas k\u016brinys jau buvo eksponuotas \u012fvairiose <a href=\"https:\/\/www.tv3.lt\/rubrika\/naujienos\/lietuva\" target=\"_blank\" class=\"phrase\" rel=\"nofollow noopener\">Lietuvos<\/a> erdv\u0117se, o \u0161iuolaikinio meno dien\u0173 \u201eARS MIX\u201c metu atkeliavo ir \u012f Kai\u0161iadoris. \u0160iuolaikinis menas neprivalo visiems patikti ar atitikti klasikinio gro\u017eio sampratos \u2013 jis gali kelti klausimus, si\u016blyti kitok\u012f \u017evilgsn\u012f ir b\u016bti vertinamas labai skirtingai.<\/p>\n<p style=\"text-align:justify\">D\u0117kojame visiems, kurie savo nuomon\u0119 rei\u0161kia pagarbiai. \u0160iandien, rugpj\u016b\u010dio 22 d., \u2013 paskutin\u0117 ekspozicijos diena, tod\u0117l kvie\u010diame u\u017esukti, pamatyti k\u016brin\u012f gyvai ir susidaryti savo nuomon\u0119\u201c, \u2013 ra\u0161oma <a href=\"https:\/\/www.facebook.com\/story.php?story_fbid=1674177224716078&amp;id=100063714482883&amp;mibextid=wwXIfr&amp;rdid=pmdflc8L7y2PDTrH#\" target=\"_blank\" rel=\"nofollow noopener\">Kai\u0161iadori\u0173 kult\u016bros centro \u012fra\u0161e<\/a>.<\/p>\n<p>\n                                        \u0160altinis:<br \/>\n                                                                                    tv3.lt\n                                                                                <\/p>\n<p>Kvie\u010diame atrasti nauj\u0105 tv3.lt turin\u012f! Nuo \u0161iol portale j\u016bs\u0173 laukia ne tik <a href=\"https:\/\/www.tv3.lt\/testai\" rel=\"nofollow noopener\" target=\"_blank\">kasdien nauji testai<\/a>, bet ir <a href=\"https:\/\/www.tv3.lt\/kryziazodziai\" rel=\"nofollow noopener\" target=\"_blank\">kry\u017eia\u017eod\u017eiai <\/a>\u2013 i\u0161bandykite savo \u017einias, spr\u0119skite ir smagiai praleiskite laik\u0105. <\/p>\n","protected":false},"excerpt":{"rendered":"Pama\u010diusi, kad \u0161i skulpt\u016bra yra eksponuojama vie\u0161oje vietoje, A. Manchester atvirai i\u0161klojo, k\u0105 galvoja.\u00a0 Savo mintimis ji pasidalijo&hellip;\n","protected":false},"author":2,"featured_media":265974,"comment_status":"","ping_status":"","sticky":false,"template":"","format":"standard","meta":{"footnotes":"","_share_on_mastodon":"0"},"categories":[13],"tags":[38581,25,30,31,57,43,34,35,55,48,24,54,51,49,50,32,33,37,39,36,38,40,45,23,22,44,28,29,53,42,56,47,26,27,41,46,58,52],"class_list":["post-265973","post","type-post","status-publish","format-standard","has-post-thumbnail","category-lietuva","tag-2026-08-31-162500","tag-antrastes","tag-breaking-news","tag-breakingnews","tag-daiktai","tag-dienos-kronika","tag-featured-news","tag-featurednews","tag-gatves-tekstai","tag-gyvenimas","tag-headlines","tag-interneto-pievos","tag-keliones","tag-kultura","tag-laisvalaikis","tag-latest-news","tag-latestnews","tag-lietuva","tag-lietuviu","tag-lithuania","tag-lithuanian","tag-lt","tag-mokslas-ir-it","tag-naujienos","tag-news","tag-pasaulis","tag-populiariausios-naujienos","tag-populiariausiosnaujienos","tag-projektai","tag-rinktiniai-tekstai","tag-simtmecio-portalas","tag-sportas","tag-top-stories","tag-topstories","tag-tv3-lt","tag-verslas","tag-video","tag-zaidimai"],"share_on_mastodon":{"url":"","error":"Validation failed: Text character limit of 500 exceeded"},"_links":{"self":[{"href":"https:\/\/www.europesays.com\/lt\/wp-json\/wp\/v2\/posts\/265973","targetHints":{"allow":["GET"]}}],"collection":[{"href":"https:\/\/www.europesays.com\/lt\/wp-json\/wp\/v2\/posts"}],"about":[{"href":"https:\/\/www.europesays.com\/lt\/wp-json\/wp\/v2\/types\/post"}],"author":[{"embeddable":true,"href":"https:\/\/www.europesays.com\/lt\/wp-json\/wp\/v2\/users\/2"}],"replies":[{"embeddable":true,"href":"https:\/\/www.europesays.com\/lt\/wp-json\/wp\/v2\/comments?post=265973"}],"version-history":[{"count":0,"href":"https:\/\/www.europesays.com\/lt\/wp-json\/wp\/v2\/posts\/265973\/revisions"}],"wp:featuredmedia":[{"embeddable":true,"href":"https:\/\/www.europesays.com\/lt\/wp-json\/wp\/v2\/media\/265974"}],"wp:attachment":[{"href":"https:\/\/www.europesays.com\/lt\/wp-json\/wp\/v2\/media?parent=265973"}],"wp:term":[{"taxonomy":"category","embeddable":true,"href":"https:\/\/www.europesays.com\/lt\/wp-json\/wp\/v2\/categories?post=265973"},{"taxonomy":"post_tag","embeddable":true,"href":"https:\/\/www.europesays.com\/lt\/wp-json\/wp\/v2\/tags?post=265973"}],"curies":[{"name":"wp","href":"https:\/\/api.w.org\/{rel}","templated":true}]}}