{"id":265993,"date":"2026-09-01T03:51:15","date_gmt":"2026-09-01T03:51:15","guid":{"rendered":"https:\/\/www.europesays.com\/lt\/265993\/"},"modified":"2026-09-01T03:51:15","modified_gmt":"2026-09-01T03:51:15","slug":"lionelis-messi-baigia-karjera-nacionalineje-rinktineje","status":"publish","type":"post","link":"https:\/\/www.europesays.com\/lt\/265993\/","title":{"rendered":"Lionelis Messi baigia karjer\u0105 nacionalin\u0117je rinktin\u0117je"},"content":{"rendered":"<p>Argentinos rinktin\u0117je baig\u0117si viena i\u0161kiliausi\u0173 er\u0173 \u0161alies istorijoje: Lionelis Messi oficialiai baig\u0117 karjer\u0105 Argentinos rinktin\u0117je.<\/p>\n<p>\n39-eri\u0173 futbolininkas apie sprendim\u0105 prane\u0161\u0117 socialiniuose tinkluose, pra\u0117jus daugiau nei m\u0117nesiui po pasaulio \u010dempionato finalo, kuris tapo jo paskutiniu ma\u010du vilkint nacionalin\u0117s komandos mar\u0161kin\u0117lius.<\/p>\n<p>\n\u201ePo laiko, pra\u0117jusio nuo finalo, ir daug apie tai pagalvoj\u0119s, noriu visiems prane\u0161ti, kad baigiu karjer\u0105 rinktin\u0117je. Tai sprendimas, kuris skaud\u0117jo ir vis dar skauda giliai sieloje, ta\u010diau suprantu, kad at\u0117jo laikas\u201c, \u2013 ra\u0161\u0117 L. Messi.<\/p>\n<p>\nArgentinietis rinktin\u0117je praleido 21 metus. Jis su\u017eaid\u0117 207 rungtynes, peln\u0117 125 \u012fvar\u010dius ir tapo daugiausiai kart\u0173 \u0161alies garb\u0119 gynusiu bei rezultatyviausiu Argentinos istorijos futbolininku.<\/p>\n<p>\nL. Messi su Argentina i\u0161kovojo tris svarbiausius titulus \u2013 2021 ir 2024 met\u0173 \u201eCopa Am\u00e9rica\u201c turnyrus bei laim\u0117jo 2022 met\u0173 pasaulio \u010dempionat\u0105 Katare. Taip pat jis buvo rinktin\u0117s kapitonas 2026 met\u0173 pasaulio \u010dempionate, kuriame Argentina finale po prat\u0119simo 0:1 nusileido Ispanijai.<\/p>\n<p>\nPaskutin\u012f savo parei\u0161kim\u0105 L. Messi para\u0161\u0117 liepos 21 dien\u0105 \u2013 pra\u0117jus dviem dienoms po finalo. Vis d\u0117lto vie\u0161ai j\u012f paskelbti nusprend\u0117 tik dabar, o futbolininkas pabr\u0117\u017e\u0117, kad po t\u0117vo Jorge Messi mirties rugpj\u016bt\u012f jo sprendimas tapo dar tvirtesnis.<\/p>\n<p>Futbolininkas taip pat pasidalino ir emocingu vaizdo \u012fra\u0161u, kuris primin\u0117 jo laikotarp\u012f rinktin\u0117je.<\/p>\n<blockquote class=\"twitter-tweet\" data-media-max-width=\"560\">\n<p lang=\"es\" dir=\"ltr\" xml:lang=\"es\">GRACIAS PARA TODA LA VIDA \ud83d\udc99\ud83c\udde6\ud83c\uddf7<\/p>\n<p>El EMOTIVO video que subi\u00f3 Lionel Messi tras anunciar su retiro de la Selecci\u00f3n Argentina. <a href=\"https:\/\/t.co\/hvFgppoTXF\" rel=\"nofollow\">pic.twitter.com\/hvFgppoTXF<\/a><\/p>\n<p>\u2014 TyC Sports (@TyCSports) <a href=\"https:\/\/x.com\/TyCSports\/status\/2094445434164990249?ref_src=twsrc%5Etfw\" rel=\"nofollow\">August 31, 2026<\/a><\/p><\/blockquote>\n<p>\nNors L. Messi karjera tarptautiniame futbole yra baigta, ta\u010diau klubo futbolo jis kol kas nepalieka. Argentinietis ir toliau atstovaus Majamio \u201eInter\u201c ekipai, su kuria turi sutart\u012f iki 2028 met\u0173 MLS sezono pabaigos.<\/p>\n<p>\u00a0<\/p>\n<p>                                                    <script async src=\"https:\/\/platform.twitter.com\/widgets.js\" charset=\"utf-8\"><\/script><\/p>\n","protected":false},"excerpt":{"rendered":"Argentinos rinktin\u0117je baig\u0117si viena i\u0161kiliausi\u0173 er\u0173 \u0161alies istorijoje: Lionelis Messi oficialiai baig\u0117 karjer\u0105 Argentinos rinktin\u0117je. 39-eri\u0173 futbolininkas apie&hellip;\n","protected":false},"author":2,"featured_media":265994,"comment_status":"","ping_status":"","sticky":false,"template":"","format":"standard","meta":{"footnotes":"","_share_on_mastodon":"0"},"categories":[6],"tags":[25,30,31,57,43,34,35,55,48,24,54,51,49,50,32,33,37,39,36,38,40,45,23,22,44,28,29,53,42,56,47,112,26,27,46,58,52],"class_list":["post-265993","post","type-post","status-publish","format-standard","has-post-thumbnail","category-antrastes","tag-antrastes","tag-breaking-news","tag-breakingnews","tag-daiktai","tag-dienos-kronika","tag-featured-news","tag-featurednews","tag-gatves-tekstai","tag-gyvenimas","tag-headlines","tag-interneto-pievos","tag-keliones","tag-kultura","tag-laisvalaikis","tag-latest-news","tag-latestnews","tag-lietuva","tag-lietuviu","tag-lithuania","tag-lithuanian","tag-lt","tag-mokslas-ir-it","tag-naujienos","tag-news","tag-pasaulis","tag-populiariausios-naujienos","tag-populiariausiosnaujienos","tag-projektai","tag-rinktiniai-tekstai","tag-simtmecio-portalas","tag-sportas","tag-sportas-lt","tag-top-stories","tag-topstories","tag-verslas","tag-video","tag-zaidimai"],"share_on_mastodon":{"url":"","error":"Validation failed: Text character limit of 500 exceeded"},"_links":{"self":[{"href":"https:\/\/www.europesays.com\/lt\/wp-json\/wp\/v2\/posts\/265993","targetHints":{"allow":["GET"]}}],"collection":[{"href":"https:\/\/www.europesays.com\/lt\/wp-json\/wp\/v2\/posts"}],"about":[{"href":"https:\/\/www.europesays.com\/lt\/wp-json\/wp\/v2\/types\/post"}],"author":[{"embeddable":true,"href":"https:\/\/www.europesays.com\/lt\/wp-json\/wp\/v2\/users\/2"}],"replies":[{"embeddable":true,"href":"https:\/\/www.europesays.com\/lt\/wp-json\/wp\/v2\/comments?post=265993"}],"version-history":[{"count":0,"href":"https:\/\/www.europesays.com\/lt\/wp-json\/wp\/v2\/posts\/265993\/revisions"}],"wp:featuredmedia":[{"embeddable":true,"href":"https:\/\/www.europesays.com\/lt\/wp-json\/wp\/v2\/media\/265994"}],"wp:attachment":[{"href":"https:\/\/www.europesays.com\/lt\/wp-json\/wp\/v2\/media?parent=265993"}],"wp:term":[{"taxonomy":"category","embeddable":true,"href":"https:\/\/www.europesays.com\/lt\/wp-json\/wp\/v2\/categories?post=265993"},{"taxonomy":"post_tag","embeddable":true,"href":"https:\/\/www.europesays.com\/lt\/wp-json\/wp\/v2\/tags?post=265993"}],"curies":[{"name":"wp","href":"https:\/\/api.w.org\/{rel}","templated":true}]}}